{"id":8441,"date":"2026-02-02T08:12:29","date_gmt":"2026-02-02T11:12:29","guid":{"rendered":"https:\/\/noticiarioregional.com.br\/?p=8441"},"modified":"2026-02-02T08:12:30","modified_gmt":"2026-02-02T11:12:30","slug":"casa-familiar-rural-sao-domingos-mais-de-tres-decadas-cultivando-educacao-identidade-e-futuro-no-campo","status":"publish","type":"post","link":"https:\/\/noticiarioregional.com.br\/?p=8441","title":{"rendered":"Casa Familiar Rural S\u00e3o Domingos: mais de tr\u00eas d\u00e9cadas cultivando educa\u00e7\u00e3o, identidade e futuro no campo"},"content":{"rendered":"\n<p><strong>Caibi &#8211;<\/strong> Fundada a partir do ensejo coletivo de fortalecer o meio rural por meio da educa\u00e7\u00e3o, a Casa Familiar Rural (CFR) S\u00e3o Domingos constr\u00f3i, ao longo de mais de 30 anos, uma trajet\u00f3ria marcada pelo compromisso com a forma\u00e7\u00e3o integral de jovens agricultores, pela valoriza\u00e7\u00e3o dos saberes do campo e pelo desenvolvimento sustent\u00e1vel.<\/p>\n\n\n\n<p>A Pedagogia da Altern\u00e2ncia teve origem na Fran\u00e7a, em 1935, quando agricultores do Vale do Lot buscaram uma alternativa educacional que garantisse ensino de qualidade aos seus filhos sem romper os la\u00e7os com o campo. Nascia ali a Maison Familiale Rurale, modelo inovador baseado na metodologia da pedagogia da altern\u00e2ncia entre o tempo-escola, dedicado \u00e0 forma\u00e7\u00e3o te\u00f3rica, e o tempo-comunidade, voltado \u00e0 pr\u00e1tica na propriedade familiar.<\/p>\n\n\n\n<p>No Brasil, a metodologia chegou em 1969, inicialmente no Esp\u00edrito Santo, impulsionada por movimentos ligados \u00e0 Igreja Cat\u00f3lica e pelas Escolas Fam\u00edlias Agr\u00edcolas (EFAs). Com o passar dos anos, consolidou-se como uma ferramenta de educa\u00e7\u00e3o do campo, hoje reconhecida inclusive pela Lei de Diretrizes e Bases da Educa\u00e7\u00e3o Nacional (LDB).<\/p>\n\n\n\n<p>Em Santa Catarina, especialmente no Oeste do estado, a Pedagogia da Altern\u00e2ncia encontrou terreno prop\u00edcio para se desenvolver. A metodologia foi adotada como estrat\u00e9gia para valorizar o saber local, fortalecer a agricultura familiar e garantir a perman\u00eancia dos jovens no campo. Institui\u00e7\u00f5es como as Casas Familiares Rurais e as EFAs passaram a desempenhar papel fundamental na forma\u00e7\u00e3o de novas gera\u00e7\u00f5es, aliando educa\u00e7\u00e3o, trabalho e identidade rural.<\/p>\n\n\n\n<p>\u00c9 nesse contexto que surge a Casa Familiar Rural S\u00e3o Domingos de Caibi, fundada oficialmente em 17 de agosto de 1992, por iniciativa do ent\u00e3o prefeito Domingos M\u00e1rio Turcatto, do engenheiro agr\u00f4nomo Darci Lazzaretti e da extensionista Jane Gotardo. As atividades iniciaram-se em 23 de outubro de 1993, com a miss\u00e3o de oferecer uma educa\u00e7\u00e3o contextualizada, capaz de unir ensino t\u00e9cnico e viv\u00eancia rural. Sua primeira sede foi na linha Maracuj\u00e1, Caibi.<\/p>\n\n\n\n<figure class=\"wp-block-image size-large\"><img fetchpriority=\"high\" decoding=\"async\" width=\"1024\" height=\"652\" src=\"http:\/\/noticiarioregional.com.br\/wp-content\/uploads\/2026\/02\/Primeira-CFR-na-La.-Maracuja-scaled-e1770030597768-1024x652.jpg\" alt=\"\" class=\"wp-image-8444\" srcset=\"https:\/\/noticiarioregional.com.br\/wp-content\/uploads\/2026\/02\/Primeira-CFR-na-La.-Maracuja-scaled-e1770030597768-1024x652.jpg 1024w, https:\/\/noticiarioregional.com.br\/wp-content\/uploads\/2026\/02\/Primeira-CFR-na-La.-Maracuja-scaled-e1770030597768-300x191.jpg 300w, https:\/\/noticiarioregional.com.br\/wp-content\/uploads\/2026\/02\/Primeira-CFR-na-La.-Maracuja-scaled-e1770030597768-768x489.jpg 768w, https:\/\/noticiarioregional.com.br\/wp-content\/uploads\/2026\/02\/Primeira-CFR-na-La.-Maracuja-scaled-e1770030597768-1536x979.jpg 1536w, https:\/\/noticiarioregional.com.br\/wp-content\/uploads\/2026\/02\/Primeira-CFR-na-La.-Maracuja-scaled-e1770030597768-2048x1305.jpg 2048w, https:\/\/noticiarioregional.com.br\/wp-content\/uploads\/2026\/02\/Primeira-CFR-na-La.-Maracuja-scaled-e1770030597768-150x96.jpg 150w, https:\/\/noticiarioregional.com.br\/wp-content\/uploads\/2026\/02\/Primeira-CFR-na-La.-Maracuja-scaled-e1770030597768-450x287.jpg 450w, https:\/\/noticiarioregional.com.br\/wp-content\/uploads\/2026\/02\/Primeira-CFR-na-La.-Maracuja-scaled-e1770030597768-1200x764.jpg 1200w\" sizes=\"(max-width: 1024px) 100vw, 1024px\" \/><figcaption class=\"wp-element-caption\">Primeira CFR na La. Maracuj\u00e1 <\/figcaption><\/figure>\n\n\n\n<p>Desde sua cria\u00e7\u00e3o, a CFR adotou integralmente os princ\u00edpios da Pedagogia da Altern\u00e2ncia, estruturando-se sobre quatro pilares fundamentais: Forma\u00e7\u00e3o Integral dos Jovens, Desenvolvimento do Meio, Altern\u00e2ncia e Associa\u00e7\u00e3o Local. Mais do que uma escola, a institui\u00e7\u00e3o passou a ser reconhecida como uma verdadeira \u201csegunda fam\u00edlia\u201d para seus estudantes.<\/p>\n\n\n\n<p>Ao longo de sua trajet\u00f3ria, a Casa Familiar Rural de Caibi passou por diferentes etapas. Inicialmente, funcionava com a metodologia do CEJA, atendendo tr\u00eas turmas do Ensino Fundamental e duas do Ensino M\u00e9dio. Com o tempo, diante da escassez de alunos na faixa et\u00e1ria adequada, a institui\u00e7\u00e3o optou por concentrar suas a\u00e7\u00f5es no Ensino M\u00e9dio, avan\u00e7ando posteriormente para o Ensino M\u00e9dio com Qualifica\u00e7\u00e3o em Agricultura e, mais tarde, para o Ensino M\u00e9dio T\u00e9cnico em Agricultura. A partir de 2026, a CFR dar\u00e1 mais um passo importante com a oferta do Curso T\u00e9cnico em Agropecu\u00e1ria.<\/p>\n\n\n\n<p>At\u00e9 hoje, a institui\u00e7\u00e3o j\u00e1 formou 14 turmas do Ensino Fundamental, 9 turmas do Ensino M\u00e9dio e 7 turmas de cursos t\u00e9cnicos, sendo uma em Agropecu\u00e1ria e as demais em Agricultura. Em 2026, ser\u00e1 formada a oitava turma do Curso T\u00e9cnico em Agricultura, integrado ao Ensino M\u00e9dio, em parceria com a Secretaria de Estado da Educa\u00e7\u00e3o de Santa Catarina, Epagri e munic\u00edpio de Caibi, atende aproximadamente 60 alunos, distribu\u00eddos nos 1\u00ba, 2\u00ba e 3\u00ba ano.<\/p>\n\n\n\n<p>A Pedagogia da Altern\u00e2ncia aplicada na CFR S\u00e3o Domingos de Caibi utiliza instrumentos did\u00e1tico-pedag\u00f3gicos que articulam teoria e pr\u00e1tica, como o Plano de Estudo, o Caderno da Realidade, a Coloca\u00e7\u00e3o em Comum, as Visitas \u00e0s Fam\u00edlias, o Projeto Profissional do Jovem, entre outros. Essas ferramentas permitem que o estudante reflita sobre sua pr\u00f3pria realidade, aplique o conhecimento adquirido e construa um projeto de vida alinhado \u00e0s potencialidades do campo.<\/p>\n\n\n\n<p>Al\u00e9m das aulas te\u00f3ricas, a forma\u00e7\u00e3o \u00e9 enriquecida por aulas pr\u00e1ticas, visitas de estudo, dias de campo, palestras t\u00e9cnicas e est\u00e1gio curricular obrigat\u00f3rio, fortalecendo o v\u00ednculo entre escola, fam\u00edlia e comunidade.<\/p>\n\n\n\n<p>Os resultados deste trabalho s\u00e3o expressivos. Uma pesquisa realizada em 2017 revelou que 68,2% dos jovens egressos da CFR permanecem na agricultura, implantando em suas propriedades alternativas produtivas que garantem melhor qualidade de vida e sustentabilidade econ\u00f4mica. Os demais 31,8%, mesmo seguindo outros caminhos profissionais ou acad\u00eamicos, tamb\u00e9m obtiveram \u00eaxito, levando consigo a forma\u00e7\u00e3o cidad\u00e3 e os valores constru\u00eddos na institui\u00e7\u00e3o.<\/p>\n\n\n\n<p>Em uma regi\u00e3o caracterizada pela predomin\u00e2ncia da agricultura familiar, conforme dados da AMOSC, a CFR desempenha papel estrat\u00e9gico ao oferecer forma\u00e7\u00e3o t\u00e9cnica capaz de agregar valor \u00e0 produ\u00e7\u00e3o agropecu\u00e1ria, fortalecer a economia local e estimular a inova\u00e7\u00e3o no campo.<\/p>\n\n\n\n<figure class=\"wp-block-image size-large\"><img decoding=\"async\" width=\"1024\" height=\"665\" src=\"http:\/\/noticiarioregional.com.br\/wp-content\/uploads\/2026\/02\/Construcao-da-CFR-atual-scaled-e1770030722556-1024x665.jpg\" alt=\"\" class=\"wp-image-8443\" srcset=\"https:\/\/noticiarioregional.com.br\/wp-content\/uploads\/2026\/02\/Construcao-da-CFR-atual-scaled-e1770030722556-1024x665.jpg 1024w, https:\/\/noticiarioregional.com.br\/wp-content\/uploads\/2026\/02\/Construcao-da-CFR-atual-scaled-e1770030722556-300x195.jpg 300w, https:\/\/noticiarioregional.com.br\/wp-content\/uploads\/2026\/02\/Construcao-da-CFR-atual-scaled-e1770030722556-768x498.jpg 768w, https:\/\/noticiarioregional.com.br\/wp-content\/uploads\/2026\/02\/Construcao-da-CFR-atual-scaled-e1770030722556-1536x997.jpg 1536w, https:\/\/noticiarioregional.com.br\/wp-content\/uploads\/2026\/02\/Construcao-da-CFR-atual-scaled-e1770030722556-150x97.jpg 150w, https:\/\/noticiarioregional.com.br\/wp-content\/uploads\/2026\/02\/Construcao-da-CFR-atual-scaled-e1770030722556-450x292.jpg 450w, https:\/\/noticiarioregional.com.br\/wp-content\/uploads\/2026\/02\/Construcao-da-CFR-atual-scaled-e1770030722556-1200x779.jpg 1200w, https:\/\/noticiarioregional.com.br\/wp-content\/uploads\/2026\/02\/Construcao-da-CFR-atual-scaled-e1770030722556.jpg 1946w\" sizes=\"(max-width: 1024px) 100vw, 1024px\" \/><figcaption class=\"wp-element-caption\">Constru\u00e7\u00e3o da CFR atual<\/figcaption><\/figure>\n\n\n\n<p>A Casa Familiar Rural S\u00e3o Domingos de Caibi mant\u00e9m parcerias fundamentais com o Poder P\u00fablico Municipal de Caibie, em 2025 contou novamente com apoio do munic\u00edpio de Palmitos, por meio de termo de coopera\u00e7\u00e3o com a Prefeitura de Caibi e de Palmitos, al\u00e9m do apoio do Poder Legislativo, cooperativas, sindicatos, Epagri, entidades financeiras, agroind\u00fastrias, propriedades rurais e do Governo do Estado de Santa Catarina. Essas parcerias garantem recursos, apoio t\u00e9cnico e oportunidades de forma\u00e7\u00e3o pr\u00e1tica aos estudantes.<\/p>\n\n\n\n<p>Para a coordenadora pedag\u00f3gica Neiva Bar\u00e9a, a CFR de Caibi cumpre uma fun\u00e7\u00e3o social essencial. \u201c<em>Pensar em uma escola que contribua com a organiza\u00e7\u00e3o do campo, formando jovens com perspectivas reais de permanecer no meio e realizar a sucess\u00e3o familiar, prosseguir nos estudos e construir seu projeto de vida<\/em>\u201d.<\/p>\n\n\n\n<p>Com mais de tr\u00eas d\u00e9cadas de hist\u00f3ria, a Casa Familiar Rural S\u00e3o Domingos de Caibi segue cultivando conhecimento, fortalecendo identidades e transformando realidades. Uma escola de vida que prova, todos os dias, que investir na educa\u00e7\u00e3o do campo \u00e9 investir no futuro de toda a sociedade. Hoje o educand\u00e1rio fica localizado na Rodovia SC 283 Km 167, Linha S\u00e3o Domingos. Neiva ainda finaliza relatando que jovens que possuem interesse em estudar na CFR ainda h\u00e1 vagas dispon\u00edveis, as aulas est\u00e3o previstas para come\u00e7arem no dia 19 de fevereiro.<\/p>\n","protected":false},"excerpt":{"rendered":"<p>Caibi &#8211; Fundada a partir do ensejo coletivo de fortalecer o meio rural por meio da educa\u00e7\u00e3o, a Casa Familiar Rural (CFR) S\u00e3o Domingos constr\u00f3i, ao longo de mais de 30 anos, uma trajet\u00f3ria marcada pelo compromisso com a forma\u00e7\u00e3o integral de jovens agricultores, pela valoriza\u00e7\u00e3o dos saberes do campo e pelo desenvolvimento sustent\u00e1vel. A<\/p>\n","protected":false},"author":1,"featured_media":8442,"comment_status":"open","ping_status":"open","sticky":false,"template":"","format":"standard","meta":{"footnotes":""},"categories":[41],"tags":[],"class_list":{"0":"post-8441","1":"post","2":"type-post","3":"status-publish","4":"format-standard","5":"has-post-thumbnail","7":"category-noticias"},"_links":{"self":[{"href":"https:\/\/noticiarioregional.com.br\/index.php?rest_route=\/wp\/v2\/posts\/8441","targetHints":{"allow":["GET"]}}],"collection":[{"href":"https:\/\/noticiarioregional.com.br\/index.php?rest_route=\/wp\/v2\/posts"}],"about":[{"href":"https:\/\/noticiarioregional.com.br\/index.php?rest_route=\/wp\/v2\/types\/post"}],"author":[{"embeddable":true,"href":"https:\/\/noticiarioregional.com.br\/index.php?rest_route=\/wp\/v2\/users\/1"}],"replies":[{"embeddable":true,"href":"https:\/\/noticiarioregional.com.br\/index.php?rest_route=%2Fwp%2Fv2%2Fcomments&post=8441"}],"version-history":[{"count":1,"href":"https:\/\/noticiarioregional.com.br\/index.php?rest_route=\/wp\/v2\/posts\/8441\/revisions"}],"predecessor-version":[{"id":8445,"href":"https:\/\/noticiarioregional.com.br\/index.php?rest_route=\/wp\/v2\/posts\/8441\/revisions\/8445"}],"wp:featuredmedia":[{"embeddable":true,"href":"https:\/\/noticiarioregional.com.br\/index.php?rest_route=\/wp\/v2\/media\/8442"}],"wp:attachment":[{"href":"https:\/\/noticiarioregional.com.br\/index.php?rest_route=%2Fwp%2Fv2%2Fmedia&parent=8441"}],"wp:term":[{"taxonomy":"category","embeddable":true,"href":"https:\/\/noticiarioregional.com.br\/index.php?rest_route=%2Fwp%2Fv2%2Fcategories&post=8441"},{"taxonomy":"post_tag","embeddable":true,"href":"https:\/\/noticiarioregional.com.br\/index.php?rest_route=%2Fwp%2Fv2%2Ftags&post=8441"}],"curies":[{"name":"wp","href":"https:\/\/api.w.org\/{rel}","templated":true}]}}