{"id":8446,"date":"2026-02-02T08:15:32","date_gmt":"2026-02-02T11:15:32","guid":{"rendered":"https:\/\/noticiarioregional.com.br\/?p=8446"},"modified":"2026-02-02T08:15:33","modified_gmt":"2026-02-02T11:15:33","slug":"rede-municipal-prepara-recepcao-aos-alunos-com-formacao-dos-docentes-reforco-no-transporte-e-investimentos-em-infraestrutura","status":"publish","type":"post","link":"https:\/\/noticiarioregional.com.br\/?p=8446","title":{"rendered":"Rede Municipal prepara recep\u00e7\u00e3o aos alunos com forma\u00e7\u00e3o dos docentes, refor\u00e7o no transporte e investimentos em infraestrutura"},"content":{"rendered":"\n<p>A Rede Municipal de Ensino de Monda\u00ed inicia o ano letivo de 2026 de forma antecipada em rela\u00e7\u00e3o \u00e0 rede estadual, que come\u00e7a as aulas no dia 19 de fevereiro. No munic\u00edpio, os alunos retornam \u00e0s salas de aula j\u00e1 no dia 9, marcando o come\u00e7o de um per\u00edodo que promete ser de organiza\u00e7\u00e3o, acolhimento e avan\u00e7os na qualidade da educa\u00e7\u00e3o.<\/p>\n\n\n\n<p>Conforme o secret\u00e1rio municipal de Educa\u00e7\u00e3o, Julio Cesar Dotto, antes da chegada dos estudantes, a aten\u00e7\u00e3o estar\u00e1 voltada para os profissionais da educa\u00e7\u00e3o. O retorno dos professores acontece no dia 3, ap\u00f3s o feriado de Nossa Senhora dos Navegantes, celebrado no dia 2. Entre os dias 3 e 6, a Secretaria de Educa\u00e7\u00e3o promove uma semana intensa de atividades, que inclui palestras, capacita\u00e7\u00f5es, planejamento pedag\u00f3gico e dias de estudo.<\/p>\n\n\n\n<p>De acordo com Dotto, esse per\u00edodo ser\u00e1 fundamental para alinhar pr\u00e1ticas e integrar os novos docentes que passam a atuar na rede municipal, especialmente os contratados em car\u00e1ter tempor\u00e1rio (CTs). Parte das forma\u00e7\u00f5es ser\u00e1 voltada ao uso dos materiais do Sistema Aprende Brasil, com foco nos \u201cfilamentos\u201d pedag\u00f3gicos e no fortalecimento das metodologias de ensino.<\/p>\n\n\n\n<p>A estrutura de coordena\u00e7\u00e3o pedag\u00f3gica tamb\u00e9m passa por uma organiza\u00e7\u00e3o estrat\u00e9gica em 2026. A professora Claudete Costacurta assume a coordena\u00e7\u00e3o da Educa\u00e7\u00e3o Infantil ao 5\u00ba ano, enquanto a professora Adriana Miotto, ex-diretora da Gessy, at\u00e9 o final de 2026, ficar\u00e1 respons\u00e1vel pelo trabalho pedag\u00f3gico com as turmas do 6\u00ba ao 9\u00ba ano. Segundo o secret\u00e1rio, essa divis\u00e3o busca dar maior aten\u00e7\u00e3o \u00e0s especificidades de cada etapa de ensino, garantindo acompanhamento mais pr\u00f3ximo das equipes e dos processos pedag\u00f3gicos.<\/p>\n\n\n\n<p>O munic\u00edpio seguir\u00e1 com o modelo de tempo integral na Educa\u00e7\u00e3o Infantil, com foco especial nas turmas de Pr\u00e9. O atendimento integral permanece concentrado no Pr\u00e9 II, al\u00e9m das turmas de ber\u00e7\u00e1rio, maternal e Pr\u00e9 I.<\/p>\n\n\n\n<p>A organiza\u00e7\u00e3o da Educa\u00e7\u00e3o Infantil em 2026 contar\u00e1 com:<\/p>\n\n\n\n<ul class=\"wp-block-list\">\n<li>2 turmas de Pr\u00e9 II integral<\/li>\n\n\n\n<li>2 turmas de Pr\u00e9 I integral<\/li>\n\n\n\n<li>2 turmas de Maternal integral<\/li>\n\n\n\n<li>4 turmas de Ber\u00e7\u00e1rio integral<\/li>\n<\/ul>\n\n\n\n<p>Ao todo, ser\u00e3o 10 turmas de Educa\u00e7\u00e3o Infantil em tempo integral, atendendo crian\u00e7as desde os primeiros meses at\u00e9 a fase pr\u00e9-escolar, com estrutura e acompanhamento adequados ao desenvolvimento infantil. Os hor\u00e1rios permanecem os mesmos do ano anterior: das 7h30 \u00e0s 11h30 no turno da manh\u00e3 e das 13h30 \u00e0s 17h30 no per\u00edodo da tarde.<\/p>\n\n\n\n<p>O transporte escolar tamb\u00e9m receber\u00e1 refor\u00e7o importante em 2026. A frota municipal passa a contar com mais um \u00f4nibus novo, conquistado por meio de parceria com o Governo Federal e o Governo do Estado de Santa Catarina. Al\u00e9m disso, est\u00e1 prevista para mar\u00e7o a incorpora\u00e7\u00e3o de mais um ve\u00edculo, que ser\u00e1 buscado em Florian\u00f3polis e utilizado para renovar a frota existente. Com isso, a Secretaria de Educa\u00e7\u00e3o pretende ampliar a seguran\u00e7a e o conforto dos estudantes, especialmente os que residem em \u00e1reas mais afastadas da sede.<\/p>\n\n\n\n<p>Uma das principais mudan\u00e7as na log\u00edstica do transporte escolar envolve a regi\u00e3o de Taipa Baixa. Parte dos alunos que anteriormente se deslocava at\u00e9 a cidade passar\u00e1 a estudar na Escola Reunida de Taipa, o que, segundo o secret\u00e1rio, reduz custos e facilita o acesso. Atualmente, a escola de Taipa atende cerca de 70 alunos. Com o remanejamento, a expectativa \u00e9 de um aumento de aproximadamente 10 novos estudantes, levando o total para perto de 80 alunos.<\/p>\n\n\n\n<p>Essa reorganiza\u00e7\u00e3o tamb\u00e9m faz parte de um planejamento maior: a constru\u00e7\u00e3o de uma nova escola na comunidade. O munic\u00edpio j\u00e1 adquiriu um terreno amplo ao lado do gin\u00e1sio de esportes, onde ser\u00e1 erguido um pr\u00e9dio completamente novo. A previs\u00e3o \u00e9 que as obras tenham in\u00edcio at\u00e9 abril.<\/p>\n\n\n\n<p>Enquanto a nova unidade n\u00e3o fica pronta, os alunos continuar\u00e3o frequentando o pr\u00e9dio atual, que n\u00e3o receber\u00e1 novos investimentos estruturais, j\u00e1 que a proposta \u00e9 substituir totalmente a escola antiga por uma moderna e mais ampla.<\/p>\n\n\n\n<p>Na Escola da comunidade de Catres, o munic\u00edpio realizou reformas recentes e investiu na compra de novos equipamentos e mobili\u00e1rios. As salas de aula agora contam com m\u00f3veis novos em madeira, substituindo pe\u00e7as antigas que ainda eram de responsabilidade do Estado e que estavam em condi\u00e7\u00f5es deterioradas.<\/p>\n","protected":false},"excerpt":{"rendered":"<p>A Rede Municipal de Ensino de Monda\u00ed inicia o ano letivo de 2026 de forma antecipada em rela\u00e7\u00e3o \u00e0 rede estadual, que come\u00e7a as aulas no dia 19 de fevereiro. No munic\u00edpio, os alunos retornam \u00e0s salas de aula j\u00e1 no dia 9, marcando o come\u00e7o de um per\u00edodo que promete ser de organiza\u00e7\u00e3o, acolhimento<\/p>\n","protected":false},"author":1,"featured_media":8447,"comment_status":"open","ping_status":"open","sticky":false,"template":"","format":"standard","meta":{"footnotes":""},"categories":[41],"tags":[],"class_list":{"0":"post-8446","1":"post","2":"type-post","3":"status-publish","4":"format-standard","5":"has-post-thumbnail","7":"category-noticias"},"_links":{"self":[{"href":"https:\/\/noticiarioregional.com.br\/index.php?rest_route=\/wp\/v2\/posts\/8446","targetHints":{"allow":["GET"]}}],"collection":[{"href":"https:\/\/noticiarioregional.com.br\/index.php?rest_route=\/wp\/v2\/posts"}],"about":[{"href":"https:\/\/noticiarioregional.com.br\/index.php?rest_route=\/wp\/v2\/types\/post"}],"author":[{"embeddable":true,"href":"https:\/\/noticiarioregional.com.br\/index.php?rest_route=\/wp\/v2\/users\/1"}],"replies":[{"embeddable":true,"href":"https:\/\/noticiarioregional.com.br\/index.php?rest_route=%2Fwp%2Fv2%2Fcomments&post=8446"}],"version-history":[{"count":1,"href":"https:\/\/noticiarioregional.com.br\/index.php?rest_route=\/wp\/v2\/posts\/8446\/revisions"}],"predecessor-version":[{"id":8448,"href":"https:\/\/noticiarioregional.com.br\/index.php?rest_route=\/wp\/v2\/posts\/8446\/revisions\/8448"}],"wp:featuredmedia":[{"embeddable":true,"href":"https:\/\/noticiarioregional.com.br\/index.php?rest_route=\/wp\/v2\/media\/8447"}],"wp:attachment":[{"href":"https:\/\/noticiarioregional.com.br\/index.php?rest_route=%2Fwp%2Fv2%2Fmedia&parent=8446"}],"wp:term":[{"taxonomy":"category","embeddable":true,"href":"https:\/\/noticiarioregional.com.br\/index.php?rest_route=%2Fwp%2Fv2%2Fcategories&post=8446"},{"taxonomy":"post_tag","embeddable":true,"href":"https:\/\/noticiarioregional.com.br\/index.php?rest_route=%2Fwp%2Fv2%2Ftags&post=8446"}],"curies":[{"name":"wp","href":"https:\/\/api.w.org\/{rel}","templated":true}]}}