{"id":8449,"date":"2026-02-02T08:18:44","date_gmt":"2026-02-02T11:18:44","guid":{"rendered":"https:\/\/noticiarioregional.com.br\/?p=8449"},"modified":"2026-02-02T08:20:58","modified_gmt":"2026-02-02T11:20:58","slug":"rede-municipal-de-ensino-tem-reducao-no-quadro-de-vagas-acts-com-efetivacao-de-novos-profissionais","status":"publish","type":"post","link":"https:\/\/noticiarioregional.com.br\/?p=8449","title":{"rendered":"Rede Municipal de Ensino tem redu\u00e7\u00e3o no quadro de vagas ACTs com efetiva\u00e7\u00e3o de novos profissionais"},"content":{"rendered":"\n<p class=\"has-larger-font-size\"><em>Gest\u00e3o encaminha atividades para a retomada das aulas no dia 11 de fevereiro<\/em><\/p>\n\n\n\n<p><strong>Ipor\u00e3 do Oeste \u2013<\/strong> A secretaria de Educa\u00e7\u00e3o inicia o ano letivo de 2026 com mudan\u00e7as na equipe de gest\u00e3o da pasta. A professora Lori Dill, que esteve \u00e0 frente da secretaria de Educa\u00e7\u00e3o no primeiro ano da gest\u00e3o, deixa a fun\u00e7\u00e3o para retornar \u00e0 sala de aula do pr\u00e9-escolar Os Peixinhos, na educa\u00e7\u00e3o infantil onde \u00e9 efetiva. Com a sa\u00edda de Lori, at\u00e9 a defini\u00e7\u00e3o do novo gestor, a gest\u00e3o da secretaria est\u00e1 sendo realizada pelas Assessoras de Programas Educacionais, Denize Ferrari e Selmira Schwengber.<\/p>\n\n\n\n<p>Conforme as assessoras, ainda no final do ano passado ocorreu a escolha de vagas dos professores efetivos. Os novos profissionais convocados para efetiva\u00e7\u00e3o tomar\u00e3o posse no dia 04 de fevereiro, assumindo as vagas na rede municipal. Ser\u00e3o efetivados profissionais como: professores, assistentes de educa\u00e7\u00e3o, profissionais de apoio e servi\u00e7os gerais. J\u00e1 a escolha dos professores contratados em car\u00e1ter tempor\u00e1rio ocorreu na ter\u00e7a-feira, 27. Este ano, por conta da efetiva\u00e7\u00e3o de novos profissionais, o quadro de ACTs teve redu\u00e7\u00e3o. Nas escolas do EMEI Crian\u00e7a Feliz e CIEF tamb\u00e9m houve trocas nos cargos de Assessora de Programas Educacionais.<\/p>\n\n\n\n<p>No dia 28 de janeiro os profissionais da educa\u00e7\u00e3o retornaram as escolas, exceto os professores, que retomam as atividades no dia 05 de fevereiro. O per\u00edodo de forma\u00e7\u00e3o com os profissionais ser\u00e1 do dia 05 a 11 de fevereiro, quando tamb\u00e9m \u00e9 feita a organiza\u00e7\u00e3o das escolas, salas, planejamento e atividades para o in\u00edcio das aulas. Os alunos da rede municipal retornam no dia 11 de fevereiro. Na educa\u00e7\u00e3o infantil haver\u00e1 o per\u00edodo de adapta\u00e7\u00e3o, o que ser\u00e1 definido e comunicado aos pais.<\/p>\n\n\n\n<p>Em rela\u00e7\u00e3o a modalidade de ensino integral, Denize e Selmira explicam que no CIER de Linha Esperan\u00e7a no ano passado era contemplada somente a educa\u00e7\u00e3o infantil. Este ano o Ensino em Tempo Integral avan\u00e7a para o 1\u00ba ano do Ensino Fundamental, al\u00e9m do maternal III e pr\u00e9 I que formam uma turma, ter\u00e1 mais uma turma de pr\u00e9 II. Para as crian\u00e7as do maternal a frequ\u00eancia no per\u00edodo integral n\u00e3o \u00e9 obrigat\u00f3ria. J\u00e1 no CIEF o integral ser\u00e1 para as turmas de 1\u00ba e 2\u00ba ano do ensino fundamental, totalizando seis turmas.<\/p>\n\n\n\n<p>A novidade \u00e9 que a partir deste ano, na educa\u00e7\u00e3o infantil, as oficinas no per\u00edodo integral ser\u00e3o ministradas tamb\u00e9m pelo professor regente. No ensino fundamental permanece da forma como j\u00e1 vinha sendo realizado. As turmas ter\u00e3o o professor do ensino regular e al\u00e9m deste, tamb\u00e9m outros professores para as oficinas. No per\u00edodo integral os estudantes frequentam a escola no contraturno escolar durante tr\u00eas dias da semana, sendo que os dias ser\u00e3o definidos em reuni\u00e3o junto com os gestores.<\/p>\n\n\n\n<p>No transporte escolar, Selmira esclarece que no dia 07 de janeiro foi realizada a licita\u00e7\u00e3o para defini\u00e7\u00e3o das linhas, mas em tr\u00eas delas n\u00e3o houve interessados, sendo dois trajetos para a educa\u00e7\u00e3o infantil na cidade e um trajeto na Linha Esperan\u00e7a. Hoje, dia 30 de janeiro, ser\u00e1 realizada uma nova licita\u00e7\u00e3o, com ajuste nos valores para despertar maior interesse das empresas. A assessora tranquiliza as fam\u00edlias que todos os trechos ter\u00e3o transporte escolar gratuito, e at\u00e9 o in\u00edcio das aulas o servi\u00e7o estar\u00e1 funcionando. No total s\u00e3o 20 linhas, destas 16 terceirizadas e quatro feitas com ve\u00edculos do munic\u00edpio.<\/p>\n\n\n\n<p>Para 2026, as assessoras destacam que um dos maiores desafios ser\u00e1 a constru\u00e7\u00e3o de novos espa\u00e7os escolares para atender a demanda crescente de alunos. A nova pr\u00e9-escola j\u00e1 est\u00e1 na fase da prepara\u00e7\u00e3o do terreno e a nova creche est\u00e1 em fase de licita\u00e7\u00e3o. Est\u00e3o previstas ainda amplia\u00e7\u00f5es no CIER e CIEF, al\u00e9m de melhorias nos demais educand\u00e1rios. A rede municipal de ensino inicia o ano com mais de 1.070 alunos matriculados, considerando que nesta semana houve novo per\u00edodo de matr\u00edculas.<\/p>\n\n\n\n<p class=\"has-large-font-size\"><strong>In\u00edcio do ano letivo na regi\u00e3o<\/strong><\/p>\n\n\n\n<div class=\"wp-block-group\"><div class=\"wp-block-group__inner-container is-layout-constrained wp-block-group-is-layout-constrained\">\n<div class=\"wp-block-group has-light-green-cyan-background-color has-background\"><div class=\"wp-block-group__inner-container is-layout-constrained wp-block-group-is-layout-constrained\">\n<p>O retorno dos alunos as escolas varia em cada munic\u00edpio, conforme o planejamento de atividades de cada secretaria de Educa\u00e7\u00e3o.<\/p>\n\n\n\n<p>Em Ipor\u00e3 do Oeste as aulas da rede municipal de ensino iniciam dia 11 de fevereiro; Em Descanso no dia 18 de fevereiro;<\/p>\n\n\n\n<p>Em S\u00e3o Jo\u00e3o do Oeste, Belmonte e Tun\u00e1polis os alunos retornam para as escolas no dia 09 de fevereiro;<\/p>\n\n\n\n<p>Em Santa Helena as aulas iniciam no dia 11 de fevereiro.<\/p>\n\n\n\n<p>J\u00e1 as escolas da rede estadual de ensino iniciam as aulas do ano letivo de 2026 no dia 19 de fevereiro, ap\u00f3s o feriado de Carnaval.<\/p>\n<\/div><\/div>\n<\/div><\/div>\n\n\n\n<p><\/p>\n","protected":false},"excerpt":{"rendered":"<p>Gest\u00e3o encaminha atividades para a retomada das aulas no dia 11 de fevereiro Ipor\u00e3 do Oeste \u2013 A secretaria de Educa\u00e7\u00e3o inicia o ano letivo de 2026 com mudan\u00e7as na equipe de gest\u00e3o da pasta. A professora Lori Dill, que esteve \u00e0 frente da secretaria de Educa\u00e7\u00e3o no primeiro ano da gest\u00e3o, deixa a fun\u00e7\u00e3o<\/p>\n","protected":false},"author":1,"featured_media":8450,"comment_status":"open","ping_status":"open","sticky":false,"template":"","format":"standard","meta":{"footnotes":""},"categories":[41],"tags":[],"class_list":{"0":"post-8449","1":"post","2":"type-post","3":"status-publish","4":"format-standard","5":"has-post-thumbnail","7":"category-noticias"},"_links":{"self":[{"href":"https:\/\/noticiarioregional.com.br\/index.php?rest_route=\/wp\/v2\/posts\/8449","targetHints":{"allow":["GET"]}}],"collection":[{"href":"https:\/\/noticiarioregional.com.br\/index.php?rest_route=\/wp\/v2\/posts"}],"about":[{"href":"https:\/\/noticiarioregional.com.br\/index.php?rest_route=\/wp\/v2\/types\/post"}],"author":[{"embeddable":true,"href":"https:\/\/noticiarioregional.com.br\/index.php?rest_route=\/wp\/v2\/users\/1"}],"replies":[{"embeddable":true,"href":"https:\/\/noticiarioregional.com.br\/index.php?rest_route=%2Fwp%2Fv2%2Fcomments&post=8449"}],"version-history":[{"count":3,"href":"https:\/\/noticiarioregional.com.br\/index.php?rest_route=\/wp\/v2\/posts\/8449\/revisions"}],"predecessor-version":[{"id":8453,"href":"https:\/\/noticiarioregional.com.br\/index.php?rest_route=\/wp\/v2\/posts\/8449\/revisions\/8453"}],"wp:featuredmedia":[{"embeddable":true,"href":"https:\/\/noticiarioregional.com.br\/index.php?rest_route=\/wp\/v2\/media\/8450"}],"wp:attachment":[{"href":"https:\/\/noticiarioregional.com.br\/index.php?rest_route=%2Fwp%2Fv2%2Fmedia&parent=8449"}],"wp:term":[{"taxonomy":"category","embeddable":true,"href":"https:\/\/noticiarioregional.com.br\/index.php?rest_route=%2Fwp%2Fv2%2Fcategories&post=8449"},{"taxonomy":"post_tag","embeddable":true,"href":"https:\/\/noticiarioregional.com.br\/index.php?rest_route=%2Fwp%2Fv2%2Ftags&post=8449"}],"curies":[{"name":"wp","href":"https:\/\/api.w.org\/{rel}","templated":true}]}}