{"id":8454,"date":"2026-02-02T08:23:05","date_gmt":"2026-02-02T11:23:05","guid":{"rendered":"https:\/\/noticiarioregional.com.br\/?p=8454"},"modified":"2026-02-02T08:23:07","modified_gmt":"2026-02-02T11:23:07","slug":"piton-assume-executivo-e-destaca-investimentos-em-andamento-e-previstos-na-cidade-e-interior","status":"publish","type":"post","link":"https:\/\/noticiarioregional.com.br\/?p=8454","title":{"rendered":"Piton assume Executivo e destaca investimentos em andamento e previstos na cidade e interior"},"content":{"rendered":"\n<p><em>Obras de infraestrutura ter\u00e3o destaque no segundo ano da gest\u00e3o<\/em><\/p>\n\n\n\n<p><strong>Belmonte \u2013 <\/strong>O vice-prefeito Cleonir Piton assumiu no in\u00edcio desta semana o Executivo no per\u00edodo de 17 dias de f\u00e9rias do prefeito Jair Giumbelli. Como vice, Piton acompanha diretamente os setores de Obras e Agricultura, fazendo a coordena\u00e7\u00e3o juntamente com os secret\u00e1rios das pastas. Comenta que est\u00e1 sempre a disposi\u00e7\u00e3o tamb\u00e9m das demais secretarias, conforme a necessidade. Piton avalia que esta forma de trabalho \u00e9 importante para que sempre esteja inteirado de todos os servi\u00e7os, o que facilita a continuidade do planejamento nos momentos em que o prefeito precisa se ausentar.<\/p>\n\n\n\n<p>Em rela\u00e7\u00e3o aos servi\u00e7os, o prefeito em exerc\u00edcio ressalta que est\u00e1 em andamento a pavimenta\u00e7\u00e3o asf\u00e1ltica de um trecho de dois quil\u00f4metros em dire\u00e7\u00e3o a Linha Lajinha, dando continuidade ao trajeto j\u00e1 asfaltado. O investimento \u00e9 com recursos do estado, na ordem de R$ 2,8 milh\u00f5es, liberado ainda no ano passado. Pelo programa Estrada Boa Rural, tamb\u00e9m do estado, Piton cita que foi definido pelo asfaltamento de um trecho de 3.4 quil\u00f4metros em dire\u00e7\u00e3o a Linha Tabajara, cujo projeto j\u00e1 est\u00e1 pronto, e mais um trecho de 2.7 quil\u00f4metros em dire\u00e7\u00e3o a Linha Santo Isidoro, em que o projeto est\u00e1 em fase de execu\u00e7\u00e3o.<\/p>\n\n\n\n<p>O prefeito em exerc\u00edcio cita outro investimento em asfalto no centro da comunidade de Bela Uni\u00e3o, com emenda do deputado Mauro de Nadal, no valor de R$ 300 mil. A camada de asfalto ser\u00e1 colocada onde hoje h\u00e1 cal\u00e7amento. O munic\u00edpio aguarda a libera\u00e7\u00e3o do recurso para executar a obra atrav\u00e9s da usina de asfalto do CONDER.<\/p>\n\n\n\n<p>Na cidade, est\u00e1 prevista a pavimenta\u00e7\u00e3o de ruas em 10 a 12 quadras, com emenda do deputado Marcos Vieira. Entre estas ruas, Piton destaca que ser\u00e1 asfaltado um dos trechos que hoje \u00e9 conhecido pelos moradores como baixada. Ainda na infraestrutura o prefeito em exerc\u00edcio comenta que est\u00e3o sendo pavimentadas com pedras irregulares as duas \u00faltimas quadras da cidade que ainda eram de estrada de ch\u00e3o.<\/p>\n\n\n\n<p>Piton enfatiza que o munic\u00edpio est\u00e1 na expectativa de receber do governo do estado um caminh\u00e3o pipa, com previs\u00e3o de entrega at\u00e9 o m\u00eas de mar\u00e7o, al\u00e9m de um kit da Defesa Civil que contempla um carro, um drone, um notebook e uma televis\u00e3o. Ainda do estado, Belmonte foi contemplado com um rolo compactador e uma escavadeira hidr\u00e1ulica, m\u00e1quinas que devem ser entregues ainda no primeiro semestre.<\/p>\n\n\n\n<p>Para refor\u00e7ar a frota na secretaria de Sa\u00fade o prefeito em exerc\u00edcio enfatiza que foram adquiridos dois novos ve\u00edculos, e para a secretaria de Educa\u00e7\u00e3o est\u00e1 confirmada a vinda de um novo micro-\u00f4nibus. No setor da habita\u00e7\u00e3o, Piton destaca que j\u00e1 est\u00e3o sendo constru\u00eddas as 12 casas populares que o munic\u00edpio foi contemplado pelo programa Casa Catarina do estado, sendo que os crit\u00e9rios para definir as fam\u00edlias beneficiadas ainda ser\u00e3o divulgados.<\/p>\n\n\n\n<p>&nbsp;&nbsp;&nbsp;&nbsp;&nbsp;&nbsp;&nbsp;&nbsp;&nbsp;&nbsp;&nbsp; Com o objetivo de corrigir sal\u00e1rios que estavam com os valores defasados, Piton esclarece que foi realizada uma reforma administrativa em valoriza\u00e7\u00e3o aos servidores. A corre\u00e7\u00e3o de sal\u00e1rio e o reajuste anual j\u00e1 ser\u00e3o pagos a partir deste m\u00eas, com exce\u00e7\u00e3o dos profissionais da educa\u00e7\u00e3o e de enfermagem que j\u00e1 s\u00e3o contemplados com o piso nacional de suas categorias. Na equipe administrativa, a \u00fanica altera\u00e7\u00e3o ser\u00e1 na secretaria de Transportes e Obras, em que o novo secret\u00e1rio ser\u00e1 anunciado no in\u00edcio de fevereiro.<\/p>\n","protected":false},"excerpt":{"rendered":"<p>Obras de infraestrutura ter\u00e3o destaque no segundo ano da gest\u00e3o Belmonte \u2013 O vice-prefeito Cleonir Piton assumiu no in\u00edcio desta semana o Executivo no per\u00edodo de 17 dias de f\u00e9rias do prefeito Jair Giumbelli. Como vice, Piton acompanha diretamente os setores de Obras e Agricultura, fazendo a coordena\u00e7\u00e3o juntamente com os secret\u00e1rios das pastas. Comenta<\/p>\n","protected":false},"author":1,"featured_media":8455,"comment_status":"open","ping_status":"open","sticky":false,"template":"","format":"standard","meta":{"footnotes":""},"categories":[41],"tags":[],"class_list":{"0":"post-8454","1":"post","2":"type-post","3":"status-publish","4":"format-standard","5":"has-post-thumbnail","7":"category-noticias"},"_links":{"self":[{"href":"https:\/\/noticiarioregional.com.br\/index.php?rest_route=\/wp\/v2\/posts\/8454","targetHints":{"allow":["GET"]}}],"collection":[{"href":"https:\/\/noticiarioregional.com.br\/index.php?rest_route=\/wp\/v2\/posts"}],"about":[{"href":"https:\/\/noticiarioregional.com.br\/index.php?rest_route=\/wp\/v2\/types\/post"}],"author":[{"embeddable":true,"href":"https:\/\/noticiarioregional.com.br\/index.php?rest_route=\/wp\/v2\/users\/1"}],"replies":[{"embeddable":true,"href":"https:\/\/noticiarioregional.com.br\/index.php?rest_route=%2Fwp%2Fv2%2Fcomments&post=8454"}],"version-history":[{"count":1,"href":"https:\/\/noticiarioregional.com.br\/index.php?rest_route=\/wp\/v2\/posts\/8454\/revisions"}],"predecessor-version":[{"id":8456,"href":"https:\/\/noticiarioregional.com.br\/index.php?rest_route=\/wp\/v2\/posts\/8454\/revisions\/8456"}],"wp:featuredmedia":[{"embeddable":true,"href":"https:\/\/noticiarioregional.com.br\/index.php?rest_route=\/wp\/v2\/media\/8455"}],"wp:attachment":[{"href":"https:\/\/noticiarioregional.com.br\/index.php?rest_route=%2Fwp%2Fv2%2Fmedia&parent=8454"}],"wp:term":[{"taxonomy":"category","embeddable":true,"href":"https:\/\/noticiarioregional.com.br\/index.php?rest_route=%2Fwp%2Fv2%2Fcategories&post=8454"},{"taxonomy":"post_tag","embeddable":true,"href":"https:\/\/noticiarioregional.com.br\/index.php?rest_route=%2Fwp%2Fv2%2Ftags&post=8454"}],"curies":[{"name":"wp","href":"https:\/\/api.w.org\/{rel}","templated":true}]}}