{"id":8457,"date":"2026-02-02T08:38:27","date_gmt":"2026-02-02T11:38:27","guid":{"rendered":"https:\/\/noticiarioregional.com.br\/?p=8457"},"modified":"2026-02-02T08:38:29","modified_gmt":"2026-02-02T11:38:29","slug":"samuca-gaiteiro-encanta-publico-em-suas-apresentacoes","status":"publish","type":"post","link":"https:\/\/noticiarioregional.com.br\/?p=8457","title":{"rendered":"\u201cSamuca Gaiteiro\u201d encanta p\u00fablico em suas apresenta\u00e7\u00f5es"},"content":{"rendered":"\n<p class=\"has-larger-font-size\"><em>Menino de 12 anos toca gaita desde os seis anos de idade<\/em><\/p>\n\n\n\n<p><strong>Santa Helena \u2013 <\/strong>A paix\u00e3o pela m\u00fasica, e mais especificamente pela gaita, despertou em Samuel Formagini, hoje com 12 anos, quando ele tinha cerca de seis anos de idade. Uma das grandes influ\u00eancias foi o seu av\u00f4, Francisco Formagini, que apesar de gostar muito do instrumento desde que era crian\u00e7a, s\u00f3 conseguiu adquirir uma gaita quando j\u00e1 adulto.<\/p>\n\n\n\n<p>O sonho de tocar gaita passou do av\u00f4 para o neto. O pai de Samuel, Gelso, explica que um certo dia o filho lhe fez um pedido para que comprasse uma gaita. Esse pedido se repetiu por mais de uma vez, at\u00e9 Gelso se convencer de que Samuel realmente tinha interesse pela m\u00fasica. A primeira gaita foi comprada no com\u00e9rcio da cidade, um modelo mais simples, que deixou Samuel feliz e realizado. Por conta pr\u00f3pria, Samuel procurou as m\u00fasicas na internet e come\u00e7ou a tocar, e tamb\u00e9m passou a frequentar aulas de m\u00fasica.<\/p>\n\n\n\n<p>A medida que o filho aprendia as m\u00fasicas e manifestava interesse maior, os pais Gelso e Cl\u00e9ria perceberam que para que ele evolu\u00edsse melhor, era necess\u00e1rio investir em outra gaita. Com um instrumento melhor, Samuel evoluiu e come\u00e7ou a se apresentar em programas de r\u00e1dio. Essa evolu\u00e7\u00e3o foi resultado do empenho de Samuel, mas muito tamb\u00e9m pelo incentivo que sempre recebeu dos pais. Por orienta\u00e7\u00e3o do professor de m\u00fasica, pela terceira vez a fam\u00edlia investiu em uma nova gaita, novamente mais moderna e profissional para melhorar o desempenho.<\/p>\n\n\n\n<figure class=\"wp-block-image size-large\"><img fetchpriority=\"high\" decoding=\"async\" width=\"1024\" height=\"683\" src=\"https:\/\/noticiarioregional.com.br\/wp-content\/uploads\/2026\/02\/Samuel-com-os-pais-Gelso-e-Cleria-1024x683.jpg\" alt=\"\" class=\"wp-image-8459\" srcset=\"https:\/\/noticiarioregional.com.br\/wp-content\/uploads\/2026\/02\/Samuel-com-os-pais-Gelso-e-Cleria-1024x683.jpg 1024w, https:\/\/noticiarioregional.com.br\/wp-content\/uploads\/2026\/02\/Samuel-com-os-pais-Gelso-e-Cleria-300x200.jpg 300w, https:\/\/noticiarioregional.com.br\/wp-content\/uploads\/2026\/02\/Samuel-com-os-pais-Gelso-e-Cleria-768x512.jpg 768w, https:\/\/noticiarioregional.com.br\/wp-content\/uploads\/2026\/02\/Samuel-com-os-pais-Gelso-e-Cleria-1536x1024.jpg 1536w, https:\/\/noticiarioregional.com.br\/wp-content\/uploads\/2026\/02\/Samuel-com-os-pais-Gelso-e-Cleria-2048x1365.jpg 2048w, https:\/\/noticiarioregional.com.br\/wp-content\/uploads\/2026\/02\/Samuel-com-os-pais-Gelso-e-Cleria-150x100.jpg 150w, https:\/\/noticiarioregional.com.br\/wp-content\/uploads\/2026\/02\/Samuel-com-os-pais-Gelso-e-Cleria-450x300.jpg 450w, https:\/\/noticiarioregional.com.br\/wp-content\/uploads\/2026\/02\/Samuel-com-os-pais-Gelso-e-Cleria-1200x800.jpg 1200w\" sizes=\"(max-width: 1024px) 100vw, 1024px\" \/><figcaption class=\"wp-element-caption\"><strong><em>Samuel com os pais Gelso e Cl\u00e9ria<\/em><\/strong><\/figcaption><\/figure>\n\n\n\n<p>\u201cSamuca Gaiteiro\u201d, como \u00e9 conhecido, se apresenta com frequ\u00eancia em programas de r\u00e1dios e CTGs da regi\u00e3o, al\u00e9m das apresenta\u00e7\u00f5es na escola e eventos do munic\u00edpio. Apesar da pouca idade, j\u00e1 possui um amplo repert\u00f3rio, e sua prefer\u00eancia \u00e9 pelas m\u00fasicas do estilo gauchesco. Al\u00e9m de gaita, Samuel est\u00e1 aprendendo a tocar flauta, e possui tamb\u00e9m os instrumentos de viol\u00e3o, pandeiro e triangulo.<\/p>\n\n\n\n<p>Em 2023, durante a realiza\u00e7\u00e3o da Extenoleite, se apresentou o grupo Os Farrapos. Sendo f\u00e3 do grupo, Samuel pediu aos pais para que fossem assistir o show. Mesmo sendo uma noite chuvosa, o pedido dele foi atendido. Para a surpresa de todos, quando estavam pr\u00f3ximos ao palco, o vocalista se aproximou de Samuel e o convidou a cantar junto com ele. Samuel foi at\u00e9 o palco e cantou a m\u00fasica, impressionando os m\u00fasicos e a plateia que assistia. Dias depois ele at\u00e9 recebeu do grupo um len\u00e7o como recorda\u00e7\u00e3o. Ao longo dos anos, Samuel foi desenvolvendo tamb\u00e9m as habilidades do canto e de apresenta\u00e7\u00f5es em p\u00fablico. Por algumas vezes j\u00e1 foi convidado para apresenta\u00e7\u00f5es particulares, sempre supervisionadas pelos pais. Interessados em conhecer mais sobre seu talento podem conferir <ins>a rede socia<\/ins>l<ins> <\/ins>@samuel_formagini<ins>, ou fazer contato <\/ins>com o<ins>s pais pelo n\u00famero<\/ins>:<ins> (49) 99113-4170.<\/ins><\/p>\n\n\n\n<p><\/p>\n","protected":false},"excerpt":{"rendered":"<p>Menino de 12 anos toca gaita desde os seis anos de idade Santa Helena \u2013 A paix\u00e3o pela m\u00fasica, e mais especificamente pela gaita, despertou em Samuel Formagini, hoje com 12 anos, quando ele tinha cerca de seis anos de idade. Uma das grandes influ\u00eancias foi o seu av\u00f4, Francisco Formagini, que apesar de gostar<\/p>\n","protected":false},"author":1,"featured_media":8458,"comment_status":"open","ping_status":"open","sticky":false,"template":"","format":"standard","meta":{"footnotes":""},"categories":[41],"tags":[],"class_list":{"0":"post-8457","1":"post","2":"type-post","3":"status-publish","4":"format-standard","5":"has-post-thumbnail","7":"category-noticias"},"_links":{"self":[{"href":"https:\/\/noticiarioregional.com.br\/index.php?rest_route=\/wp\/v2\/posts\/8457","targetHints":{"allow":["GET"]}}],"collection":[{"href":"https:\/\/noticiarioregional.com.br\/index.php?rest_route=\/wp\/v2\/posts"}],"about":[{"href":"https:\/\/noticiarioregional.com.br\/index.php?rest_route=\/wp\/v2\/types\/post"}],"author":[{"embeddable":true,"href":"https:\/\/noticiarioregional.com.br\/index.php?rest_route=\/wp\/v2\/users\/1"}],"replies":[{"embeddable":true,"href":"https:\/\/noticiarioregional.com.br\/index.php?rest_route=%2Fwp%2Fv2%2Fcomments&post=8457"}],"version-history":[{"count":1,"href":"https:\/\/noticiarioregional.com.br\/index.php?rest_route=\/wp\/v2\/posts\/8457\/revisions"}],"predecessor-version":[{"id":8460,"href":"https:\/\/noticiarioregional.com.br\/index.php?rest_route=\/wp\/v2\/posts\/8457\/revisions\/8460"}],"wp:featuredmedia":[{"embeddable":true,"href":"https:\/\/noticiarioregional.com.br\/index.php?rest_route=\/wp\/v2\/media\/8458"}],"wp:attachment":[{"href":"https:\/\/noticiarioregional.com.br\/index.php?rest_route=%2Fwp%2Fv2%2Fmedia&parent=8457"}],"wp:term":[{"taxonomy":"category","embeddable":true,"href":"https:\/\/noticiarioregional.com.br\/index.php?rest_route=%2Fwp%2Fv2%2Fcategories&post=8457"},{"taxonomy":"post_tag","embeddable":true,"href":"https:\/\/noticiarioregional.com.br\/index.php?rest_route=%2Fwp%2Fv2%2Ftags&post=8457"}],"curies":[{"name":"wp","href":"https:\/\/api.w.org\/{rel}","templated":true}]}}