{"id":8465,"date":"2026-02-02T08:45:26","date_gmt":"2026-02-02T11:45:26","guid":{"rendered":"https:\/\/noticiarioregional.com.br\/?p=8465"},"modified":"2026-02-02T08:45:28","modified_gmt":"2026-02-02T11:45:28","slug":"professor-leandro-kist-recebe-nova-convocacao-para-a-comissao-tecnica-da-selecao-catarinense-de-handebol-feminina","status":"publish","type":"post","link":"https:\/\/noticiarioregional.com.br\/?p=8465","title":{"rendered":"Professor Leandro Kist recebe nova convoca\u00e7\u00e3o para a Comiss\u00e3o T\u00e9cnica da Sele\u00e7\u00e3o Catarinense de Handebol Feminina"},"content":{"rendered":"\n<p><strong>Ipor\u00e3 do Oeste \u2013 <\/strong>Em 2025 o professor de educa\u00e7\u00e3o f\u00edsica Leandro Kist, que atua tanto na rede estadual como na rede municipal de Ipor\u00e3 do Oeste, foi convocado para integrar a Comiss\u00e3o T\u00e9cnica da Sele\u00e7\u00e3o Catarinense de Handebol Infantil Feminina, sele\u00e7\u00e3o esta que participou do Campeonato Brasileiro de Sele\u00e7\u00f5es organizado pela CBHbl, Confedera\u00e7\u00e3o Brasileira de Handebol. Junto com os demais membros da comiss\u00e3o, Leandro teve a fun\u00e7\u00e3o de selecionar atletas de todo o estado, com idade at\u00e9 14 anos, para integrar a Sele\u00e7\u00e3o Catarinense, que disputou os jogos em agosto na cidade de Guarapuava, no Paran\u00e1.<\/p>\n\n\n\n<p>Ainda no final do m\u00eas de dezembro passado, Leandro recebeu um novo convite, desta vez para integrar a comiss\u00e3o da Sele\u00e7\u00e3o Catarinense de Handebol Feminina na categoria cadete, do sub 16, sendo uma categoria acima da infantil. A convoca\u00e7\u00e3o oficial da federa\u00e7\u00e3o para integrar a comiss\u00e3o foi divulgada no dia 14 de janeiro.<\/p>\n\n\n\n<p>Da mesma forma, Leandro explica a equipe ir\u00e1 selecionar as atletas que far\u00e3o parte da sele\u00e7\u00e3o de Santa Catarina, a partir de uma lista que cada membro da comiss\u00e3o ir\u00e1 apresentar. A primeira etapa de treinamentos e de sele\u00e7\u00e3o j\u00e1 est\u00e1 definida para os dias 13, 14 e 15 de mar\u00e7o. A partir desta primeira sele\u00e7\u00e3o, uma nova etapa ser\u00e1 definida para selecionar as atletas que ir\u00e3o compor a equipe catarinense. A data e local dos jogos do campeonato brasileiro de sele\u00e7\u00f5es ainda n\u00e3o foram divulgados.<\/p>\n\n\n\n<p>Leandro comenta que desta vez, com a convoca\u00e7\u00e3o sendo feita bem antes, tamb\u00e9m haver\u00e1 um tempo maior para o treinamento. No campeonato do ano passado, o professor cita que participaram nove sele\u00e7\u00f5es de v\u00e1rias regi\u00f5es do pa\u00eds, sendo que a catarinense conquistou o quinto lugar entre todas as equipes da categoria infantil, com jogos bastante disputados e poucos gols de diferen\u00e7a. Integrando agora uma categoria superior, a cadete do sub 16, Leandro afirma que aumenta a responsabilidade, pois \u00e9 uma equipe com atletas mais experientes e mais preparadas, e que j\u00e1 participam de outras competi\u00e7\u00f5es maiores.<\/p>\n\n\n\n<figure class=\"wp-block-gallery has-nested-images columns-default is-cropped wp-block-gallery-1 is-layout-flex wp-block-gallery-is-layout-flex\">\n<figure class=\"wp-block-image size-large is-style-default\"><img fetchpriority=\"high\" decoding=\"async\" width=\"1024\" height=\"768\" data-id=\"8467\" src=\"https:\/\/noticiarioregional.com.br\/wp-content\/uploads\/2026\/02\/Comissao-tecnica-do-ano-passado-1024x768.jpg\" alt=\"\" class=\"wp-image-8467\" srcset=\"https:\/\/noticiarioregional.com.br\/wp-content\/uploads\/2026\/02\/Comissao-tecnica-do-ano-passado-1024x768.jpg 1024w, https:\/\/noticiarioregional.com.br\/wp-content\/uploads\/2026\/02\/Comissao-tecnica-do-ano-passado-300x225.jpg 300w, https:\/\/noticiarioregional.com.br\/wp-content\/uploads\/2026\/02\/Comissao-tecnica-do-ano-passado-768x576.jpg 768w, https:\/\/noticiarioregional.com.br\/wp-content\/uploads\/2026\/02\/Comissao-tecnica-do-ano-passado-1536x1152.jpg 1536w, https:\/\/noticiarioregional.com.br\/wp-content\/uploads\/2026\/02\/Comissao-tecnica-do-ano-passado-2048x1536.jpg 2048w, https:\/\/noticiarioregional.com.br\/wp-content\/uploads\/2026\/02\/Comissao-tecnica-do-ano-passado-150x113.jpg 150w, https:\/\/noticiarioregional.com.br\/wp-content\/uploads\/2026\/02\/Comissao-tecnica-do-ano-passado-450x338.jpg 450w, https:\/\/noticiarioregional.com.br\/wp-content\/uploads\/2026\/02\/Comissao-tecnica-do-ano-passado-1200x900.jpg 1200w\" sizes=\"(max-width: 1024px) 100vw, 1024px\" \/><figcaption class=\"wp-element-caption\"><strong>Comiss\u00e3o t\u00e9cnica do ano passado<\/strong><\/figcaption><\/figure>\n<\/figure>\n\n\n\n<p><em>\u201cA primeira convoca\u00e7\u00e3o foi uma grande surpresa, mas uma experi\u00eancia muito positiva pelo que aprendi. \u00c9 uma forma de conhecer pessoas e abrir portas. A segunda convoca\u00e7\u00e3o tamb\u00e9m recebi como surpresa, mas muito feliz, o que \u00e9 resultado do trabalho realizado junto a comiss\u00e3o no ano passado\u201d, <\/em>ressalta o professor Leandro.<\/p>\n","protected":false},"excerpt":{"rendered":"<p>Ipor\u00e3 do Oeste \u2013 Em 2025 o professor de educa\u00e7\u00e3o f\u00edsica Leandro Kist, que atua tanto na rede estadual como na rede municipal de Ipor\u00e3 do Oeste, foi convocado para integrar a Comiss\u00e3o T\u00e9cnica da Sele\u00e7\u00e3o Catarinense de Handebol Infantil Feminina, sele\u00e7\u00e3o esta que participou do Campeonato Brasileiro de Sele\u00e7\u00f5es organizado pela CBHbl, Confedera\u00e7\u00e3o Brasileira<\/p>\n","protected":false},"author":1,"featured_media":8466,"comment_status":"open","ping_status":"open","sticky":false,"template":"","format":"standard","meta":{"footnotes":""},"categories":[41],"tags":[],"class_list":{"0":"post-8465","1":"post","2":"type-post","3":"status-publish","4":"format-standard","5":"has-post-thumbnail","7":"category-noticias"},"_links":{"self":[{"href":"https:\/\/noticiarioregional.com.br\/index.php?rest_route=\/wp\/v2\/posts\/8465","targetHints":{"allow":["GET"]}}],"collection":[{"href":"https:\/\/noticiarioregional.com.br\/index.php?rest_route=\/wp\/v2\/posts"}],"about":[{"href":"https:\/\/noticiarioregional.com.br\/index.php?rest_route=\/wp\/v2\/types\/post"}],"author":[{"embeddable":true,"href":"https:\/\/noticiarioregional.com.br\/index.php?rest_route=\/wp\/v2\/users\/1"}],"replies":[{"embeddable":true,"href":"https:\/\/noticiarioregional.com.br\/index.php?rest_route=%2Fwp%2Fv2%2Fcomments&post=8465"}],"version-history":[{"count":1,"href":"https:\/\/noticiarioregional.com.br\/index.php?rest_route=\/wp\/v2\/posts\/8465\/revisions"}],"predecessor-version":[{"id":8468,"href":"https:\/\/noticiarioregional.com.br\/index.php?rest_route=\/wp\/v2\/posts\/8465\/revisions\/8468"}],"wp:featuredmedia":[{"embeddable":true,"href":"https:\/\/noticiarioregional.com.br\/index.php?rest_route=\/wp\/v2\/media\/8466"}],"wp:attachment":[{"href":"https:\/\/noticiarioregional.com.br\/index.php?rest_route=%2Fwp%2Fv2%2Fmedia&parent=8465"}],"wp:term":[{"taxonomy":"category","embeddable":true,"href":"https:\/\/noticiarioregional.com.br\/index.php?rest_route=%2Fwp%2Fv2%2Fcategories&post=8465"},{"taxonomy":"post_tag","embeddable":true,"href":"https:\/\/noticiarioregional.com.br\/index.php?rest_route=%2Fwp%2Fv2%2Ftags&post=8465"}],"curies":[{"name":"wp","href":"https:\/\/api.w.org\/{rel}","templated":true}]}}