{"id":8469,"date":"2026-02-02T08:46:50","date_gmt":"2026-02-02T11:46:50","guid":{"rendered":"https:\/\/noticiarioregional.com.br\/?p=8469"},"modified":"2026-02-02T08:46:52","modified_gmt":"2026-02-02T11:46:52","slug":"audiencia-publica-para-esclarecimentos-sobre-a-desativacao-do-centro-educacional-e-beneficente-artur-deiss","status":"publish","type":"post","link":"https:\/\/noticiarioregional.com.br\/?p=8469","title":{"rendered":"Audi\u00eancia P\u00fablica para esclarecimentos sobre a desativa\u00e7\u00e3o do Centro Educacional e Beneficente Artur Deiss"},"content":{"rendered":"\n<p><strong>Monda\u00ed &#8211;<\/strong> O Centro Educacional e Beneficente Artur Deiss em conjunto com a Administra\u00e7\u00e3o Municipal ir\u00e3o realizar uma audi\u00eancia p\u00fablica, na pr\u00f3xima quarta-feira, 03, \u00e0s 19h, no Centro de Eventos de Monda\u00ed.&nbsp;<\/p>\n\n\n\n<p>Conforme a diretora do educand\u00e1rio, Lucia Alberti, a finalidade dessa audi\u00eancia p\u00fablica \u00e9 de prestar esclarecimentos para a comunidade mondaiense sobre a caminhada e trajet\u00f3ria do Centro Educacional e Beneficente Artur Deiss, sua situa\u00e7\u00e3o atual e, principalmente, sobre os pr\u00f3ximos passos que est\u00e3o sendo planejados para a institui\u00e7\u00e3o.<\/p>\n\n\n\n<p>Lucia detalha que o Centro Educacional e Beneficente Artur Deiss \u00e9 uma escola mantida pela comunidade desde 1962, durante esses sessenta e tr\u00eas anos de exist\u00eancia, j\u00e1 passou por muitas transforma\u00e7\u00f5es atendendo todas as modalidades de ensino, desde a educa\u00e7\u00e3o infantil at\u00e9 o ensino superior, este mantido em parcerias com universidades regionais. Explica que para que essa escola existisse foi necess\u00e1rio o esfor\u00e7o de muitos colaboradores volunt\u00e1rios, onde os terrenos foram doados e a estrutura f\u00edsica foi constru\u00edda com recursos recebidos de doa\u00e7\u00f5es da comunidade e de subven\u00e7\u00f5es sociais.<\/p>\n\n\n\n<p>Nesses 63 anos de atua\u00e7\u00e3o, a escola j\u00e1 passou por diversas denomina\u00e7\u00f5es, sendo que o seu maior tempo foi na rede CNEC, Campanha Nacional de Escolas da Comunidade. A partir de 2010, houve o desligamento da rede CNEC e a escola passou a atuar como Centro Educacional e Beneficente Artur Deiss, atendendo somente a educa\u00e7\u00e3o infantil.<\/p>\n\n\n\n<p>Em 2021, o Centro Educacional e Beneficente Artur Deiss, iniciou as tramita\u00e7\u00f5es da utiliza\u00e7\u00e3o do seu espa\u00e7o com atividades do munic\u00edpio, sendo a maior parte de sua estrutura utilizada pela secretaria municipal de Assist\u00eancia Social. Com a necessidade de inova\u00e7\u00e3o para a educa\u00e7\u00e3o infantil, a qual vem sendo mantida pelo centro, iniciou-se uma conversa\u00e7\u00e3o com o munic\u00edpio, ainda em outubro de 2025, para discutir alternativas que pudessem melhorar a qualidade do atendimento e da estrutura, e o munic\u00edpio mostrou interesse em melhorar toda a estrutura f\u00edsica do pr\u00e9dio, sendo necess\u00e1ria uma reforma completa. Por\u00e9m, para que isso se torne poss\u00edvel de forma segura, existe a necessidade da desativa\u00e7\u00e3o da educa\u00e7\u00e3o infantil.<\/p>\n\n\n\n<p>Lucia relata que em reuni\u00f5es com a diretoria da escola e a Administra\u00e7\u00e3o Municipal, e em comum acordo efetuam-se tratativas sobre a finaliza\u00e7\u00e3o das atividades da educa\u00e7\u00e3o infantil em dezembro de 2026, havendo um compromisso do munic\u00edpio em alocar todos os alunos e funcion\u00e1rios da escola. \u201c<em>Um dos prop\u00f3sitos dessa audi\u00eancia p\u00fablica \u00e9 justamente expor com transpar\u00eancia, para a popula\u00e7\u00e3o mondaiense a forma como acontecer\u00e1 essa transposi\u00e7\u00e3o da escola Centro de Educa\u00e7\u00e3o Infantil Artur Deiss para o ente Municipal de Monda\u00ed<\/em>\u201d, esclareceu.<\/p>\n\n\n\n<p>Destaca ainda que a justificativa para essa reforma \u00e9 proporcionar aos mun\u00edcipes de Monda\u00ed o acesso a uma escola tecnol\u00f3gica, moderna e com ensino de qualidade, atendendo \u00e0s necessidades atuais da educa\u00e7\u00e3o. Lucia para finalizar, convida a todos os cidad\u00e3os que j\u00e1 passaram ou que est\u00e3o com seus filhos matriculados no col\u00e9gio para que venham participar deste ato importante para a comunidade.<\/p>\n","protected":false},"excerpt":{"rendered":"<p>Monda\u00ed &#8211; O Centro Educacional e Beneficente Artur Deiss em conjunto com a Administra\u00e7\u00e3o Municipal ir\u00e3o realizar uma audi\u00eancia p\u00fablica, na pr\u00f3xima quarta-feira, 03, \u00e0s 19h, no Centro de Eventos de Monda\u00ed.&nbsp; Conforme a diretora do educand\u00e1rio, Lucia Alberti, a finalidade dessa audi\u00eancia p\u00fablica \u00e9 de prestar esclarecimentos para a comunidade mondaiense sobre a caminhada<\/p>\n","protected":false},"author":1,"featured_media":8470,"comment_status":"open","ping_status":"open","sticky":false,"template":"","format":"standard","meta":{"footnotes":""},"categories":[41],"tags":[],"class_list":{"0":"post-8469","1":"post","2":"type-post","3":"status-publish","4":"format-standard","5":"has-post-thumbnail","7":"category-noticias"},"_links":{"self":[{"href":"https:\/\/noticiarioregional.com.br\/index.php?rest_route=\/wp\/v2\/posts\/8469","targetHints":{"allow":["GET"]}}],"collection":[{"href":"https:\/\/noticiarioregional.com.br\/index.php?rest_route=\/wp\/v2\/posts"}],"about":[{"href":"https:\/\/noticiarioregional.com.br\/index.php?rest_route=\/wp\/v2\/types\/post"}],"author":[{"embeddable":true,"href":"https:\/\/noticiarioregional.com.br\/index.php?rest_route=\/wp\/v2\/users\/1"}],"replies":[{"embeddable":true,"href":"https:\/\/noticiarioregional.com.br\/index.php?rest_route=%2Fwp%2Fv2%2Fcomments&post=8469"}],"version-history":[{"count":1,"href":"https:\/\/noticiarioregional.com.br\/index.php?rest_route=\/wp\/v2\/posts\/8469\/revisions"}],"predecessor-version":[{"id":8471,"href":"https:\/\/noticiarioregional.com.br\/index.php?rest_route=\/wp\/v2\/posts\/8469\/revisions\/8471"}],"wp:featuredmedia":[{"embeddable":true,"href":"https:\/\/noticiarioregional.com.br\/index.php?rest_route=\/wp\/v2\/media\/8470"}],"wp:attachment":[{"href":"https:\/\/noticiarioregional.com.br\/index.php?rest_route=%2Fwp%2Fv2%2Fmedia&parent=8469"}],"wp:term":[{"taxonomy":"category","embeddable":true,"href":"https:\/\/noticiarioregional.com.br\/index.php?rest_route=%2Fwp%2Fv2%2Fcategories&post=8469"},{"taxonomy":"post_tag","embeddable":true,"href":"https:\/\/noticiarioregional.com.br\/index.php?rest_route=%2Fwp%2Fv2%2Ftags&post=8469"}],"curies":[{"name":"wp","href":"https:\/\/api.w.org\/{rel}","templated":true}]}}