{"id":8475,"date":"2026-02-02T08:52:43","date_gmt":"2026-02-02T11:52:43","guid":{"rendered":"https:\/\/noticiarioregional.com.br\/?p=8475"},"modified":"2026-02-02T08:52:44","modified_gmt":"2026-02-02T11:52:44","slug":"eleve-contabilidade-inaugura-nova-sede-e-celebra-ciclo-de-crescimento-e-inovacao","status":"publish","type":"post","link":"https:\/\/noticiarioregional.com.br\/?p=8475","title":{"rendered":"ELEVE Contabilidade inaugura nova sede e celebra ciclo de crescimento e inova\u00e7\u00e3o"},"content":{"rendered":"\n<p><strong>Monda\u00ed &#8211;<\/strong> Na tarde de segunda-feira, 26, a ELEVE Contabilidade realizou a inaugura\u00e7\u00e3o de sua nova sede, agora localizada na Rua Waldemar Ernesto Glufke, em frente ao F\u00f3rum. O evento reuniu autoridades municipais, clientes, parceiros e colaboradores, marcando um momento simb\u00f3lico de expans\u00e3o, consolida\u00e7\u00e3o institucional e reafirma\u00e7\u00e3o do compromisso da empresa com a excel\u00eancia nos servi\u00e7os cont\u00e1beis, fiscais e consultivos.<\/p>\n\n\n\n<p>A cerim\u00f4nia teve in\u00edcio com a forma\u00e7\u00e3o do dispositivo oficial, que contou com a presen\u00e7a dos s\u00f3cios da Eleve: a contadora Catiane da Silva Bock, o contador Francisco Higino Sch\u00e4fer J\u00fanior, a contadora Ivete Fulber Stiegelmayer e a administradora Tatiana Muller Kich. Tamb\u00e9m prestigiaram o ato o prefeito Elizandro Mainardi, e o presidente da C\u00e2mara de Vereadores, Roberto Bernardy.<\/p>\n\n\n\n<figure class=\"wp-block-image size-large is-style-rounded\"><img fetchpriority=\"high\" decoding=\"async\" width=\"683\" height=\"1024\" src=\"http:\/\/noticiarioregional.com.br\/wp-content\/uploads\/2026\/02\/Catiane-da-Silva-Bock-683x1024.jpg\" alt=\"\" class=\"wp-image-8476\" srcset=\"https:\/\/noticiarioregional.com.br\/wp-content\/uploads\/2026\/02\/Catiane-da-Silva-Bock-683x1024.jpg 683w, https:\/\/noticiarioregional.com.br\/wp-content\/uploads\/2026\/02\/Catiane-da-Silva-Bock-200x300.jpg 200w, https:\/\/noticiarioregional.com.br\/wp-content\/uploads\/2026\/02\/Catiane-da-Silva-Bock-768x1152.jpg 768w, https:\/\/noticiarioregional.com.br\/wp-content\/uploads\/2026\/02\/Catiane-da-Silva-Bock-1024x1536.jpg 1024w, https:\/\/noticiarioregional.com.br\/wp-content\/uploads\/2026\/02\/Catiane-da-Silva-Bock-1365x2048.jpg 1365w, https:\/\/noticiarioregional.com.br\/wp-content\/uploads\/2026\/02\/Catiane-da-Silva-Bock-150x225.jpg 150w, https:\/\/noticiarioregional.com.br\/wp-content\/uploads\/2026\/02\/Catiane-da-Silva-Bock-450x675.jpg 450w, https:\/\/noticiarioregional.com.br\/wp-content\/uploads\/2026\/02\/Catiane-da-Silva-Bock-1200x1800.jpg 1200w, https:\/\/noticiarioregional.com.br\/wp-content\/uploads\/2026\/02\/Catiane-da-Silva-Bock-scaled.jpg 1707w\" sizes=\"(max-width: 683px) 100vw, 683px\" \/><\/figure>\n\n\n\n<p>Graduada em Ci\u00eancias Cont\u00e1beis e p\u00f3s-graduada em Gest\u00e3o de Pessoas, com 26 anos de atua\u00e7\u00e3o na \u00e1rea, Catiane da Silva Bock <strong><em>(foto detalhe)<\/em><\/strong> \u00e9 respons\u00e1vel por definir a vis\u00e3o estrat\u00e9gica e as metas anuais da Eleve. Entre suas atribui\u00e7\u00f5es est\u00e3o a implementa\u00e7\u00e3o de indicadores de performance, a supervis\u00e3o dos planos de crescimento, a representa\u00e7\u00e3o institucional da marca e o fomento \u00e0 inova\u00e7\u00e3o e ao posicionamento de mercado.<\/p>\n\n\n\n<figure class=\"wp-block-image size-large is-style-rounded\"><img decoding=\"async\" width=\"683\" height=\"1024\" src=\"http:\/\/noticiarioregional.com.br\/wp-content\/uploads\/2026\/02\/Francisco-Higino-Schafer-Junior-683x1024.jpg\" alt=\"\" class=\"wp-image-8477\" srcset=\"https:\/\/noticiarioregional.com.br\/wp-content\/uploads\/2026\/02\/Francisco-Higino-Schafer-Junior-683x1024.jpg 683w, https:\/\/noticiarioregional.com.br\/wp-content\/uploads\/2026\/02\/Francisco-Higino-Schafer-Junior-200x300.jpg 200w, https:\/\/noticiarioregional.com.br\/wp-content\/uploads\/2026\/02\/Francisco-Higino-Schafer-Junior-768x1152.jpg 768w, https:\/\/noticiarioregional.com.br\/wp-content\/uploads\/2026\/02\/Francisco-Higino-Schafer-Junior-1024x1536.jpg 1024w, https:\/\/noticiarioregional.com.br\/wp-content\/uploads\/2026\/02\/Francisco-Higino-Schafer-Junior-1365x2048.jpg 1365w, https:\/\/noticiarioregional.com.br\/wp-content\/uploads\/2026\/02\/Francisco-Higino-Schafer-Junior-150x225.jpg 150w, https:\/\/noticiarioregional.com.br\/wp-content\/uploads\/2026\/02\/Francisco-Higino-Schafer-Junior-450x675.jpg 450w, https:\/\/noticiarioregional.com.br\/wp-content\/uploads\/2026\/02\/Francisco-Higino-Schafer-Junior-1200x1800.jpg 1200w, https:\/\/noticiarioregional.com.br\/wp-content\/uploads\/2026\/02\/Francisco-Higino-Schafer-Junior-scaled.jpg 1707w\" sizes=\"(max-width: 683px) 100vw, 683px\" \/><\/figure>\n\n\n\n<p>Com 20 anos de experi\u00eancia, Francisco Higino Sch\u00e4fer J\u00fanior <strong><em>(foto detalhe)<\/em><\/strong>, graduado em Ci\u00eancias Cont\u00e1beis e p\u00f3s-graduado em Controladoria, Gest\u00e3o de Projetos e Direito Tribut\u00e1rio, lidera as estrat\u00e9gias financeiras da empresa. Ele atua no desenvolvimento de solu\u00e7\u00f5es para recupera\u00e7\u00e3o de impostos, prospec\u00e7\u00e3o de novos contratos e automa\u00e7\u00e3o de processos cont\u00e1beis por meio da tecnologia da informa\u00e7\u00e3o, al\u00e9m da implanta\u00e7\u00e3o de sistemas de gest\u00e3o e business intelligence (BI) para integra\u00e7\u00e3o de dados.<\/p>\n\n\n\n<figure class=\"wp-block-image size-large is-style-rounded\"><img decoding=\"async\" width=\"683\" height=\"1024\" src=\"http:\/\/noticiarioregional.com.br\/wp-content\/uploads\/2026\/02\/Ivete-Fulber-Stiegelmayer-683x1024.jpg\" alt=\"\" class=\"wp-image-8479\" srcset=\"https:\/\/noticiarioregional.com.br\/wp-content\/uploads\/2026\/02\/Ivete-Fulber-Stiegelmayer-683x1024.jpg 683w, https:\/\/noticiarioregional.com.br\/wp-content\/uploads\/2026\/02\/Ivete-Fulber-Stiegelmayer-200x300.jpg 200w, https:\/\/noticiarioregional.com.br\/wp-content\/uploads\/2026\/02\/Ivete-Fulber-Stiegelmayer-768x1152.jpg 768w, https:\/\/noticiarioregional.com.br\/wp-content\/uploads\/2026\/02\/Ivete-Fulber-Stiegelmayer-1024x1536.jpg 1024w, https:\/\/noticiarioregional.com.br\/wp-content\/uploads\/2026\/02\/Ivete-Fulber-Stiegelmayer-1365x2048.jpg 1365w, https:\/\/noticiarioregional.com.br\/wp-content\/uploads\/2026\/02\/Ivete-Fulber-Stiegelmayer-150x225.jpg 150w, https:\/\/noticiarioregional.com.br\/wp-content\/uploads\/2026\/02\/Ivete-Fulber-Stiegelmayer-450x675.jpg 450w, https:\/\/noticiarioregional.com.br\/wp-content\/uploads\/2026\/02\/Ivete-Fulber-Stiegelmayer-1200x1800.jpg 1200w, https:\/\/noticiarioregional.com.br\/wp-content\/uploads\/2026\/02\/Ivete-Fulber-Stiegelmayer-scaled.jpg 1707w\" sizes=\"(max-width: 683px) 100vw, 683px\" \/><\/figure>\n\n\n\n<p>A contadora Ivete Fulber Stiegelmayer <strong><em>(foto detalhe)<\/em><\/strong>, graduada em Ci\u00eancias Cont\u00e1beis e p\u00f3s-graduada em Direito Tribut\u00e1rio, com 29 anos de atua\u00e7\u00e3o, responde pela excel\u00eancia t\u00e9cnica nos departamentos fiscal, cont\u00e1bil e tribut\u00e1rio. Sua gest\u00e3o assegura o cumprimento das obriga\u00e7\u00f5es mensais e fortalece o relacionamento consultivo com os clientes.<\/p>\n\n\n\n<figure class=\"wp-block-image size-large is-style-rounded\"><img loading=\"lazy\" decoding=\"async\" width=\"683\" height=\"1024\" src=\"http:\/\/noticiarioregional.com.br\/wp-content\/uploads\/2026\/02\/Tatiana-Muller-Kich-683x1024.jpg\" alt=\"\" class=\"wp-image-8480\" srcset=\"https:\/\/noticiarioregional.com.br\/wp-content\/uploads\/2026\/02\/Tatiana-Muller-Kich-683x1024.jpg 683w, https:\/\/noticiarioregional.com.br\/wp-content\/uploads\/2026\/02\/Tatiana-Muller-Kich-200x300.jpg 200w, https:\/\/noticiarioregional.com.br\/wp-content\/uploads\/2026\/02\/Tatiana-Muller-Kich-768x1152.jpg 768w, https:\/\/noticiarioregional.com.br\/wp-content\/uploads\/2026\/02\/Tatiana-Muller-Kich-1024x1536.jpg 1024w, https:\/\/noticiarioregional.com.br\/wp-content\/uploads\/2026\/02\/Tatiana-Muller-Kich-1365x2048.jpg 1365w, https:\/\/noticiarioregional.com.br\/wp-content\/uploads\/2026\/02\/Tatiana-Muller-Kich-150x225.jpg 150w, https:\/\/noticiarioregional.com.br\/wp-content\/uploads\/2026\/02\/Tatiana-Muller-Kich-450x675.jpg 450w, https:\/\/noticiarioregional.com.br\/wp-content\/uploads\/2026\/02\/Tatiana-Muller-Kich-1200x1800.jpg 1200w, https:\/\/noticiarioregional.com.br\/wp-content\/uploads\/2026\/02\/Tatiana-Muller-Kich-scaled.jpg 1707w\" sizes=\"(max-width: 683px) 100vw, 683px\" \/><\/figure>\n\n\n\n<p>J\u00e1 a administradora Tatiana Muller Kich <strong><em>(foto detalhe)<\/em><\/strong>, graduada em Administra\u00e7\u00e3o, p\u00f3s-graduada em Per\u00edcia Fiscal Cont\u00e1bil e com MBA em Holding, soma 23 anos de experi\u00eancia. Ela \u00e9 respons\u00e1vel pela gest\u00e3o dos processos administrativos internos, financeiros e paralegais, al\u00e9m do desenvolvimento de pol\u00edticas de gest\u00e3o de pessoas, treinamento, cultura organizacional e implementa\u00e7\u00e3o de fluxos de efici\u00eancia operacional.<\/p>\n\n\n\n<p>Durante as manifesta\u00e7\u00f5es oficiais, o prefeito Elizandro Mainardi destacou a import\u00e2ncia da Eleve para o desenvolvimento local. Ele elogiou a estrutura e o n\u00famero de colaboradores, ressaltando a qualidade dos servi\u00e7os prestados ao munic\u00edpio e \u00e0 comunidade empresarial.<\/p>\n\n\n\n<p>O presidente da C\u00e2mara de Vereadores, Roberto Bernardy, tamb\u00e9m parabenizou os s\u00f3cios e colaboradores pela conquista. Em sua fala, enfatizou o papel indispens\u00e1vel da contabilidade para empresas e para o agroneg\u00f3cio, especialmente diante dos desafios impostos por mudan\u00e7as na legisla\u00e7\u00e3o e no cen\u00e1rio econ\u00f4mico.<\/p>\n\n\n\n<p>Em nome dos s\u00f3cios, Tatiana Muller Kich relembrou a origem da Eleve, fundada em 2019, e destacou a evolu\u00e7\u00e3o da empresa ao longo dos anos. Segundo ela, a organiza\u00e7\u00e3o ampliou seu portf\u00f3lio para al\u00e9m da contabilidade tradicional, incorporando sistemas, consultorias, servi\u00e7os empresariais, coaching e recupera\u00e7\u00e3o de cr\u00e9ditos.<\/p>\n\n\n\n<p>Ao final, os s\u00f3cios agradeceram a presen\u00e7a de todos e refor\u00e7aram o prop\u00f3sito de fazer do novo espa\u00e7o um ambiente de confian\u00e7a, acolhimento e desenvolvimento, onde decis\u00f5es, parcerias e conquistas continuem a ser constru\u00eddas com transpar\u00eancia e excel\u00eancia.<\/p>\n","protected":false},"excerpt":{"rendered":"<p>Monda\u00ed &#8211; Na tarde de segunda-feira, 26, a ELEVE Contabilidade realizou a inaugura\u00e7\u00e3o de sua nova sede, agora localizada na Rua Waldemar Ernesto Glufke, em frente ao F\u00f3rum. O evento reuniu autoridades municipais, clientes, parceiros e colaboradores, marcando um momento simb\u00f3lico de expans\u00e3o, consolida\u00e7\u00e3o institucional e reafirma\u00e7\u00e3o do compromisso da empresa com a excel\u00eancia nos<\/p>\n","protected":false},"author":1,"featured_media":8478,"comment_status":"open","ping_status":"open","sticky":false,"template":"","format":"standard","meta":{"footnotes":""},"categories":[41],"tags":[],"class_list":{"0":"post-8475","1":"post","2":"type-post","3":"status-publish","4":"format-standard","5":"has-post-thumbnail","7":"category-noticias"},"_links":{"self":[{"href":"https:\/\/noticiarioregional.com.br\/index.php?rest_route=\/wp\/v2\/posts\/8475","targetHints":{"allow":["GET"]}}],"collection":[{"href":"https:\/\/noticiarioregional.com.br\/index.php?rest_route=\/wp\/v2\/posts"}],"about":[{"href":"https:\/\/noticiarioregional.com.br\/index.php?rest_route=\/wp\/v2\/types\/post"}],"author":[{"embeddable":true,"href":"https:\/\/noticiarioregional.com.br\/index.php?rest_route=\/wp\/v2\/users\/1"}],"replies":[{"embeddable":true,"href":"https:\/\/noticiarioregional.com.br\/index.php?rest_route=%2Fwp%2Fv2%2Fcomments&post=8475"}],"version-history":[{"count":1,"href":"https:\/\/noticiarioregional.com.br\/index.php?rest_route=\/wp\/v2\/posts\/8475\/revisions"}],"predecessor-version":[{"id":8482,"href":"https:\/\/noticiarioregional.com.br\/index.php?rest_route=\/wp\/v2\/posts\/8475\/revisions\/8482"}],"wp:featuredmedia":[{"embeddable":true,"href":"https:\/\/noticiarioregional.com.br\/index.php?rest_route=\/wp\/v2\/media\/8478"}],"wp:attachment":[{"href":"https:\/\/noticiarioregional.com.br\/index.php?rest_route=%2Fwp%2Fv2%2Fmedia&parent=8475"}],"wp:term":[{"taxonomy":"category","embeddable":true,"href":"https:\/\/noticiarioregional.com.br\/index.php?rest_route=%2Fwp%2Fv2%2Fcategories&post=8475"},{"taxonomy":"post_tag","embeddable":true,"href":"https:\/\/noticiarioregional.com.br\/index.php?rest_route=%2Fwp%2Fv2%2Ftags&post=8475"}],"curies":[{"name":"wp","href":"https:\/\/api.w.org\/{rel}","templated":true}]}}