{"id":8494,"date":"2026-02-02T09:10:19","date_gmt":"2026-02-02T12:10:19","guid":{"rendered":"https:\/\/noticiarioregional.com.br\/?p=8494"},"modified":"2026-02-02T09:10:22","modified_gmt":"2026-02-02T12:10:22","slug":"casa-familiar-rural-possui-vagas-para-turmas-do-1o-ano","status":"publish","type":"post","link":"https:\/\/noticiarioregional.com.br\/?p=8494","title":{"rendered":"Casa Familiar Rural possui vagas para turmas do 1\u00ba ano"},"content":{"rendered":"\n<p class=\"has-larger-font-size\"><em>Interessados podem procurar a escola at\u00e9 o in\u00edcio de mar\u00e7o<\/em><\/p>\n\n\n\n<p><strong>Ipor\u00e3 do Oeste \u2013<\/strong> A Casa Familiar Rural Esperan\u00e7a j\u00e1 iniciou a organiza\u00e7\u00e3o do ano letivo com a retomada dos trabalhos pela equipe de gest\u00e3o, composta pelo diretor Felipe Guth Follmann e a professora Ivana Melz. A escola trabalha no sistema da pedagogia da altern\u00e2ncia, em que uma semana os alunos frequentam a escola e na semana seguinte permanecem com a fam\u00edlia, no chamado tempo casa, aplicando os conhecimentos na propriedade.<\/p>\n\n\n\n<p>O retorno dos alunos ser\u00e1 feito de forma intercalada. A turma do 3\u00ba ano, que este ano conclui o curso, retorna \u00e0 escola na semana do dia 19 de fevereiro, e a do 2\u00ba ano no dia 02 de mar\u00e7o. J\u00e1 os que ingressam no 1\u00ba ano iniciam com as aulas no dia 09 de mar\u00e7o, e at\u00e9 este dia, alunos interessados, que conclu\u00edram o 9\u00ba ano do ensino fundamental, podem realizar a matr\u00edcula. A CFR atende estudantes dos munic\u00edpios de Ipor\u00e3 do Oeste, Itapiranga, S\u00e3o Jo\u00e3o do Oeste, Belmonte, Santa Helena, Tun\u00e1polis, Descanso e Monda\u00ed.<\/p>\n\n\n\n<p>O diretor enfatiza que o objetivo \u00e9 formar este ano duas turmas de 1\u00ba ano, e para isso, a CFR est\u00e1 refor\u00e7ando a divulga\u00e7\u00e3o, tanto nos munic\u00edpios onde j\u00e1 h\u00e1 alunos matriculados, como nos locais onde houver interessados em frequentar o curso t\u00e9cnico, com forma\u00e7\u00e3o no ensino m\u00e9dio. Felipe lembra que como forma de unificar a nomenclatura do curso em todas as Casas Familiares Rurais do Estado, houve uma mudan\u00e7a na denomina\u00e7\u00e3o de curso t\u00e9cnico de agricultura, para curso t\u00e9cnico de agropecu\u00e1ria. Por conta desta altera\u00e7\u00e3o, a professora Ivana explica que foram definidas tamb\u00e9m mudan\u00e7as na grade curricular, com a introdu\u00e7\u00e3o de novas disciplinas, como horticultura, zootecnia, laborat\u00f3rios agropecu\u00e1rios, ind\u00fastrias rurais e bot\u00e2nica agr\u00edcola.<\/p>\n","protected":false},"excerpt":{"rendered":"<p>Interessados podem procurar a escola at\u00e9 o in\u00edcio de mar\u00e7o Ipor\u00e3 do Oeste \u2013 A Casa Familiar Rural Esperan\u00e7a j\u00e1 iniciou a organiza\u00e7\u00e3o do ano letivo com a retomada dos trabalhos pela equipe de gest\u00e3o, composta pelo diretor Felipe Guth Follmann e a professora Ivana Melz. A escola trabalha no sistema da pedagogia da altern\u00e2ncia,<\/p>\n","protected":false},"author":1,"featured_media":8495,"comment_status":"open","ping_status":"open","sticky":false,"template":"","format":"standard","meta":{"footnotes":""},"categories":[41],"tags":[],"class_list":{"0":"post-8494","1":"post","2":"type-post","3":"status-publish","4":"format-standard","5":"has-post-thumbnail","7":"category-noticias"},"_links":{"self":[{"href":"https:\/\/noticiarioregional.com.br\/index.php?rest_route=\/wp\/v2\/posts\/8494","targetHints":{"allow":["GET"]}}],"collection":[{"href":"https:\/\/noticiarioregional.com.br\/index.php?rest_route=\/wp\/v2\/posts"}],"about":[{"href":"https:\/\/noticiarioregional.com.br\/index.php?rest_route=\/wp\/v2\/types\/post"}],"author":[{"embeddable":true,"href":"https:\/\/noticiarioregional.com.br\/index.php?rest_route=\/wp\/v2\/users\/1"}],"replies":[{"embeddable":true,"href":"https:\/\/noticiarioregional.com.br\/index.php?rest_route=%2Fwp%2Fv2%2Fcomments&post=8494"}],"version-history":[{"count":1,"href":"https:\/\/noticiarioregional.com.br\/index.php?rest_route=\/wp\/v2\/posts\/8494\/revisions"}],"predecessor-version":[{"id":8496,"href":"https:\/\/noticiarioregional.com.br\/index.php?rest_route=\/wp\/v2\/posts\/8494\/revisions\/8496"}],"wp:featuredmedia":[{"embeddable":true,"href":"https:\/\/noticiarioregional.com.br\/index.php?rest_route=\/wp\/v2\/media\/8495"}],"wp:attachment":[{"href":"https:\/\/noticiarioregional.com.br\/index.php?rest_route=%2Fwp%2Fv2%2Fmedia&parent=8494"}],"wp:term":[{"taxonomy":"category","embeddable":true,"href":"https:\/\/noticiarioregional.com.br\/index.php?rest_route=%2Fwp%2Fv2%2Fcategories&post=8494"},{"taxonomy":"post_tag","embeddable":true,"href":"https:\/\/noticiarioregional.com.br\/index.php?rest_route=%2Fwp%2Fv2%2Ftags&post=8494"}],"curies":[{"name":"wp","href":"https:\/\/api.w.org\/{rel}","templated":true}]}}