{"id":8497,"date":"2026-02-02T09:13:38","date_gmt":"2026-02-02T12:13:38","guid":{"rendered":"https:\/\/noticiarioregional.com.br\/?p=8497"},"modified":"2026-02-02T09:13:40","modified_gmt":"2026-02-02T12:13:40","slug":"sono-ruim-estresse-e-isolamento-estao-entre-os-piores-habitos-para-a-saude-mental","status":"publish","type":"post","link":"https:\/\/noticiarioregional.com.br\/?p=8497","title":{"rendered":"Sono ruim, estresse e isolamento est\u00e3o entre os piores h\u00e1bitos para a sa\u00fade mental"},"content":{"rendered":"\n<p class=\"has-larger-font-size\"><em>Psic\u00f3logo elenca fatores de risco para a sa\u00fade e qualidade de vida<\/em><\/p>\n\n\n\n<p><strong>S\u00e3o Jo\u00e3o do Oeste \u2013<\/strong> Alusivo a campanha Janeiro Branco, que estimula \u00e0 reflex\u00e3o sobre o cuidado com o bem-estar psicol\u00f3gico e emocional, a secretaria de Sa\u00fade e o hospital\/ Instituto Sant\u00e9 promoveram na tarde da quarta-feira, 21, uma palestra com o psic\u00f3logo Abel Petter, abordando principalmente os fatores de risco e prote\u00e7\u00e3o \u00e0 sa\u00fade mental. O evento, realizado na C\u00e2mara de Vereadores, teve ampla participa\u00e7\u00e3o dos mun\u00edcipes.<\/p>\n\n\n\n<p>A campanha foi criada em 2014 e reconhecida oficialmente em 2023, pela Lei Federal 14.556, e chama a aten\u00e7\u00e3o para as quest\u00f5es relacionadas \u00e0 sa\u00fade mental criando espa\u00e7os de di\u00e1logo sobre o tema. A escolha pelo primeiro m\u00eas do ano \u00e9 porque janeiro est\u00e1 associado a recome\u00e7os, reflex\u00f5es e novos projetos e, como uma \u201cfolha em branco\u201d, leva as pessoas a reescreverem suas hist\u00f3rias e priorizarem a sa\u00fade mental.<\/p>\n\n\n\n<p>Em sua fala, o psic\u00f3logo apresentou ao p\u00fablico os sete piores h\u00e1bitos para a sa\u00fade mental, elencados com base em uma pesquisa mundial. Citou que estes fatores v\u00eam se modificando ao longo dos anos, a exemplo do uso excessivo de telas, que aparece cada vez mais perto do topo da lista. Isso porque uma exposi\u00e7\u00e3o de 2h de celular j\u00e1 \u00e9 considerada prejudicial, sendo que a m\u00e9dia do Brasil \u00e9 9h di\u00e1rias.<\/p>\n\n\n\n<p>Na lista de piores h\u00e1bitos para a sa\u00fade mental, conforme a ordem divulgada pela pesquisa aparecem: em 7\u00ba lugar &#8211; uso de subst\u00e2ncias (medicamentos,&nbsp; drogas); 6\u00ba &#8211; pornografia (traz preju\u00edzos familiares, sociais e gera ambiente de conflito); 5\u00ba &#8211; excesso de tela (causa depend\u00eancia e&nbsp; depress\u00e3o); 4\u00ba &#8211; pensamentos negativos; 3\u00ba &#8211; isolamento (quando a pessoa escolhe se isolar da sociedade, n\u00e3o tem ou evita contato com outras pessoas); 2\u00ba &#8211; estresse cr\u00f4nico (a pessoa vive irritada, estressada) e o 1\u00ba lugar \u00e9 o sono ruim. Abel comenta que ao contr\u00e1rio destes h\u00e1bitos ruins, s\u00e3o todos fatores de preven\u00e7\u00e3o para uma sa\u00fade mental de qualidade.<\/p>\n\n\n\n<p>O psic\u00f3logo enfatizou que \u00e9 preciso perceber, em si mesmo e nos outros, h\u00e1bitos que n\u00e3o s\u00e3o normais e que podem causar preju\u00edzo a sa\u00fade. Como exemplo, cita quando a pessoa realizava uma atividade que a deixava feliz, mas agora isso n\u00e3o lhe importa mais, e ao inv\u00e9s de prazer, gera tristeza. Abel refor\u00e7ou tamb\u00e9m a import\u00e2ncia de oferecer ajuda a algu\u00e9m que esteja precisando, pois, as pessoas n\u00e3o t\u00eam mais tempo para ouvir, e esse gesto simples de conversar pode contribuir para salvar vidas. Voltado aos atendimentos de sa\u00fade mental, a secret\u00e1ria de Sa\u00fade, Cleide Wirth, destacou que a secretaria possui uma lista de cerca de 180 pessoas aguardando por atendimento psicol\u00f3gico, alguns desde o final de 2023. Para agilizar este atendimento, citou que est\u00e3o sendo definidas a\u00e7\u00f5es espec\u00edficas, envolvendo o paciente e a fam\u00edlia como um todo.<\/p>\n\n\n\n<figure class=\"wp-block-image size-large\"><img fetchpriority=\"high\" decoding=\"async\" width=\"1024\" height=\"683\" src=\"https:\/\/noticiarioregional.com.br\/wp-content\/uploads\/2026\/02\/Publico-compareceu-em-grande-numero-para-assistir-a-palestra-2-1024x683.jpg\" alt=\"\" class=\"wp-image-8501\" srcset=\"https:\/\/noticiarioregional.com.br\/wp-content\/uploads\/2026\/02\/Publico-compareceu-em-grande-numero-para-assistir-a-palestra-2-1024x683.jpg 1024w, https:\/\/noticiarioregional.com.br\/wp-content\/uploads\/2026\/02\/Publico-compareceu-em-grande-numero-para-assistir-a-palestra-2-300x200.jpg 300w, https:\/\/noticiarioregional.com.br\/wp-content\/uploads\/2026\/02\/Publico-compareceu-em-grande-numero-para-assistir-a-palestra-2-768x512.jpg 768w, https:\/\/noticiarioregional.com.br\/wp-content\/uploads\/2026\/02\/Publico-compareceu-em-grande-numero-para-assistir-a-palestra-2-1536x1024.jpg 1536w, https:\/\/noticiarioregional.com.br\/wp-content\/uploads\/2026\/02\/Publico-compareceu-em-grande-numero-para-assistir-a-palestra-2-2048x1365.jpg 2048w, https:\/\/noticiarioregional.com.br\/wp-content\/uploads\/2026\/02\/Publico-compareceu-em-grande-numero-para-assistir-a-palestra-2-150x100.jpg 150w, https:\/\/noticiarioregional.com.br\/wp-content\/uploads\/2026\/02\/Publico-compareceu-em-grande-numero-para-assistir-a-palestra-2-450x300.jpg 450w, https:\/\/noticiarioregional.com.br\/wp-content\/uploads\/2026\/02\/Publico-compareceu-em-grande-numero-para-assistir-a-palestra-2-1200x800.jpg 1200w\" sizes=\"(max-width: 1024px) 100vw, 1024px\" \/><figcaption class=\"wp-element-caption\"><strong><em>P\u00fablico compareceu em grande n\u00famero para assistir a palestra<\/em><\/strong><\/figcaption><\/figure>\n","protected":false},"excerpt":{"rendered":"<p>Psic\u00f3logo elenca fatores de risco para a sa\u00fade e qualidade de vida S\u00e3o Jo\u00e3o do Oeste \u2013 Alusivo a campanha Janeiro Branco, que estimula \u00e0 reflex\u00e3o sobre o cuidado com o bem-estar psicol\u00f3gico e emocional, a secretaria de Sa\u00fade e o hospital\/ Instituto Sant\u00e9 promoveram na tarde da quarta-feira, 21, uma palestra com o psic\u00f3logo<\/p>\n","protected":false},"author":1,"featured_media":8498,"comment_status":"open","ping_status":"open","sticky":false,"template":"","format":"standard","meta":{"footnotes":""},"categories":[41],"tags":[],"class_list":{"0":"post-8497","1":"post","2":"type-post","3":"status-publish","4":"format-standard","5":"has-post-thumbnail","7":"category-noticias"},"_links":{"self":[{"href":"https:\/\/noticiarioregional.com.br\/index.php?rest_route=\/wp\/v2\/posts\/8497","targetHints":{"allow":["GET"]}}],"collection":[{"href":"https:\/\/noticiarioregional.com.br\/index.php?rest_route=\/wp\/v2\/posts"}],"about":[{"href":"https:\/\/noticiarioregional.com.br\/index.php?rest_route=\/wp\/v2\/types\/post"}],"author":[{"embeddable":true,"href":"https:\/\/noticiarioregional.com.br\/index.php?rest_route=\/wp\/v2\/users\/1"}],"replies":[{"embeddable":true,"href":"https:\/\/noticiarioregional.com.br\/index.php?rest_route=%2Fwp%2Fv2%2Fcomments&post=8497"}],"version-history":[{"count":1,"href":"https:\/\/noticiarioregional.com.br\/index.php?rest_route=\/wp\/v2\/posts\/8497\/revisions"}],"predecessor-version":[{"id":8502,"href":"https:\/\/noticiarioregional.com.br\/index.php?rest_route=\/wp\/v2\/posts\/8497\/revisions\/8502"}],"wp:featuredmedia":[{"embeddable":true,"href":"https:\/\/noticiarioregional.com.br\/index.php?rest_route=\/wp\/v2\/media\/8498"}],"wp:attachment":[{"href":"https:\/\/noticiarioregional.com.br\/index.php?rest_route=%2Fwp%2Fv2%2Fmedia&parent=8497"}],"wp:term":[{"taxonomy":"category","embeddable":true,"href":"https:\/\/noticiarioregional.com.br\/index.php?rest_route=%2Fwp%2Fv2%2Fcategories&post=8497"},{"taxonomy":"post_tag","embeddable":true,"href":"https:\/\/noticiarioregional.com.br\/index.php?rest_route=%2Fwp%2Fv2%2Ftags&post=8497"}],"curies":[{"name":"wp","href":"https:\/\/api.w.org\/{rel}","templated":true}]}}