{"id":8503,"date":"2026-02-02T09:17:03","date_gmt":"2026-02-02T12:17:03","guid":{"rendered":"https:\/\/noticiarioregional.com.br\/?p=8503"},"modified":"2026-02-02T09:17:04","modified_gmt":"2026-02-02T12:17:04","slug":"taca-sicredi-regional-de-futsal-veteranos","status":"publish","type":"post","link":"https:\/\/noticiarioregional.com.br\/?p=8503","title":{"rendered":"Ta\u00e7a Sicredi Regional de Futsal Veteranos"},"content":{"rendered":"\n<p><em>Sete equipes disputam a competi\u00e7\u00e3o que foi retomada em 2026<\/em><\/p>\n\n\n\n<p><strong>Ipor\u00e3 do Oeste \u2013 <\/strong>Depois de muitos anos, por iniciativa de atletas e dirigentes da regi\u00e3o, foi retomado, neste ano, o Campeonato Regional de Futsal, categoria veteranos, com o apoio da cooperativa Sicredi. Sete munic\u00edpios participam da competi\u00e7\u00e3o, sendo eles, S\u00e3o Jo\u00e3o do Oeste, Ipor\u00e3 do Oeste, S\u00e3o Miguel do Oeste, Barra Bonita, Guaraciaba, Santa Helena e Para\u00edso.<\/p>\n\n\n\n<p>&nbsp;&nbsp;&nbsp;&nbsp;&nbsp;&nbsp;&nbsp;&nbsp;&nbsp;&nbsp;&nbsp; A quinta rodada da competi\u00e7\u00e3o foi realizada na noite desta ter\u00e7a-feira, 27, no Gin\u00e1sio Municipal Arthur Friedrich em Ipor\u00e3 do Oeste com os seguintes confrontos e resultados: Barra Bonita 00 x 06 S\u00e3o Jo\u00e3o do Oeste; S\u00e3o Miguel do Oeste 07 x 04 Santa Helena e Ipor\u00e3 do Oeste 03 x 03 Para\u00edso.<\/p>\n\n\n\n<figure class=\"wp-block-image size-large\"><img fetchpriority=\"high\" decoding=\"async\" width=\"1024\" height=\"683\" src=\"https:\/\/noticiarioregional.com.br\/wp-content\/uploads\/2026\/02\/Sao-Joao-do-Oeste-1024x683.jpeg\" alt=\"\" class=\"wp-image-8505\" srcset=\"https:\/\/noticiarioregional.com.br\/wp-content\/uploads\/2026\/02\/Sao-Joao-do-Oeste-1024x683.jpeg 1024w, https:\/\/noticiarioregional.com.br\/wp-content\/uploads\/2026\/02\/Sao-Joao-do-Oeste-300x200.jpeg 300w, https:\/\/noticiarioregional.com.br\/wp-content\/uploads\/2026\/02\/Sao-Joao-do-Oeste-768x512.jpeg 768w, https:\/\/noticiarioregional.com.br\/wp-content\/uploads\/2026\/02\/Sao-Joao-do-Oeste-1536x1024.jpeg 1536w, https:\/\/noticiarioregional.com.br\/wp-content\/uploads\/2026\/02\/Sao-Joao-do-Oeste-2048x1365.jpeg 2048w, https:\/\/noticiarioregional.com.br\/wp-content\/uploads\/2026\/02\/Sao-Joao-do-Oeste-150x100.jpeg 150w, https:\/\/noticiarioregional.com.br\/wp-content\/uploads\/2026\/02\/Sao-Joao-do-Oeste-450x300.jpeg 450w, https:\/\/noticiarioregional.com.br\/wp-content\/uploads\/2026\/02\/Sao-Joao-do-Oeste-1200x800.jpeg 1200w\" sizes=\"(max-width: 1024px) 100vw, 1024px\" \/><figcaption class=\"wp-element-caption\"><strong><em>S\u00e3o Jo\u00e3o do Oeste<\/em><\/strong><\/figcaption><\/figure>\n\n\n\n<p>&nbsp;&nbsp;&nbsp;&nbsp;&nbsp;&nbsp;&nbsp;&nbsp;&nbsp;&nbsp;&nbsp; A pen\u00faltima rodada da competi\u00e7\u00e3o est\u00e1 marcada para acontecer no munic\u00edpio de Para\u00edso, com data a ser definida com os seguintes duelos: Ipor\u00e3 do Oeste x Santa Helena, Guaraciaba x Barra Bonita e Para\u00edso x S\u00e3o Jo\u00e3o do Oeste.<\/p>\n\n\n\n<p>A \u00faltima rodada da primeira fase ser\u00e1 sediada pelo munic\u00edpio de S\u00e3o Jo\u00e3o do Oeste. Classificam-se para as semifinais as quatro equipes que mais pontuarem na primeira fase. Ao t\u00e9rmino da quinta rodada, realizada nesta semana em Ipor\u00e3 do Oeste, a classifica\u00e7\u00e3o \u00e9 a seguinte: S\u00e3o Jo\u00e3o do Oeste tem 12 pontos, S\u00e3o Miguel do Oeste 12, Barra Bonita 7, Guaraciaba 6, Santa Helena 3, Para\u00edso 2 e Ipor\u00e3 do Oeste 1.<\/p>\n","protected":false},"excerpt":{"rendered":"<p>Sete equipes disputam a competi\u00e7\u00e3o que foi retomada em 2026 Ipor\u00e3 do Oeste \u2013 Depois de muitos anos, por iniciativa de atletas e dirigentes da regi\u00e3o, foi retomado, neste ano, o Campeonato Regional de Futsal, categoria veteranos, com o apoio da cooperativa Sicredi. Sete munic\u00edpios participam da competi\u00e7\u00e3o, sendo eles, S\u00e3o Jo\u00e3o do Oeste, Ipor\u00e3<\/p>\n","protected":false},"author":1,"featured_media":8504,"comment_status":"open","ping_status":"open","sticky":false,"template":"","format":"standard","meta":{"footnotes":""},"categories":[41],"tags":[],"class_list":{"0":"post-8503","1":"post","2":"type-post","3":"status-publish","4":"format-standard","5":"has-post-thumbnail","7":"category-noticias"},"_links":{"self":[{"href":"https:\/\/noticiarioregional.com.br\/index.php?rest_route=\/wp\/v2\/posts\/8503","targetHints":{"allow":["GET"]}}],"collection":[{"href":"https:\/\/noticiarioregional.com.br\/index.php?rest_route=\/wp\/v2\/posts"}],"about":[{"href":"https:\/\/noticiarioregional.com.br\/index.php?rest_route=\/wp\/v2\/types\/post"}],"author":[{"embeddable":true,"href":"https:\/\/noticiarioregional.com.br\/index.php?rest_route=\/wp\/v2\/users\/1"}],"replies":[{"embeddable":true,"href":"https:\/\/noticiarioregional.com.br\/index.php?rest_route=%2Fwp%2Fv2%2Fcomments&post=8503"}],"version-history":[{"count":1,"href":"https:\/\/noticiarioregional.com.br\/index.php?rest_route=\/wp\/v2\/posts\/8503\/revisions"}],"predecessor-version":[{"id":8506,"href":"https:\/\/noticiarioregional.com.br\/index.php?rest_route=\/wp\/v2\/posts\/8503\/revisions\/8506"}],"wp:featuredmedia":[{"embeddable":true,"href":"https:\/\/noticiarioregional.com.br\/index.php?rest_route=\/wp\/v2\/media\/8504"}],"wp:attachment":[{"href":"https:\/\/noticiarioregional.com.br\/index.php?rest_route=%2Fwp%2Fv2%2Fmedia&parent=8503"}],"wp:term":[{"taxonomy":"category","embeddable":true,"href":"https:\/\/noticiarioregional.com.br\/index.php?rest_route=%2Fwp%2Fv2%2Fcategories&post=8503"},{"taxonomy":"post_tag","embeddable":true,"href":"https:\/\/noticiarioregional.com.br\/index.php?rest_route=%2Fwp%2Fv2%2Ftags&post=8503"}],"curies":[{"name":"wp","href":"https:\/\/api.w.org\/{rel}","templated":true}]}}