{"id":8524,"date":"2026-02-12T09:32:12","date_gmt":"2026-02-12T12:32:12","guid":{"rendered":"https:\/\/noticiarioregional.com.br\/?p=8524"},"modified":"2026-02-12T09:34:22","modified_gmt":"2026-02-12T12:34:22","slug":"ipora-do-oeste-amplia-incentivos-para-o-setor-agricola","status":"publish","type":"post","link":"https:\/\/noticiarioregional.com.br\/?p=8524","title":{"rendered":"Ipor\u00e3 do Oeste amplia incentivos para o setor agr\u00edcola"},"content":{"rendered":"\n<p class=\"has-larger-font-size\"><em>Reajustes nos subs\u00eddios variam de 25 a at\u00e9 186%.<\/em> <\/p>\n\n\n\n<p class=\"has-larger-font-size\"><em>B\u00f4nus Agr\u00edcola 2026 aumentou 21% se comparado a 2024<\/em><\/p>\n\n\n\n<p>A Administra\u00e7\u00e3o Municipal de Ipor\u00e3 do Oeste, atrav\u00e9s da secretaria de Agricultura e Meio Ambiente aumentou os valores de incentivo nos programas municipais de fomento ao setor agr\u00edcola. Exceto o Programa de Horas\/M\u00e1quinas que se manteve em R$ 1.000,00 por matr\u00edcula rural, os demais foram incrementados em percentuais que chegam a at\u00e9 186%, se comparados com 2024 e 2025, com destaque para o Programa de Novas Constru\u00e7\u00f5es que incentiva a amplia\u00e7\u00e3o dos setores produtivos da avicultura, suinocultura, bovinocultura leiteira, constru\u00e7\u00f5es de cisternas, esterqueiras e diversas.<\/p>\n\n\n\n<p>De acordo com o secret\u00e1rio municipal de Agricultura e Meio Ambiente, Adriano Klein, o objetivo do Governo \u00e9 incentivar o crescimento e o fortalecimento do setor agropecu\u00e1rio, respons\u00e1vel por mais de 85% do movimento econ\u00f4mico local. Ele destaca que os novos valores representam um aumento hist\u00f3rico nos incentivos e demonstram o compromisso da atual gest\u00e3o com os produtores rurais. <em>\u201c&#8230;Estamos atentos as demandas do nosso agricultor e fazendo o que \u00e9 poss\u00edvel, dentro do or\u00e7amento municipal, para fortalecer as atividades e incentivar novos investimentos\u201d,<\/em> destaca.&nbsp;<\/p>\n\n\n\n<p>O prefeito Michel Barth destaca o Programa Municipal do B\u00f4nus Agr\u00edcola que registra aumenta de 21% em 2026, se comparado com 2024, \u00faltimo ano da gest\u00e3o anterior. O valor m\u00e1ximo a ser pago neste exerc\u00edcio ser\u00e1 de R$ 1.210,00, R$ 210,00 a mais do que em 2024. Para novas constru\u00e7\u00f5es, o subs\u00eddio pode chegar a at\u00e9 R$ 10 mil na avicultura, suinocultura e bovinocultura leiteira, sem contar ainda os R$ 10 mil e os R$ 3.000,00, dispon\u00edveis para a constru\u00e7\u00e3o de cisterna e esterqueira, respectivamente. O Programa de Melhoramento Gen\u00e9tico tamb\u00e9m foi incrementado, passando de R$ 22,40 para R$ 25,00 por dose para quem adquire de forma particular e de 1,4 para 1,6\/dose para quem usa o s\u00eamen do munic\u00edpio. <em>\u201cQueremos incentivar cada vez mais os setores produtivos municipais porque sabemos que quanto mais forte estiver nossa economia, mais forte estar\u00e1 nosso munic\u00edpio em todos os setores. O incremento dos programas para o agro vem em momento oportuno e temos certeza de que vai ajudar os nossos produtores\u201d,<\/em> avalia.<\/p>\n\n\n\n<p>Na tabela em anexo, os valores de 2025 e os atuais, v\u00e1lidos a partir de agora:<\/p>\n\n\n\n<figure class=\"wp-block-image size-full\"><img fetchpriority=\"high\" decoding=\"async\" width=\"918\" height=\"582\" src=\"http:\/\/noticiarioregional.com.br\/wp-content\/uploads\/2026\/02\/Captura-de-tela-2026-02-12-093303.png\" alt=\"\" class=\"wp-image-8528\" srcset=\"https:\/\/noticiarioregional.com.br\/wp-content\/uploads\/2026\/02\/Captura-de-tela-2026-02-12-093303.png 918w, https:\/\/noticiarioregional.com.br\/wp-content\/uploads\/2026\/02\/Captura-de-tela-2026-02-12-093303-300x190.png 300w, https:\/\/noticiarioregional.com.br\/wp-content\/uploads\/2026\/02\/Captura-de-tela-2026-02-12-093303-768x487.png 768w, https:\/\/noticiarioregional.com.br\/wp-content\/uploads\/2026\/02\/Captura-de-tela-2026-02-12-093303-150x95.png 150w, https:\/\/noticiarioregional.com.br\/wp-content\/uploads\/2026\/02\/Captura-de-tela-2026-02-12-093303-450x285.png 450w\" sizes=\"(max-width: 918px) 100vw, 918px\" \/><\/figure>\n","protected":false},"excerpt":{"rendered":"<p>Reajustes nos subs\u00eddios variam de 25 a at\u00e9 186%. B\u00f4nus Agr\u00edcola 2026 aumentou 21% se comparado a 2024 A Administra\u00e7\u00e3o Municipal de Ipor\u00e3 do Oeste, atrav\u00e9s da secretaria de Agricultura e Meio Ambiente aumentou os valores de incentivo nos programas municipais de fomento ao setor agr\u00edcola. Exceto o Programa de Horas\/M\u00e1quinas que se manteve em<\/p>\n","protected":false},"author":1,"featured_media":8525,"comment_status":"open","ping_status":"open","sticky":false,"template":"","format":"standard","meta":{"footnotes":""},"categories":[41],"tags":[],"class_list":{"0":"post-8524","1":"post","2":"type-post","3":"status-publish","4":"format-standard","5":"has-post-thumbnail","7":"category-noticias"},"_links":{"self":[{"href":"https:\/\/noticiarioregional.com.br\/index.php?rest_route=\/wp\/v2\/posts\/8524","targetHints":{"allow":["GET"]}}],"collection":[{"href":"https:\/\/noticiarioregional.com.br\/index.php?rest_route=\/wp\/v2\/posts"}],"about":[{"href":"https:\/\/noticiarioregional.com.br\/index.php?rest_route=\/wp\/v2\/types\/post"}],"author":[{"embeddable":true,"href":"https:\/\/noticiarioregional.com.br\/index.php?rest_route=\/wp\/v2\/users\/1"}],"replies":[{"embeddable":true,"href":"https:\/\/noticiarioregional.com.br\/index.php?rest_route=%2Fwp%2Fv2%2Fcomments&post=8524"}],"version-history":[{"count":2,"href":"https:\/\/noticiarioregional.com.br\/index.php?rest_route=\/wp\/v2\/posts\/8524\/revisions"}],"predecessor-version":[{"id":8529,"href":"https:\/\/noticiarioregional.com.br\/index.php?rest_route=\/wp\/v2\/posts\/8524\/revisions\/8529"}],"wp:featuredmedia":[{"embeddable":true,"href":"https:\/\/noticiarioregional.com.br\/index.php?rest_route=\/wp\/v2\/media\/8525"}],"wp:attachment":[{"href":"https:\/\/noticiarioregional.com.br\/index.php?rest_route=%2Fwp%2Fv2%2Fmedia&parent=8524"}],"wp:term":[{"taxonomy":"category","embeddable":true,"href":"https:\/\/noticiarioregional.com.br\/index.php?rest_route=%2Fwp%2Fv2%2Fcategories&post=8524"},{"taxonomy":"post_tag","embeddable":true,"href":"https:\/\/noticiarioregional.com.br\/index.php?rest_route=%2Fwp%2Fv2%2Ftags&post=8524"}],"curies":[{"name":"wp","href":"https:\/\/api.w.org\/{rel}","templated":true}]}}