{"id":8533,"date":"2026-02-12T09:59:54","date_gmt":"2026-02-12T12:59:54","guid":{"rendered":"https:\/\/noticiarioregional.com.br\/?p=8533"},"modified":"2026-02-12T09:59:55","modified_gmt":"2026-02-12T12:59:55","slug":"eco-parque-de-caibi-avanca-e-ganha-novas-estruturas","status":"publish","type":"post","link":"https:\/\/noticiarioregional.com.br\/?p=8533","title":{"rendered":"Eco Parque de Caibi avan\u00e7a e ganha novas estruturas"},"content":{"rendered":"\n<p>A Administra\u00e7\u00e3o Municipal de Caibi segue avan\u00e7ando na execu\u00e7\u00e3o das obras do Eco Parque, implantado na \u00e1rea da antiga pedreira do munic\u00edpio, consolidando um dos mais ambiciosos projetos de valoriza\u00e7\u00e3o do turismo e de promo\u00e7\u00e3o da qualidade de vida da popula\u00e7\u00e3o.<\/p>\n\n\n\n<p>Localizado aos fundos da Casa Familiar Rural S\u00e3o Domingos, o projeto prev\u00ea a completa revitaliza\u00e7\u00e3o da \u00e1rea, que por muitos anos esteve degradada, sem uso definido. A proposta da administra\u00e7\u00e3o municipal \u00e9 ressignificar o local, unindo preserva\u00e7\u00e3o ambiental, lazer e desenvolvimento tur\u00edstico em um \u00fanico espa\u00e7o, integrado \u00e0 paisagem natural do munic\u00edpio.<\/p>\n\n\n\n<p>Entre as a\u00e7\u00f5es j\u00e1 em andamento e previstas no projeto est\u00e3o a limpeza e a recupera\u00e7\u00e3o ambiental da \u00e1rea, com foco na recomposi\u00e7\u00e3o da vegeta\u00e7\u00e3o e na prote\u00e7\u00e3o dos recursos naturais. A arboriza\u00e7\u00e3o com esp\u00e9cies nativas j\u00e1 come\u00e7ou, garantindo a valoriza\u00e7\u00e3o da biodiversidade regional e a cria\u00e7\u00e3o de um ambiente mais harmonioso e agrad\u00e1vel para quem frequenta o parque.<\/p>\n\n\n\n<p>Na infraestrutura est\u00e3o previstas cal\u00e7adas para caminhada, \u00e1reas destinadas a acampamentos, aproveitando o potencial natural da regi\u00e3o para o lazer e o turismo ecol\u00f3gico. O espa\u00e7o contar\u00e1 ainda com sinaliza\u00e7\u00e3o adequada, ilumina\u00e7\u00e3o p\u00fablica e estrutura para receber eventos comunit\u00e1rios, fortalecendo o parque como ponto de encontro e conviv\u00eancia social.<\/p>\n\n\n\n<p>Segundo o prefeito de Caibi, \u00c9der Picoli, a proposta vai al\u00e9m da recupera\u00e7\u00e3o de uma \u00e1rea degradada. \u201c<em>A ideia \u00e9 oferecer um ambiente agrad\u00e1vel e seguro para o conv\u00edvio familiar, para a pr\u00e1tica de esportes ao ar livre e para atividades de lazer, especialmente nos finais de semana, al\u00e9m de fomentar o turismo e movimentar a economia local<\/em>\u201d, destacou.<\/p>\n\n\n\n<p>No andamento das obras, j\u00e1 foram realizadas diversas detona\u00e7\u00f5es na pedreira, e o material resultante tem sido reaproveitado pelo munic\u00edpio para melhorias nas estradas do interior, promovendo um uso respons\u00e1vel dos recursos e contribuindo para a manuten\u00e7\u00e3o da infraestrutura rural.<\/p>\n\n\n\n<p>Outro avan\u00e7o importante \u00e9 a aquisi\u00e7\u00e3o das vigas met\u00e1licas, atrav\u00e9s da Defesa Civil, que j\u00e1 est\u00e3o em posse da administra\u00e7\u00e3o municipal e ser\u00e3o utilizadas na constru\u00e7\u00e3o de rampas e outras estruturas do Eco Parque, garantindo acessibilidade e seguran\u00e7a aos visitantes.<\/p>\n\n\n\n<p>Neste ano, tamb\u00e9m foi aberta uma nova \u00e1rea que dar\u00e1 origem a uma trilha tem\u00e1tica. O local ser\u00e1 decorado com estatuetas de animais, criando um ambiente l\u00fadico e educativo, especialmente voltado para crian\u00e7as e fam\u00edlias. Paralelamente, est\u00e1 em constru\u00e7\u00e3o uma mureta que servir\u00e1 de base para o futuro cercamento decorativo do parque.<\/p>\n\n\n\n<p>Uma das ideias mais recentes apresentadas pelo prefeito \u00c9der Picoli \u00e9 a constru\u00e7\u00e3o de uma \u201cpinguela\u201d, uma passarela suspensa em meio \u00e0s \u00e1rvores, que dever\u00e1 circundar parte do parque, proporcionando uma experi\u00eancia diferenciada de contato com a natureza e valorizando ainda mais o visual do espa\u00e7o. A expectativa da administra\u00e7\u00e3o \u00e9 de que o local se torne refer\u00eancia regional, atraindo visitantes e fortalecendo o sentimento de pertencimento e cuidado com o meio ambiente entre a popula\u00e7\u00e3o local.<\/p>\n","protected":false},"excerpt":{"rendered":"<p>A Administra\u00e7\u00e3o Municipal de Caibi segue avan\u00e7ando na execu\u00e7\u00e3o das obras do Eco Parque, implantado na \u00e1rea da antiga pedreira do munic\u00edpio, consolidando um dos mais ambiciosos projetos de valoriza\u00e7\u00e3o do turismo e de promo\u00e7\u00e3o da qualidade de vida da popula\u00e7\u00e3o. Localizado aos fundos da Casa Familiar Rural S\u00e3o Domingos, o projeto prev\u00ea a completa<\/p>\n","protected":false},"author":1,"featured_media":8534,"comment_status":"open","ping_status":"open","sticky":false,"template":"","format":"standard","meta":{"footnotes":""},"categories":[41],"tags":[],"class_list":{"0":"post-8533","1":"post","2":"type-post","3":"status-publish","4":"format-standard","5":"has-post-thumbnail","7":"category-noticias"},"_links":{"self":[{"href":"https:\/\/noticiarioregional.com.br\/index.php?rest_route=\/wp\/v2\/posts\/8533","targetHints":{"allow":["GET"]}}],"collection":[{"href":"https:\/\/noticiarioregional.com.br\/index.php?rest_route=\/wp\/v2\/posts"}],"about":[{"href":"https:\/\/noticiarioregional.com.br\/index.php?rest_route=\/wp\/v2\/types\/post"}],"author":[{"embeddable":true,"href":"https:\/\/noticiarioregional.com.br\/index.php?rest_route=\/wp\/v2\/users\/1"}],"replies":[{"embeddable":true,"href":"https:\/\/noticiarioregional.com.br\/index.php?rest_route=%2Fwp%2Fv2%2Fcomments&post=8533"}],"version-history":[{"count":1,"href":"https:\/\/noticiarioregional.com.br\/index.php?rest_route=\/wp\/v2\/posts\/8533\/revisions"}],"predecessor-version":[{"id":8535,"href":"https:\/\/noticiarioregional.com.br\/index.php?rest_route=\/wp\/v2\/posts\/8533\/revisions\/8535"}],"wp:featuredmedia":[{"embeddable":true,"href":"https:\/\/noticiarioregional.com.br\/index.php?rest_route=\/wp\/v2\/media\/8534"}],"wp:attachment":[{"href":"https:\/\/noticiarioregional.com.br\/index.php?rest_route=%2Fwp%2Fv2%2Fmedia&parent=8533"}],"wp:term":[{"taxonomy":"category","embeddable":true,"href":"https:\/\/noticiarioregional.com.br\/index.php?rest_route=%2Fwp%2Fv2%2Fcategories&post=8533"},{"taxonomy":"post_tag","embeddable":true,"href":"https:\/\/noticiarioregional.com.br\/index.php?rest_route=%2Fwp%2Fv2%2Ftags&post=8533"}],"curies":[{"name":"wp","href":"https:\/\/api.w.org\/{rel}","templated":true}]}}