{"id":8536,"date":"2026-02-12T10:02:32","date_gmt":"2026-02-12T13:02:32","guid":{"rendered":"https:\/\/noticiarioregional.com.br\/?p=8536"},"modified":"2026-02-12T10:02:33","modified_gmt":"2026-02-12T13:02:33","slug":"secretaria-de-saude-inicia-o-ano-com-novos-investimentos-no-transporte-de-pacientes","status":"publish","type":"post","link":"https:\/\/noticiarioregional.com.br\/?p=8536","title":{"rendered":"Secretaria de Sa\u00fade inicia o ano com novos investimentos no transporte de pacientes"},"content":{"rendered":"\n<p><strong>S\u00e3o Jo\u00e3o do Oeste \u2013 <\/strong>Devido a grande demanda que a secretaria de Sa\u00fade apresenta no transporte de pacientes, o setor inovou na presta\u00e7\u00e3o do servi\u00e7o que j\u00e1 est\u00e1 funcionando desde o in\u00edcio do ano. A secret\u00e1ria, Cleide Wirth, explica que ainda no final do ano foi formalizada a parceria com a empresa Reunidas, para o transporte de pacientes do munic\u00edpio at\u00e9 Florian\u00f3polis. Chegando \u00e0 capital, a pr\u00f3pria empresa utiliza seus ve\u00edculos para deslocar os pacientes at\u00e9 as cl\u00ednicas onde possuem agendamentos. Assim que atendido, o paciente novamente \u00e9 recolhido pela empresa e levado at\u00e9 a rodovi\u00e1ria para o embarque de retorno.<\/p>\n\n\n\n<p>Devido a esta inova\u00e7\u00e3o, que tamb\u00e9m j\u00e1 funciona em outros munic\u00edpios, Cleide afirma que com o \u00f4nibus de linha o paciente tem a possibilidade de no mesmo dia de seu compromisso, voltar para casa. Lembra que o transporte n\u00e3o \u00e9 exclusivo para pacientes, sendo que demais passageiros viajam no mesmo \u00f4nibus.<\/p>\n\n\n\n<p>A compra da passagem e o encaminhamento a Reunidas s\u00e3o feitos pela secretaria de Sa\u00fade.&nbsp; A secret\u00e1ria ressalta que basta que o paciente esteja no seu local de embarque, que a empresa j\u00e1 estar\u00e1 com a documenta\u00e7\u00e3o necess\u00e1ria. O deslocamento at\u00e9 o local de embarque do \u00f4nibus, \u00e9 por conta do paciente. Cleide enfatiza que n\u00e3o s\u00e3o todos os pacientes que s\u00e3o deslocados para o seu agendamento dessa forma, pois \u00e9 necess\u00e1rio avaliar cada caso e seguir os crit\u00e9rios definidos, se a pessoa tem condi\u00e7\u00f5es de viajar de \u00f4nibus ou se precisa de outra forma de transporte. Avalia que at\u00e9 o momento o novo servi\u00e7o tem funcionado muito bem, com maior agilidade no retorno do paciente, na gest\u00e3o dos recursos p\u00fablicos e tamb\u00e9m por proporcionar o descanso aos motoristas da secretaria, sendo que por dia s\u00e3o em m\u00e9dia de 12 a 15 viagens para destinos diversos.<\/p>\n\n\n\n<p>Ainda em rela\u00e7\u00e3o ao transporte de pacientes, a secret\u00e1ria enfatiza que foi aberto edital para licitar ve\u00edculos pequenos em que se habilitaram cinco empresas, e a vencedora foi uma empresa de S\u00e3o Jo\u00e3o do Oeste, que j\u00e1 vinha prestando servi\u00e7os ao setor. Cleide explica que esta empresa ser\u00e1 acionada para realizar o transporte de pacientes quando os motoristas da secretaria j\u00e1 estiverem comprometidos com outras viagens.<\/p>\n","protected":false},"excerpt":{"rendered":"<p>S\u00e3o Jo\u00e3o do Oeste \u2013 Devido a grande demanda que a secretaria de Sa\u00fade apresenta no transporte de pacientes, o setor inovou na presta\u00e7\u00e3o do servi\u00e7o que j\u00e1 est\u00e1 funcionando desde o in\u00edcio do ano. A secret\u00e1ria, Cleide Wirth, explica que ainda no final do ano foi formalizada a parceria com a empresa Reunidas, para<\/p>\n","protected":false},"author":1,"featured_media":8537,"comment_status":"open","ping_status":"open","sticky":false,"template":"","format":"standard","meta":{"footnotes":""},"categories":[41],"tags":[],"class_list":{"0":"post-8536","1":"post","2":"type-post","3":"status-publish","4":"format-standard","5":"has-post-thumbnail","7":"category-noticias"},"_links":{"self":[{"href":"https:\/\/noticiarioregional.com.br\/index.php?rest_route=\/wp\/v2\/posts\/8536","targetHints":{"allow":["GET"]}}],"collection":[{"href":"https:\/\/noticiarioregional.com.br\/index.php?rest_route=\/wp\/v2\/posts"}],"about":[{"href":"https:\/\/noticiarioregional.com.br\/index.php?rest_route=\/wp\/v2\/types\/post"}],"author":[{"embeddable":true,"href":"https:\/\/noticiarioregional.com.br\/index.php?rest_route=\/wp\/v2\/users\/1"}],"replies":[{"embeddable":true,"href":"https:\/\/noticiarioregional.com.br\/index.php?rest_route=%2Fwp%2Fv2%2Fcomments&post=8536"}],"version-history":[{"count":1,"href":"https:\/\/noticiarioregional.com.br\/index.php?rest_route=\/wp\/v2\/posts\/8536\/revisions"}],"predecessor-version":[{"id":8538,"href":"https:\/\/noticiarioregional.com.br\/index.php?rest_route=\/wp\/v2\/posts\/8536\/revisions\/8538"}],"wp:featuredmedia":[{"embeddable":true,"href":"https:\/\/noticiarioregional.com.br\/index.php?rest_route=\/wp\/v2\/media\/8537"}],"wp:attachment":[{"href":"https:\/\/noticiarioregional.com.br\/index.php?rest_route=%2Fwp%2Fv2%2Fmedia&parent=8536"}],"wp:term":[{"taxonomy":"category","embeddable":true,"href":"https:\/\/noticiarioregional.com.br\/index.php?rest_route=%2Fwp%2Fv2%2Fcategories&post=8536"},{"taxonomy":"post_tag","embeddable":true,"href":"https:\/\/noticiarioregional.com.br\/index.php?rest_route=%2Fwp%2Fv2%2Ftags&post=8536"}],"curies":[{"name":"wp","href":"https:\/\/api.w.org\/{rel}","templated":true}]}}