{"id":8546,"date":"2026-02-12T10:08:21","date_gmt":"2026-02-12T13:08:21","guid":{"rendered":"https:\/\/noticiarioregional.com.br\/?p=8546"},"modified":"2026-02-13T09:48:05","modified_gmt":"2026-02-13T12:48:05","slug":"secretaria-de-agricultura-abre-inscricoes-para-o-programa-horas-maquinas-e-apresenta-acoes-estrategicas-para-2026","status":"publish","type":"post","link":"https:\/\/noticiarioregional.com.br\/?p=8546","title":{"rendered":"Secretaria de Agricultura abre inscri\u00e7\u00f5es para o Programa Horas\/M\u00e1quinas e apresenta a\u00e7\u00f5es estrat\u00e9gicas para 2026"},"content":{"rendered":"\n<p><strong>Monda\u00ed &#8211;<\/strong> A Secretaria Municipal de Agricultura anunciou a abertura das inscri\u00e7\u00f5es para o Programa Horas-M\u00e1quinas e detalhou o conjunto de a\u00e7\u00f5es e investimentos previstos para o ano de 2026. As informa\u00e7\u00f5es foram repassadas pelo secret\u00e1rio Sidinei Bassorici, que destacou o fortalecimento das pol\u00edticas de apoio ao produtor rural, com foco na responsabilidade compartilhada, na sustentabilidade e no avan\u00e7o da agricultura de precis\u00e3o.<\/p>\n\n\n\n<p>De acordo com o secret\u00e1rio, os produtores interessados em participar do Programa Horas\/M\u00e1quinas devem realizar a inscri\u00e7\u00e3o at\u00e9 o dia 25 de fevereiro, apresentando o movimento econ\u00f4mico referente ao ano de 2025. \u201cO procedimento segue o mesmo modelo adotado no ano passado. O produtor traz o movimento econ\u00f4mico, faz a inscri\u00e7\u00e3o e, a partir disso, a Secretaria realiza a acredita\u00e7\u00e3o e entrega o cart\u00e3o. Para quem j\u00e1 possui o cart\u00e3o, trazer junto para substitui\u00e7\u00e3o pelo que tem o bras\u00e3o. J\u00e1 os novos participantes receber\u00e3o um cart\u00e3o novo\u201d, explicou Bassorici.<\/p>\n\n\n\n<p>Ap\u00f3s a inscri\u00e7\u00e3o e a entrega do cart\u00e3o, os cr\u00e9ditos das horas\/m\u00e1quinas ser\u00e3o liberados a partir de 10 de mar\u00e7o, conforme o volume de movimento econ\u00f4mico apresentado por cada produtor. Uma das principais novidades para 2026 \u00e9 a separa\u00e7\u00e3o dos pagamentos do Programa Horas\/M\u00e1quinas e do B\u00f4nus Agr\u00edcola. \u201cNo ano passado, os dois benef\u00edcios foram pagos juntos. Agora, em mar\u00e7o, ser\u00e1 feito o pagamento das horas\/m\u00e1quinas e, no m\u00eas de junho, o cr\u00e9dito do b\u00f4nus agr\u00edcola\u201d, detalhou o secret\u00e1rio.<\/p>\n\n\n\n<p>Apesar de a inscri\u00e7\u00e3o ser a mesma para ambos os programas, os benef\u00edcios ser\u00e3o creditados em cart\u00f5es distintos. O cart\u00e3o do b\u00f4nus agr\u00edcola ser\u00e1 entregue j\u00e1 no momento da inscri\u00e7\u00e3o, mas o valor somente estar\u00e1 dispon\u00edvel em junho. A mudan\u00e7a, segundo Bassorici, busca facilitar a gest\u00e3o financeira do munic\u00edpio.<\/p>\n\n\n\n<p>O secret\u00e1rio informou ainda que o credenciamento das empresas prestadoras de servi\u00e7os dever\u00e1 ser mantido nos mesmos moldes do ano anterior. As empresas j\u00e1 habilitadas ser\u00e3o contatadas para renova\u00e7\u00e3o e, a princ\u00edpio, a quantidade de prestadores permanecer\u00e1 a mesma.<\/p>\n\n\n\n<p>Um dos pontos enfatizados por Bassorici \u00e9 a responsabilidade compartilhada entre poder p\u00fablico e produtores, especialmente no que se refere \u00e0 conserva\u00e7\u00e3o das estradas rurais. Para ter acesso aos programas e servi\u00e7os da Secretaria de Agricultura, o produtor dever\u00e1 manter as margens das estradas gerais limpas e ro\u00e7adas, com as sarjetas desobstru\u00eddas, aplica\u00e7\u00e3o de controle de vegeta\u00e7\u00e3o quando necess\u00e1rio e cercas afastadas das valetas.&nbsp; A Secretaria tamb\u00e9m est\u00e1 investindo na aquisi\u00e7\u00e3o de uma ro\u00e7adeira lateral, que auxiliar\u00e1 nos trabalhos de limpeza, mas a orienta\u00e7\u00e3o \u00e9 que os produtores fa\u00e7am a manuten\u00e7\u00e3o b\u00e1sica das \u00e1reas pr\u00f3ximas \u00e0s suas propriedades.<\/p>\n\n\n\n<p>Al\u00e9m do Programa Horas\/M\u00e1quinas e do B\u00f4nus Agr\u00edcola, a Secretaria de Agricultura manter\u00e1 uma s\u00e9rie de a\u00e7\u00f5es ambientais ao longo de 2026. Entre elas, o cronograma de recolha de lixo rural, que seguir\u00e1 sendo realizado a cada tr\u00eas meses, nos meses de mar\u00e7o, junho, setembro e dezembro. Tamb\u00e9m est\u00e1 prevista a recolha anual de vidro, al\u00e9m das campanhas de coleta de pneus, que continuam sendo promovidas conforme o cronograma j\u00e1 adotado pelo munic\u00edpio. Outro destaque \u00e9 a continuidade das obras da Esta\u00e7\u00e3o de \u00c1gua da Linha Taipas, que est\u00e1 em fase de andamento e representa um investimento importante em infraestrutura para atender a comunidade local.<\/p>\n\n\n\n<figure class=\"wp-block-image\"><img decoding=\"async\" src=\"https:\/\/noticiarioregional.com.br\/wp-content\/uploads\/2026\/02\/Os-dados-coletados-poderao-ser-transferidos-ao-produtor-1024x683.jpg\" alt=\"A imagem atual n\u00e3o possui texto alternativo. O nome do arquivo \u00e9: Os-dados-coletados-poderao-ser-transferidos-ao-produtor-scaled.jpg\"\/><\/figure>\n\n\n\n<p>Uma das grandes inova\u00e7\u00f5es para 2026 \u00e9 a introdu\u00e7\u00e3o de tecnologias voltadas \u00e0 agricultura de precis\u00e3o. A Secretaria adquiriu recentemente um penetr\u00f4metro, equipamento que permite medir os n\u00edveis de compacta\u00e7\u00e3o do solo em diferentes profundidades. \u201cO equipamento mostra, por exemplo, se o solo est\u00e1 em boas condi\u00e7\u00f5es ou se j\u00e1 apresenta compacta\u00e7\u00e3o em determinadas camadas. Com isso, conseguimos orientar o produtor sobre a necessidade de cobertura de solo, descompacta\u00e7\u00e3o e outras pr\u00e1ticas corretivas\u201d, explicou o secret\u00e1rio. O equipamento penetra at\u00e9 60 cent\u00edmetros, e repassa os detalhes do solo a cada 2,5 cent\u00edmetros.&nbsp; Os dados coletados poder\u00e3o ser transferidos ao produtor por Bluetooth, Pen-drive ou at\u00e9 mesmo pelo celular, via aplicativos de mensagens, permitindo que ele tenha em m\u00e3os gr\u00e1ficos detalhados dos pontos de compacta\u00e7\u00e3o em sua lavoura.<\/p>\n\n\n\n<p>Al\u00e9m disso, a Secretaria tamb\u00e9m adquiriu uma broca coletora para an\u00e1lise de solo, que ser\u00e1 utilizada para auxiliar os produtores na coleta de amostras. O objetivo \u00e9 avan\u00e7ar para um novo projeto de interpreta\u00e7\u00e3o de an\u00e1lises de solo, no qual a equipe t\u00e9cnica ajudar\u00e1 o produtor a compreender os resultados e a aplicar apenas as corre\u00e7\u00f5es e insumos realmente necess\u00e1rios.<\/p>\n\n\n\n<p>Para acessar os servi\u00e7os de agricultura de precis\u00e3o, como o uso do penetr\u00f4metro e a an\u00e1lise de solo, o produtor dever\u00e1 procurar diretamente a Secretaria de Agricultura, deixar seu nome e agendar o atendimento. A equipe se deslocar\u00e1 at\u00e9 a propriedade para realizar o mapeamento e a coleta dos dados.<\/p>\n","protected":false},"excerpt":{"rendered":"<p>Monda\u00ed &#8211; A Secretaria Municipal de Agricultura anunciou a abertura das inscri\u00e7\u00f5es para o Programa Horas-M\u00e1quinas e detalhou o conjunto de a\u00e7\u00f5es e investimentos previstos para o ano de 2026. As informa\u00e7\u00f5es foram repassadas pelo secret\u00e1rio Sidinei Bassorici, que destacou o fortalecimento das pol\u00edticas de apoio ao produtor rural, com foco na responsabilidade compartilhada, na<\/p>\n","protected":false},"author":1,"featured_media":8548,"comment_status":"open","ping_status":"open","sticky":false,"template":"","format":"standard","meta":{"footnotes":""},"categories":[41],"tags":[],"class_list":{"0":"post-8546","1":"post","2":"type-post","3":"status-publish","4":"format-standard","5":"has-post-thumbnail","7":"category-noticias"},"_links":{"self":[{"href":"https:\/\/noticiarioregional.com.br\/index.php?rest_route=\/wp\/v2\/posts\/8546","targetHints":{"allow":["GET"]}}],"collection":[{"href":"https:\/\/noticiarioregional.com.br\/index.php?rest_route=\/wp\/v2\/posts"}],"about":[{"href":"https:\/\/noticiarioregional.com.br\/index.php?rest_route=\/wp\/v2\/types\/post"}],"author":[{"embeddable":true,"href":"https:\/\/noticiarioregional.com.br\/index.php?rest_route=\/wp\/v2\/users\/1"}],"replies":[{"embeddable":true,"href":"https:\/\/noticiarioregional.com.br\/index.php?rest_route=%2Fwp%2Fv2%2Fcomments&post=8546"}],"version-history":[{"count":1,"href":"https:\/\/noticiarioregional.com.br\/index.php?rest_route=\/wp\/v2\/posts\/8546\/revisions"}],"predecessor-version":[{"id":8549,"href":"https:\/\/noticiarioregional.com.br\/index.php?rest_route=\/wp\/v2\/posts\/8546\/revisions\/8549"}],"wp:featuredmedia":[{"embeddable":true,"href":"https:\/\/noticiarioregional.com.br\/index.php?rest_route=\/wp\/v2\/media\/8548"}],"wp:attachment":[{"href":"https:\/\/noticiarioregional.com.br\/index.php?rest_route=%2Fwp%2Fv2%2Fmedia&parent=8546"}],"wp:term":[{"taxonomy":"category","embeddable":true,"href":"https:\/\/noticiarioregional.com.br\/index.php?rest_route=%2Fwp%2Fv2%2Fcategories&post=8546"},{"taxonomy":"post_tag","embeddable":true,"href":"https:\/\/noticiarioregional.com.br\/index.php?rest_route=%2Fwp%2Fv2%2Ftags&post=8546"}],"curies":[{"name":"wp","href":"https:\/\/api.w.org\/{rel}","templated":true}]}}