{"id":8550,"date":"2026-02-12T10:10:27","date_gmt":"2026-02-12T13:10:27","guid":{"rendered":"https:\/\/noticiarioregional.com.br\/?p=8550"},"modified":"2026-02-12T10:10:29","modified_gmt":"2026-02-12T13:10:29","slug":"secretaria-de-transportes-e-obras-prioriza-manutencao-das-estradas-gerais-para-retomada-do-transporte-escolar","status":"publish","type":"post","link":"https:\/\/noticiarioregional.com.br\/?p=8550","title":{"rendered":"Secretaria de Transportes e Obras prioriza manuten\u00e7\u00e3o das estradas gerais para retomada do transporte escolar"},"content":{"rendered":"\n<p><strong>Ipor\u00e3 do Oeste \u2013<\/strong> Em fun\u00e7\u00e3o da desvincula\u00e7\u00e3o da secretaria de Agricultura, a partir deste ano a secretaria de Transportes Obras passa a ser uma pasta independente, contemplando tamb\u00e9m o setor de Servi\u00e7os Urbanos. Para o cargo de secret\u00e1rio, foi designado Adroaldo Cola, que no primeiro ano da gest\u00e3o respondeu pelo departamento de Urbanismo. A partir da \u00faltima semana, foi nomeado o novo diretor de Urbanismo, sendo ele, Adelson Marsaro. Como diretor de Transportes e Obras permanece Claudir Rigo.<\/p>\n\n\n\n<p>Conforme o secret\u00e1rio, a equipe de Transportes e Obras retornou do per\u00edodo de f\u00e9rias a partir do dia 19 de janeiro, e desde ent\u00e3o, o foco tem sido a manuten\u00e7\u00e3o das estradas de forma geral em todo o munic\u00edpio, tendo em vista a retomada das aulas e do transporte escolar a partir de fevereiro.<\/p>\n\n\n\n<figure class=\"wp-block-image size-large\"><img fetchpriority=\"high\" decoding=\"async\" width=\"1024\" height=\"683\" src=\"http:\/\/noticiarioregional.com.br\/wp-content\/uploads\/2026\/02\/Adroaldo-Cola-assume-a-secretaria-de-Transportes-Obras-e-Servicos-Urbanos-1024x683.jpg\" alt=\"\" class=\"wp-image-8552\" srcset=\"https:\/\/noticiarioregional.com.br\/wp-content\/uploads\/2026\/02\/Adroaldo-Cola-assume-a-secretaria-de-Transportes-Obras-e-Servicos-Urbanos-1024x683.jpg 1024w, https:\/\/noticiarioregional.com.br\/wp-content\/uploads\/2026\/02\/Adroaldo-Cola-assume-a-secretaria-de-Transportes-Obras-e-Servicos-Urbanos-300x200.jpg 300w, https:\/\/noticiarioregional.com.br\/wp-content\/uploads\/2026\/02\/Adroaldo-Cola-assume-a-secretaria-de-Transportes-Obras-e-Servicos-Urbanos-768x512.jpg 768w, https:\/\/noticiarioregional.com.br\/wp-content\/uploads\/2026\/02\/Adroaldo-Cola-assume-a-secretaria-de-Transportes-Obras-e-Servicos-Urbanos-1536x1024.jpg 1536w, https:\/\/noticiarioregional.com.br\/wp-content\/uploads\/2026\/02\/Adroaldo-Cola-assume-a-secretaria-de-Transportes-Obras-e-Servicos-Urbanos-2048x1365.jpg 2048w, https:\/\/noticiarioregional.com.br\/wp-content\/uploads\/2026\/02\/Adroaldo-Cola-assume-a-secretaria-de-Transportes-Obras-e-Servicos-Urbanos-150x100.jpg 150w, https:\/\/noticiarioregional.com.br\/wp-content\/uploads\/2026\/02\/Adroaldo-Cola-assume-a-secretaria-de-Transportes-Obras-e-Servicos-Urbanos-450x300.jpg 450w, https:\/\/noticiarioregional.com.br\/wp-content\/uploads\/2026\/02\/Adroaldo-Cola-assume-a-secretaria-de-Transportes-Obras-e-Servicos-Urbanos-1200x800.jpg 1200w\" sizes=\"(max-width: 1024px) 100vw, 1024px\" \/><figcaption class=\"wp-element-caption\">Adroaldo Cola assume a secretaria de Transportes, Obras e Servi\u00e7os Urbanos<\/figcaption><\/figure>\n\n\n\n<p>Nos primeiros 10 dias de trabalho, Cola destaca que foram realizados quase 100 quil\u00f4metros de patrolamento e colocados cerca de 40 tubos. Foram contemplados trechos nas comunidades de Taipa Alta, Quilombo, Sinimbu, Macucozinho, S\u00e3o Louren\u00e7o, Piraj\u00fa, Barra Grande, S\u00e3o Vendelino, Uni\u00e3o da Serra, Esperan\u00e7a, Preferido Alto, seguindo para Pav\u00e3o. Nesta semana tamb\u00e9m iniciaram as melhorias na estrada de Letras. Assim que esta manuten\u00e7\u00e3o geral nas estradas for conclu\u00edda, o secret\u00e1rio enfatiza que ser\u00e3o retomados os demais servi\u00e7os, como as melhorias dos acessos.<\/p>\n\n\n\n<p>Lembra que est\u00e3o sendo organizadas duas equipes de servidores e m\u00e1quinas, para atuar nas frentes de trabalho a partir do m\u00eas de mar\u00e7o.<\/p>\n","protected":false},"excerpt":{"rendered":"<p>Ipor\u00e3 do Oeste \u2013 Em fun\u00e7\u00e3o da desvincula\u00e7\u00e3o da secretaria de Agricultura, a partir deste ano a secretaria de Transportes Obras passa a ser uma pasta independente, contemplando tamb\u00e9m o setor de Servi\u00e7os Urbanos. Para o cargo de secret\u00e1rio, foi designado Adroaldo Cola, que no primeiro ano da gest\u00e3o respondeu pelo departamento de Urbanismo. A<\/p>\n","protected":false},"author":1,"featured_media":8551,"comment_status":"open","ping_status":"open","sticky":false,"template":"","format":"standard","meta":{"footnotes":""},"categories":[41],"tags":[],"class_list":{"0":"post-8550","1":"post","2":"type-post","3":"status-publish","4":"format-standard","5":"has-post-thumbnail","7":"category-noticias"},"_links":{"self":[{"href":"https:\/\/noticiarioregional.com.br\/index.php?rest_route=\/wp\/v2\/posts\/8550","targetHints":{"allow":["GET"]}}],"collection":[{"href":"https:\/\/noticiarioregional.com.br\/index.php?rest_route=\/wp\/v2\/posts"}],"about":[{"href":"https:\/\/noticiarioregional.com.br\/index.php?rest_route=\/wp\/v2\/types\/post"}],"author":[{"embeddable":true,"href":"https:\/\/noticiarioregional.com.br\/index.php?rest_route=\/wp\/v2\/users\/1"}],"replies":[{"embeddable":true,"href":"https:\/\/noticiarioregional.com.br\/index.php?rest_route=%2Fwp%2Fv2%2Fcomments&post=8550"}],"version-history":[{"count":1,"href":"https:\/\/noticiarioregional.com.br\/index.php?rest_route=\/wp\/v2\/posts\/8550\/revisions"}],"predecessor-version":[{"id":8553,"href":"https:\/\/noticiarioregional.com.br\/index.php?rest_route=\/wp\/v2\/posts\/8550\/revisions\/8553"}],"wp:featuredmedia":[{"embeddable":true,"href":"https:\/\/noticiarioregional.com.br\/index.php?rest_route=\/wp\/v2\/media\/8551"}],"wp:attachment":[{"href":"https:\/\/noticiarioregional.com.br\/index.php?rest_route=%2Fwp%2Fv2%2Fmedia&parent=8550"}],"wp:term":[{"taxonomy":"category","embeddable":true,"href":"https:\/\/noticiarioregional.com.br\/index.php?rest_route=%2Fwp%2Fv2%2Fcategories&post=8550"},{"taxonomy":"post_tag","embeddable":true,"href":"https:\/\/noticiarioregional.com.br\/index.php?rest_route=%2Fwp%2Fv2%2Ftags&post=8550"}],"curies":[{"name":"wp","href":"https:\/\/api.w.org\/{rel}","templated":true}]}}