{"id":8557,"date":"2026-02-12T10:15:31","date_gmt":"2026-02-12T13:15:31","guid":{"rendered":"https:\/\/noticiarioregional.com.br\/?p=8557"},"modified":"2026-02-12T10:15:32","modified_gmt":"2026-02-12T13:15:32","slug":"secretaria-intensifica-melhorias-nas-estradas-do-interior-apos-danos-causados-pelas-chuvas","status":"publish","type":"post","link":"https:\/\/noticiarioregional.com.br\/?p=8557","title":{"rendered":"Secretaria intensifica melhorias nas estradas do interior ap\u00f3s danos causados pelas chuvas"},"content":{"rendered":"\n<p class=\"has-larger-font-size\"><em>Patrolamento, limpeza de bueiros e refor\u00e7o de maquin\u00e1rio marcam in\u00edcio de ano da pasta, segundo o secret\u00e1rio Edson Trentini<\/em><\/p>\n\n\n\n<p><strong>Riqueza &#8211;<\/strong> O setor de melhorias nas estradas do interior iniciou o ano de 2026 com uma for\u00e7a-tarefa voltada \u00e0 recupera\u00e7\u00e3o dos trechos mais afetados pelas chuvas intensas registradas na virada do ano. A informa\u00e7\u00e3o \u00e9 do secret\u00e1rio Edson Trentini, que detalhou o cen\u00e1rio encontrado pelas equipes e as principais a\u00e7\u00f5es em andamento para garantir a trafegabilidade, especialmente diante da retomada das atividades e do in\u00edcio do transporte escolar.<\/p>\n\n\n\n<p>De acordo com o secret\u00e1rio, os trabalhos de patrolamento est\u00e3o sendo realizados, neste primeiro momento, com duas motoniveladoras do pr\u00f3prio munic\u00edpio. \u201c<em>Estamos fazendo patrolamento por enquanto com as nossas duas patrolas, aquelas mais antigas. Uma delas, inclusive, apresenta certa defici\u00eancia, n\u00e3o pode for\u00e7ar muito porque est\u00e1 mais fraca<\/em>\u201d, explicou Trentini, ressaltando as limita\u00e7\u00f5es operacionais enfrentadas pela secretaria.<\/p>\n\n\n\n<p>Para refor\u00e7ar a capacidade de atendimento, a expectativa \u00e9 que, ainda nesta semana, uma empresa terceirizada passe a dar apoio no servi\u00e7o de patrolamento. A medida \u00e9 considerada essencial diante da urg\u00eancia em recuperar as estradas, prejudicadas pela enxurrada que atingiu diversas comunidades do interior.<\/p>\n\n\n\n<p>A intensifica\u00e7\u00e3o dos trabalhos tamb\u00e9m est\u00e1 diretamente ligada ao in\u00edcio do transporte escolar, previsto para a pr\u00f3xima semana. Segundo o secret\u00e1rio, garantir estradas em condi\u00e7\u00f5es adequadas \u00e9 fundamental para assegurar a seguran\u00e7a e a pontualidade dos alunos que dependem do servi\u00e7o. \u201c<em>Vamos ter que intensificar esse trabalho at\u00e9 por causa do transporte escolar tamb\u00e9m, que semana que vem come\u00e7a as aulas<\/em>\u201d, refor\u00e7ou.<\/p>\n\n\n\n<p>Outro ponto destacado por Trentini \u00e9 a chegada de novos equipamentos que devem fortalecer as frentes de trabalho nos pr\u00f3ximos dias. Um caminh\u00e3o basculante j\u00e1 foi entregue ao munic\u00edpio e aguarda apenas a finaliza\u00e7\u00e3o da documenta\u00e7\u00e3o e o emplacamento para come\u00e7ar a operar. Al\u00e9m disso, a secretaria aguarda a chegada de uma nova motoniveladora, que dever\u00e1 ampliar significativamente a capacidade de atendimento nas comunidades do interior.<\/p>\n\n\n\n<p>Atualmente, as m\u00e1quinas est\u00e3o distribu\u00eddas em diferentes pontos do munic\u00edpio, atendendo as demandas de infraestrutura rural. Uma das escavadeiras realiza servi\u00e7os de terraplanagem para a constru\u00e7\u00e3o de uma pocilga na localidade de Jata\u00ed, com o apoio de um trator de esteira. Outro trator de esteira est\u00e1 atuando na execu\u00e7\u00e3o de horas de b\u00f4nus, adiantando servi\u00e7os previstos no cronograma da secretaria.<\/p>\n\n\n\n<p>As motoniveladoras, por sua vez, concentram esfor\u00e7os na regi\u00e3o da Farroupilha, nas proximidades de S\u00e3o Jos\u00e9 do Laranjal. O objetivo \u00e9 recuperar o leito da via, nivelar o solo e restabelecer condi\u00e7\u00f5es adequadas de. Al\u00e9m do patrolamento, a secretaria tamb\u00e9m atua na limpeza e recupera\u00e7\u00e3o de bueiros e sistemas de drenagem, fortemente danificados pelas enxurradas. Uma das escavadeiras est\u00e1 realizando a substitui\u00e7\u00e3o e o reparo de tubula\u00e7\u00f5es na localidade da Cambucica e na comunidade de Anta Gorda Alta.<\/p>\n\n\n\n<p>Segundo Trentini, esses servi\u00e7os s\u00e3o fundamentais para evitar novos alagamentos e preservar a durabilidade das estradas.&nbsp; O secret\u00e1rio destacou que, apesar das dificuldades enfrentadas com o maquin\u00e1rio antigo e dos danos causados pelas chuvas, a equipe est\u00e1 empenhada em atender todas as regi\u00f5es do munic\u00edpio. A estrat\u00e9gia, neste momento, \u00e9 priorizar os pontos mais cr\u00edticos, garantir a circula\u00e7\u00e3o do transporte escolar e, gradativamente, avan\u00e7ar para a manuten\u00e7\u00e3o preventiva das demais estradas.<\/p>\n","protected":false},"excerpt":{"rendered":"<p>Patrolamento, limpeza de bueiros e refor\u00e7o de maquin\u00e1rio marcam in\u00edcio de ano da pasta, segundo o secret\u00e1rio Edson Trentini Riqueza &#8211; O setor de melhorias nas estradas do interior iniciou o ano de 2026 com uma for\u00e7a-tarefa voltada \u00e0 recupera\u00e7\u00e3o dos trechos mais afetados pelas chuvas intensas registradas na virada do ano. A informa\u00e7\u00e3o \u00e9<\/p>\n","protected":false},"author":1,"featured_media":8558,"comment_status":"open","ping_status":"open","sticky":false,"template":"","format":"standard","meta":{"footnotes":""},"categories":[41],"tags":[],"class_list":{"0":"post-8557","1":"post","2":"type-post","3":"status-publish","4":"format-standard","5":"has-post-thumbnail","7":"category-noticias"},"_links":{"self":[{"href":"https:\/\/noticiarioregional.com.br\/index.php?rest_route=\/wp\/v2\/posts\/8557","targetHints":{"allow":["GET"]}}],"collection":[{"href":"https:\/\/noticiarioregional.com.br\/index.php?rest_route=\/wp\/v2\/posts"}],"about":[{"href":"https:\/\/noticiarioregional.com.br\/index.php?rest_route=\/wp\/v2\/types\/post"}],"author":[{"embeddable":true,"href":"https:\/\/noticiarioregional.com.br\/index.php?rest_route=\/wp\/v2\/users\/1"}],"replies":[{"embeddable":true,"href":"https:\/\/noticiarioregional.com.br\/index.php?rest_route=%2Fwp%2Fv2%2Fcomments&post=8557"}],"version-history":[{"count":1,"href":"https:\/\/noticiarioregional.com.br\/index.php?rest_route=\/wp\/v2\/posts\/8557\/revisions"}],"predecessor-version":[{"id":8559,"href":"https:\/\/noticiarioregional.com.br\/index.php?rest_route=\/wp\/v2\/posts\/8557\/revisions\/8559"}],"wp:featuredmedia":[{"embeddable":true,"href":"https:\/\/noticiarioregional.com.br\/index.php?rest_route=\/wp\/v2\/media\/8558"}],"wp:attachment":[{"href":"https:\/\/noticiarioregional.com.br\/index.php?rest_route=%2Fwp%2Fv2%2Fmedia&parent=8557"}],"wp:term":[{"taxonomy":"category","embeddable":true,"href":"https:\/\/noticiarioregional.com.br\/index.php?rest_route=%2Fwp%2Fv2%2Fcategories&post=8557"},{"taxonomy":"post_tag","embeddable":true,"href":"https:\/\/noticiarioregional.com.br\/index.php?rest_route=%2Fwp%2Fv2%2Ftags&post=8557"}],"curies":[{"name":"wp","href":"https:\/\/api.w.org\/{rel}","templated":true}]}}