{"id":8560,"date":"2026-02-12T10:17:10","date_gmt":"2026-02-12T13:17:10","guid":{"rendered":"https:\/\/noticiarioregional.com.br\/?p=8560"},"modified":"2026-02-12T10:17:11","modified_gmt":"2026-02-12T13:17:11","slug":"atividades-com-a-terceira-idade-serao-retomadas-com-programacao-especial-nos-dias-12-e-13-de-fevereiro","status":"publish","type":"post","link":"https:\/\/noticiarioregional.com.br\/?p=8560","title":{"rendered":"Atividades com a terceira idade ser\u00e3o retomadas com programa\u00e7\u00e3o especial nos dias 12 e 13 de fevereiro"},"content":{"rendered":"\n<p class=\"has-larger-font-size\"><em>Evento ser\u00e1 realizado em parceria com o hospital\/Instituo Sant\u00e9<\/em><\/p>\n\n\n\n<p><strong>S\u00e3o Jo\u00e3o do Oeste \u2013<\/strong> O munic\u00edpio, atrav\u00e9s da coordena\u00e7\u00e3o dos idosos, est\u00e1 organizando uma programa\u00e7\u00e3o especial para a retomada das atividades com os grupos. A coordenadora, Loiva Hoff, explica que nos dias 12 e 13 de fevereiro, tendo como local o pavilh\u00e3o da comunidade cat\u00f3lica da matriz, ser\u00e3o realizados os encontros de in\u00edcio das atividades com os grupos para o ano.<\/p>\n\n\n\n<p>Nos dois dias, haver\u00e1 palestra show e baile com David Freitas e equipe, para garantir dias de alegria e integra\u00e7\u00e3o entre os grupos. Para melhor atender os idosos, Loiva lembra que a programa\u00e7\u00e3o foi dividida em dois dias, sendo que em cada dia ser\u00e3o atendidos grupos diferentes. Na quinta-feira, 12, estar\u00e3o reunidos os grupos das comunidades de Cristo Rei, Macuco, Palmeiras, Medianeira, Alto Macuco, Itacuru\u00e7\u00fa e os grupos da sede de ter\u00e7a e quinta-feira. J\u00e1 na sexta-feira, 13, se re\u00fanem os grupos das comunidades de Beato Roque, Vale Pio, Ervalzinho, Fortaleza, Jaboticaba e o grupo da sede de quarta-feira.<\/p>\n\n\n\n<p>Tanto no dia 12 como no dia 13 de fevereiro a programa\u00e7\u00e3o ser\u00e1 a mesma, iniciando as 14h, com dura\u00e7\u00e3o aproximada de quatro horas. A coordenadora ressalta que o convite se estende a todos os idosos do munic\u00edpio, independente do grupo ou da comunidade.&nbsp; O evento ser\u00e1 realizado em parceria com o Hospital Santa Casa Rural\/Instituto Sant\u00e9, que ser\u00e1 respons\u00e1vel pela copa e cozinha, com a venda de lanches e bebidas.<\/p>\n\n\n\n<p><strong>Calend\u00e1rio de atividades para o ano<\/strong><\/p>\n\n\n\n<p>A coordenadora ressalta que no dia 26 de janeiro foi realizada a primeira reuni\u00e3o do ano pelo Conselho Municipal da Pessoa Idosa, em que foi planejado, discutido e aprovado o calend\u00e1rio de eventos e atividades para o ano. No dia 10 de fevereiro ocorre tamb\u00e9m a reuni\u00e3o com a diretoria dos 14 grupos de idosos.<\/p>\n\n\n\n<p>Loiva ressalta que quinzenalmente ser\u00e1 realizado o encontro com todos os grupos, com uma m\u00e9dia de dois a tr\u00eas encontros por m\u00eas. Estes encontros ocorrem nas ter\u00e7as, quartas e quintas-feiras, iniciando dia 24 de fevereiro, e se estendendo at\u00e9 dia 10 de dezembro. No total ser\u00e3o 28 interc\u00e2mbios durante o ano, sendo dois por grupo, na sede do grupo ou em visita a grupos de outras cidades. Ser\u00e1 mantido o tradicional bailinho dos idosos na terceira sexta-feira do m\u00eas, no Lar dos Idosos. Assim como no ano passado, este ano novamente ser\u00e3o realizados os encontr\u00f5es municipais, dividindo os grupos em tr\u00eas locais, ainda a serem definidos.<\/p>\n\n\n\n<p>Uma das novidades para este ano, segundo a coordenadora, \u00e9 a organiza\u00e7\u00e3o de uma tarde de canto e m\u00fasica com o objetivo de resgatar o canto alem\u00e3o. A data em que esta atividade ser\u00e1 realizada ser\u00e1 definida em conjunto com as diretorias dos grupos. Loiva enfatiza que \u00e9 algo que j\u00e1 ocorria em anos anteriores, e est\u00e1 sendo retomado a pedido dos pr\u00f3prios idosos. <em>\u201cDurante o ano teremos muitas novidades, sempre pensando no melhor para a terceira idade, em mais atividades, mais acolhida, mais conversa. Pois tudo isso retorna em sa\u00fade e qualidade de vida. Quanto mais n\u00f3s conseguirmos envolver os idosos, indiferente da sua idade, melhor ser\u00e1 para eles\u201d,<\/em> enaltece a coordenadora.<\/p>\n","protected":false},"excerpt":{"rendered":"<p>Evento ser\u00e1 realizado em parceria com o hospital\/Instituo Sant\u00e9 S\u00e3o Jo\u00e3o do Oeste \u2013 O munic\u00edpio, atrav\u00e9s da coordena\u00e7\u00e3o dos idosos, est\u00e1 organizando uma programa\u00e7\u00e3o especial para a retomada das atividades com os grupos. A coordenadora, Loiva Hoff, explica que nos dias 12 e 13 de fevereiro, tendo como local o pavilh\u00e3o da comunidade cat\u00f3lica<\/p>\n","protected":false},"author":1,"featured_media":8561,"comment_status":"open","ping_status":"open","sticky":false,"template":"","format":"standard","meta":{"footnotes":""},"categories":[41],"tags":[],"class_list":{"0":"post-8560","1":"post","2":"type-post","3":"status-publish","4":"format-standard","5":"has-post-thumbnail","7":"category-noticias"},"_links":{"self":[{"href":"https:\/\/noticiarioregional.com.br\/index.php?rest_route=\/wp\/v2\/posts\/8560","targetHints":{"allow":["GET"]}}],"collection":[{"href":"https:\/\/noticiarioregional.com.br\/index.php?rest_route=\/wp\/v2\/posts"}],"about":[{"href":"https:\/\/noticiarioregional.com.br\/index.php?rest_route=\/wp\/v2\/types\/post"}],"author":[{"embeddable":true,"href":"https:\/\/noticiarioregional.com.br\/index.php?rest_route=\/wp\/v2\/users\/1"}],"replies":[{"embeddable":true,"href":"https:\/\/noticiarioregional.com.br\/index.php?rest_route=%2Fwp%2Fv2%2Fcomments&post=8560"}],"version-history":[{"count":1,"href":"https:\/\/noticiarioregional.com.br\/index.php?rest_route=\/wp\/v2\/posts\/8560\/revisions"}],"predecessor-version":[{"id":8562,"href":"https:\/\/noticiarioregional.com.br\/index.php?rest_route=\/wp\/v2\/posts\/8560\/revisions\/8562"}],"wp:featuredmedia":[{"embeddable":true,"href":"https:\/\/noticiarioregional.com.br\/index.php?rest_route=\/wp\/v2\/media\/8561"}],"wp:attachment":[{"href":"https:\/\/noticiarioregional.com.br\/index.php?rest_route=%2Fwp%2Fv2%2Fmedia&parent=8560"}],"wp:term":[{"taxonomy":"category","embeddable":true,"href":"https:\/\/noticiarioregional.com.br\/index.php?rest_route=%2Fwp%2Fv2%2Fcategories&post=8560"},{"taxonomy":"post_tag","embeddable":true,"href":"https:\/\/noticiarioregional.com.br\/index.php?rest_route=%2Fwp%2Fv2%2Ftags&post=8560"}],"curies":[{"name":"wp","href":"https:\/\/api.w.org\/{rel}","templated":true}]}}