{"id":8574,"date":"2026-02-13T08:03:17","date_gmt":"2026-02-13T11:03:17","guid":{"rendered":"https:\/\/noticiarioregional.com.br\/?p=8574"},"modified":"2026-02-13T08:03:19","modified_gmt":"2026-02-13T11:03:19","slug":"epagri-de-riqueza-conta-com-novo-extensionista-rural","status":"publish","type":"post","link":"https:\/\/noticiarioregional.com.br\/?p=8574","title":{"rendered":"Epagri de Riqueza conta com novo Extensionista Rural"},"content":{"rendered":"\n<p>O munic\u00edpio de Riqueza passou a contar, a partir deste ano, com um novo profissional refor\u00e7ando as a\u00e7\u00f5es de apoio e desenvolvimento da agricultura local. Trata-se do engenheiro agr\u00f4nomo Guilherme Ribeiro Gomes, natural de Florian\u00f3polis, que assumiu oficialmente o cargo de Extensionista Rural na unidade da Empresa de Pesquisa Agropecu\u00e1ria e Extens\u00e3o Rural de Santa Catarina no munic\u00edpio.<\/p>\n\n\n\n<p>Em conversa com o Notici\u00e1rio Regional, Guilherme destacou o entusiasmo e o compromisso com a nova fun\u00e7\u00e3o. Segundo ele, a expectativa \u00e9 contribuir de forma efetiva para o crescimento da agricultura local, auxiliando os produtores a aprimorarem suas atividades, adotarem novas tecnologias e ampliarem a produtividade com responsabilidade ambiental.<\/p>\n\n\n\n<p>Al\u00e9m do trabalho t\u00e9cnico no campo, o novo extensionista ressaltou a import\u00e2ncia da integra\u00e7\u00e3o com a comunidade. Para Guilherme, o v\u00ednculo com os produtores e com a sociedade local \u00e9 essencial para que as a\u00e7\u00f5es da Epagri tenham resultados concretos e duradouros. \u201c<em>Quero me integrar \u00e0 sociedade aqui de Riqueza, fazer parte do grupo, fazer amigos e fazer o que for poss\u00edvel para dar o melhor para o munic\u00edpio. Espero que isso possa se concretizar de uma forma conjunta com toda a comunidade<\/em>\u201d, completou. Guilherme tamb\u00e9m declara que deseja fortalecer o compromisso da institui\u00e7\u00e3o em promover o desenvolvimento rural sustent\u00e1vel, levando conhecimento, inova\u00e7\u00e3o e assist\u00eancia t\u00e9cnica aos agricultores.<\/p>\n","protected":false},"excerpt":{"rendered":"<p>O munic\u00edpio de Riqueza passou a contar, a partir deste ano, com um novo profissional refor\u00e7ando as a\u00e7\u00f5es de apoio e desenvolvimento da agricultura local. Trata-se do engenheiro agr\u00f4nomo Guilherme Ribeiro Gomes, natural de Florian\u00f3polis, que assumiu oficialmente o cargo de Extensionista Rural na unidade da Empresa de Pesquisa Agropecu\u00e1ria e Extens\u00e3o Rural de Santa<\/p>\n","protected":false},"author":1,"featured_media":8575,"comment_status":"open","ping_status":"open","sticky":false,"template":"","format":"standard","meta":{"footnotes":""},"categories":[41],"tags":[],"class_list":{"0":"post-8574","1":"post","2":"type-post","3":"status-publish","4":"format-standard","5":"has-post-thumbnail","7":"category-noticias"},"_links":{"self":[{"href":"https:\/\/noticiarioregional.com.br\/index.php?rest_route=\/wp\/v2\/posts\/8574","targetHints":{"allow":["GET"]}}],"collection":[{"href":"https:\/\/noticiarioregional.com.br\/index.php?rest_route=\/wp\/v2\/posts"}],"about":[{"href":"https:\/\/noticiarioregional.com.br\/index.php?rest_route=\/wp\/v2\/types\/post"}],"author":[{"embeddable":true,"href":"https:\/\/noticiarioregional.com.br\/index.php?rest_route=\/wp\/v2\/users\/1"}],"replies":[{"embeddable":true,"href":"https:\/\/noticiarioregional.com.br\/index.php?rest_route=%2Fwp%2Fv2%2Fcomments&post=8574"}],"version-history":[{"count":1,"href":"https:\/\/noticiarioregional.com.br\/index.php?rest_route=\/wp\/v2\/posts\/8574\/revisions"}],"predecessor-version":[{"id":8576,"href":"https:\/\/noticiarioregional.com.br\/index.php?rest_route=\/wp\/v2\/posts\/8574\/revisions\/8576"}],"wp:featuredmedia":[{"embeddable":true,"href":"https:\/\/noticiarioregional.com.br\/index.php?rest_route=\/wp\/v2\/media\/8575"}],"wp:attachment":[{"href":"https:\/\/noticiarioregional.com.br\/index.php?rest_route=%2Fwp%2Fv2%2Fmedia&parent=8574"}],"wp:term":[{"taxonomy":"category","embeddable":true,"href":"https:\/\/noticiarioregional.com.br\/index.php?rest_route=%2Fwp%2Fv2%2Fcategories&post=8574"},{"taxonomy":"post_tag","embeddable":true,"href":"https:\/\/noticiarioregional.com.br\/index.php?rest_route=%2Fwp%2Fv2%2Ftags&post=8574"}],"curies":[{"name":"wp","href":"https:\/\/api.w.org\/{rel}","templated":true}]}}