{"id":8577,"date":"2026-02-13T08:04:22","date_gmt":"2026-02-13T11:04:22","guid":{"rendered":"https:\/\/noticiarioregional.com.br\/?p=8577"},"modified":"2026-02-13T08:05:33","modified_gmt":"2026-02-13T11:05:33","slug":"emeb-cinderela-ira-atender-cerca-de-300-alunos-nos-tres-niveis-de-ensino","status":"publish","type":"post","link":"https:\/\/noticiarioregional.com.br\/?p=8577","title":{"rendered":"EMEB Cinderela ir\u00e1 atender cerca de 300 alunos nos tr\u00eas n\u00edveis de ensino"},"content":{"rendered":"\n<p class=\"has-larger-font-size\"><em>Aulas ser\u00e3o retomadas no dia 11 de fevereiro<\/em><\/p>\n\n\n\n<p><strong>Santa Helena \u2013<\/strong> A rede municipal de ensino \u00e9 composta pela EMEB Cinderela, que em tr\u00eas pr\u00e9dios atende alunos desde a creche, educa\u00e7\u00e3o infantil e ensino fundamental. A diretora da escola, professora Marli Nicodem Immig, destaca que nesta primeira semana de fevereiro, nos dias 4, 5 e 6, est\u00e3o sendo realizadas as forma\u00e7\u00f5es pedag\u00f3gicas com os professores da rede. Os encontros contemplam o planejamento do Projeto Pedag\u00f3gico para o primeiro trimestre e palestra sobre escuta especializada em parceria com o setor de Assist\u00eancia Social voltada aos profissionais que atuam diretamente com crian\u00e7as. Nesta sexta-feira, 06, os professores participam de forma\u00e7\u00e3o em BNCC Computa\u00e7\u00e3o, na Universidade Federal da Fronteira Sul de Chapec\u00f3.<\/p>\n\n\n\n<p>Em fun\u00e7\u00e3o da import\u00e2ncia da parceria entre escola e fam\u00edlia, a diretora comenta que ser\u00e1 realizada uma reuni\u00e3o de alinhamento com os pais e respons\u00e1veis de todos os alunos da rede municipal, fortalecendo o di\u00e1logo e o acompanhamento da vida escolar. Como j\u00e1 \u00e9 tradi\u00e7\u00e3o, no primeiro dia de aula, no dia 11 de fevereiro, Marli cita que os estudantes receber\u00e3o um kit de material escolar. Atualmente, EMEB Cinderela atende cerca de 300 alunos, desde o ber\u00e7\u00e1rio, a partir de 6 meses de idade, at\u00e9 o 5\u00ba ano do ensino fundamental, incluindo a educa\u00e7\u00e3o em tempo integral que abrange as turmas da educa\u00e7\u00e3o infantil e do ensino fundamental.<\/p>\n\n\n\n<p>Ao longo de todo o ano letivo, a diretora lembra que os professores ir\u00e3o participar da forma\u00e7\u00e3o do Compromisso Nacional Crian\u00e7a Alfabetizada, que d\u00e1 continuidade ao Programa Nacional de Alfabetiza\u00e7\u00e3o, com o objetivo de alfabetizar crian\u00e7as at\u00e9 o 2\u00ba ano do ensino fundamental, recuperar aprendizagens nos anos iniciais e fortalecer pr\u00e1ticas pedag\u00f3gicas frente aos desafios educacionais. As forma\u00e7\u00f5es ser\u00e3o realizadas no polo regional de Ipor\u00e3 do Oeste.<\/p>\n\n\n\n<p>&nbsp;&nbsp;&nbsp;&nbsp;&nbsp;&nbsp;&nbsp;&nbsp;&nbsp;&nbsp;&nbsp; Tamb\u00e9m ser\u00e1 desenvolvida a forma\u00e7\u00e3o do Programa Leitura e Escrita na Educa\u00e7\u00e3o Infantil, ProLEEI, iniciativa do Minist\u00e9rio da Educa\u00e7\u00e3o que \u00e9 vinculada ao Compromisso Nacional Crian\u00e7a Alfabetizada e voltada \u00e0 forma\u00e7\u00e3o continuada de educadores da pr\u00e9-escola, que ser\u00e1 realizada no pr\u00f3prio munic\u00edpio. <em>\u201cA Rede Municipal de Ensino aguarda seus estudantes com carinho e deseja a todos um excelente retorno \u00e0s aulas, refor\u00e7ando o compromisso com a educa\u00e7\u00e3o de qualidade\u201d, <\/em>enaltece a diretora Marli, em nome da escola e da secretaria de Educa\u00e7\u00e3o.<\/p>\n","protected":false},"excerpt":{"rendered":"<p>Aulas ser\u00e3o retomadas no dia 11 de fevereiro Santa Helena \u2013 A rede municipal de ensino \u00e9 composta pela EMEB Cinderela, que em tr\u00eas pr\u00e9dios atende alunos desde a creche, educa\u00e7\u00e3o infantil e ensino fundamental. A diretora da escola, professora Marli Nicodem Immig, destaca que nesta primeira semana de fevereiro, nos dias 4, 5 e<\/p>\n","protected":false},"author":1,"featured_media":8578,"comment_status":"open","ping_status":"open","sticky":false,"template":"","format":"standard","meta":{"footnotes":""},"categories":[41],"tags":[],"class_list":{"0":"post-8577","1":"post","2":"type-post","3":"status-publish","4":"format-standard","5":"has-post-thumbnail","7":"category-noticias"},"_links":{"self":[{"href":"https:\/\/noticiarioregional.com.br\/index.php?rest_route=\/wp\/v2\/posts\/8577","targetHints":{"allow":["GET"]}}],"collection":[{"href":"https:\/\/noticiarioregional.com.br\/index.php?rest_route=\/wp\/v2\/posts"}],"about":[{"href":"https:\/\/noticiarioregional.com.br\/index.php?rest_route=\/wp\/v2\/types\/post"}],"author":[{"embeddable":true,"href":"https:\/\/noticiarioregional.com.br\/index.php?rest_route=\/wp\/v2\/users\/1"}],"replies":[{"embeddable":true,"href":"https:\/\/noticiarioregional.com.br\/index.php?rest_route=%2Fwp%2Fv2%2Fcomments&post=8577"}],"version-history":[{"count":1,"href":"https:\/\/noticiarioregional.com.br\/index.php?rest_route=\/wp\/v2\/posts\/8577\/revisions"}],"predecessor-version":[{"id":8579,"href":"https:\/\/noticiarioregional.com.br\/index.php?rest_route=\/wp\/v2\/posts\/8577\/revisions\/8579"}],"wp:featuredmedia":[{"embeddable":true,"href":"https:\/\/noticiarioregional.com.br\/index.php?rest_route=\/wp\/v2\/media\/8578"}],"wp:attachment":[{"href":"https:\/\/noticiarioregional.com.br\/index.php?rest_route=%2Fwp%2Fv2%2Fmedia&parent=8577"}],"wp:term":[{"taxonomy":"category","embeddable":true,"href":"https:\/\/noticiarioregional.com.br\/index.php?rest_route=%2Fwp%2Fv2%2Fcategories&post=8577"},{"taxonomy":"post_tag","embeddable":true,"href":"https:\/\/noticiarioregional.com.br\/index.php?rest_route=%2Fwp%2Fv2%2Ftags&post=8577"}],"curies":[{"name":"wp","href":"https:\/\/api.w.org\/{rel}","templated":true}]}}