{"id":8583,"date":"2026-02-13T08:10:41","date_gmt":"2026-02-13T11:10:41","guid":{"rendered":"https:\/\/noticiarioregional.com.br\/?p=8583"},"modified":"2026-02-13T08:10:43","modified_gmt":"2026-02-13T11:10:43","slug":"diretora-orienta-familias-sobre-importancia-do-periodo-de-adaptacao-para-as-criancas","status":"publish","type":"post","link":"https:\/\/noticiarioregional.com.br\/?p=8583","title":{"rendered":"Diretora orienta fam\u00edlias sobre import\u00e2ncia do per\u00edodo de adapta\u00e7\u00e3o para as crian\u00e7as"},"content":{"rendered":"\n<p class=\"has-text-align-center has-larger-font-size\"><strong>Diretora orienta fam\u00edlias sobre import\u00e2ncia do per\u00edodo de adapta\u00e7\u00e3o para as crian\u00e7as<\/strong><\/p>\n\n\n\n<p><strong>Ipor\u00e3 do Oeste \u2013<\/strong> Assim como as demais escolas da rede municipal, o EMEI Crian\u00e7a Feliz retoma as atividades a partir do dia 11 de fevereiro. Em fun\u00e7\u00e3o de atender crian\u00e7as de quatro meses a quatro anos incompletos, a creche realiza um per\u00edodo de adapta\u00e7\u00e3o que inicia com encontros de orienta\u00e7\u00e3o as fam\u00edlias.<\/p>\n\n\n\n<p>A diretora, Celita Bido, explica que no dia 11 de fevereiro, com in\u00edcio \u00e0s 7h30 na escola, ser\u00e1 realizada uma reuni\u00e3o informativa com os pais ou respons\u00e1veis das turmas do ber\u00e7\u00e1rio e maternal I. &nbsp;Posteriormente, ser\u00e1 realizada ainda uma reuni\u00e3o de turma, em que a professora ir\u00e1 explicar aos familiares como \u00e9 feita a adapta\u00e7\u00e3o e o trabalho com as crian\u00e7as. Celita afirma que \u00e9 importante que os pais estejam seguros e confiantes para que esse per\u00edodo em que as crian\u00e7as vem a escola para se adaptar ao ambiente e aos profissionais, ocorra da melhor forma poss\u00edvel. &nbsp;<\/p>\n\n\n\n<p>Tamb\u00e9m no dia 11 de fevereiro, \u00e0 tarde, a partir das 13h15, tendo como local o Centro Educacional Ad\u00e9lio Marx, ser\u00e1 realizada a reuni\u00e3o informativa com os pais ou respons\u00e1veis das crian\u00e7as do maternal II e maternal III. As turmas de maternal s\u00e3o atendidas no EMEI, e as do ber\u00e7\u00e1rio s\u00e3o atendidas no pr\u00e9dio que fica ao lado do quartel dos bombeiros.<\/p>\n\n\n\n<p>No dia 12 de fevereiro ser\u00e1 realizado o Dia da Fam\u00edlia na escola. Celita esclarece que por duas horas de manh\u00e3, das 7h30 \u00e0s 9h30, e a tarde das 13h15 \u00e0s 15h15, os pais vem a escola acompanhados das crian\u00e7as, no turno em que est\u00e3o matriculadas e podendo optar pelo melhor hor\u00e1rio, para conhecer o espa\u00e7o em si e a professora de turma. A diretora lembra que a crian\u00e7a ainda n\u00e3o permanece na escola, somente fica esse per\u00edodo junto com os pais.<\/p>\n\n\n\n<p>O per\u00edodo de adapta\u00e7\u00e3o inicia dia 13 de fevereiro, em que a crian\u00e7a vem a escola por duas horas, desta vez sem que os pais permane\u00e7am juntos. Dias 13 e 18 a adapta\u00e7\u00e3o ser\u00e1 para as turmas do maternal II e III. Dias 13, 18, 19 e 20 de fevereiro a adapta\u00e7\u00e3o ser\u00e1 para o ber\u00e7\u00e1rio e maternal I. <em>\u201cA adapta\u00e7\u00e3o \u00e9 fundamental porque as crian\u00e7as vem do ambiente familiar, para um ambiente totalmente diferente. \u00c9 preciso esse per\u00edodo para se adaptarem a escola e as pessoas. Para crian\u00e7as que j\u00e1 frequentavam a escola \u00e9 a adapta\u00e7\u00e3o aos novos profissionais, nova sala e novos colegas. Se a crian\u00e7a se sente segura agora, o restante do ano flui de forma melhor\u201d,<\/em> enfatiza a diretora.<\/p>\n\n\n\n<p>Celita comenta que at\u00e9 o momento o EMEI possui 17 turmas, o que representa cerca de 230 alunos, de quatro meses a quatro anos incompletos, conforme especifica o edital de matr\u00edculas. Na \u00faltima semana foi realizado um novo per\u00edodo de matr\u00edculas. Durante o ano o ingresso de novas crian\u00e7as ocorre conforme a disponibilidade de vagas. Este ano a diretora cita que houve uma redu\u00e7\u00e3o no n\u00famero de alunos, o que \u00e9 resultado do n\u00famero de nascimentos, e tamb\u00e9m, por conta da reativa\u00e7\u00e3o do pr\u00e9-escolar em S\u00e3o Louren\u00e7o, j\u00e1 em 2025. Na equipe de profissionais, houve altera\u00e7\u00e3o no cargo de assessora de programas educacionais, com a contrata\u00e7\u00e3o da professora Jana\u00edna Ara\u00fajo Brasil.<\/p>\n","protected":false},"excerpt":{"rendered":"<p>Diretora orienta fam\u00edlias sobre import\u00e2ncia do per\u00edodo de adapta\u00e7\u00e3o para as crian\u00e7as Ipor\u00e3 do Oeste \u2013 Assim como as demais escolas da rede municipal, o EMEI Crian\u00e7a Feliz retoma as atividades a partir do dia 11 de fevereiro. Em fun\u00e7\u00e3o de atender crian\u00e7as de quatro meses a quatro anos incompletos, a creche realiza um per\u00edodo<\/p>\n","protected":false},"author":1,"featured_media":8584,"comment_status":"open","ping_status":"open","sticky":false,"template":"","format":"standard","meta":{"footnotes":""},"categories":[41],"tags":[],"class_list":{"0":"post-8583","1":"post","2":"type-post","3":"status-publish","4":"format-standard","5":"has-post-thumbnail","7":"category-noticias"},"_links":{"self":[{"href":"https:\/\/noticiarioregional.com.br\/index.php?rest_route=\/wp\/v2\/posts\/8583","targetHints":{"allow":["GET"]}}],"collection":[{"href":"https:\/\/noticiarioregional.com.br\/index.php?rest_route=\/wp\/v2\/posts"}],"about":[{"href":"https:\/\/noticiarioregional.com.br\/index.php?rest_route=\/wp\/v2\/types\/post"}],"author":[{"embeddable":true,"href":"https:\/\/noticiarioregional.com.br\/index.php?rest_route=\/wp\/v2\/users\/1"}],"replies":[{"embeddable":true,"href":"https:\/\/noticiarioregional.com.br\/index.php?rest_route=%2Fwp%2Fv2%2Fcomments&post=8583"}],"version-history":[{"count":1,"href":"https:\/\/noticiarioregional.com.br\/index.php?rest_route=\/wp\/v2\/posts\/8583\/revisions"}],"predecessor-version":[{"id":8585,"href":"https:\/\/noticiarioregional.com.br\/index.php?rest_route=\/wp\/v2\/posts\/8583\/revisions\/8585"}],"wp:featuredmedia":[{"embeddable":true,"href":"https:\/\/noticiarioregional.com.br\/index.php?rest_route=\/wp\/v2\/media\/8584"}],"wp:attachment":[{"href":"https:\/\/noticiarioregional.com.br\/index.php?rest_route=%2Fwp%2Fv2%2Fmedia&parent=8583"}],"wp:term":[{"taxonomy":"category","embeddable":true,"href":"https:\/\/noticiarioregional.com.br\/index.php?rest_route=%2Fwp%2Fv2%2Fcategories&post=8583"},{"taxonomy":"post_tag","embeddable":true,"href":"https:\/\/noticiarioregional.com.br\/index.php?rest_route=%2Fwp%2Fv2%2Ftags&post=8583"}],"curies":[{"name":"wp","href":"https:\/\/api.w.org\/{rel}","templated":true}]}}