{"id":8586,"date":"2026-02-13T08:13:17","date_gmt":"2026-02-13T11:13:17","guid":{"rendered":"https:\/\/noticiarioregional.com.br\/?p=8586"},"modified":"2026-02-13T08:13:18","modified_gmt":"2026-02-13T11:13:18","slug":"cavaleiros-da-regiao-participam-da-40a-cavalgada-do-mar","status":"publish","type":"post","link":"https:\/\/noticiarioregional.com.br\/?p=8586","title":{"rendered":"Cavaleiros da regi\u00e3o participam da 40\u00aa Cavalgada do Mar"},"content":{"rendered":"\n<p class=\"has-text-align-center has-larger-font-size\"><em>Evento iniciou em Torres percorrendo cerca de 150km at\u00e9 Balne\u00e1rio Pinhal<\/em><\/p>\n\n\n\n<p><strong>Ipor\u00e3 do Oeste<\/strong> \u2013 Entre os dias 24 e 30 de janeiro, um grupo de cavaleiros de Ipor\u00e3 do Oeste e Tun\u00e1polis participou da 40\u00aa Cavalgada do Mar, percorrendo a cavalo cidades do Rio Grande do Sul. O evento \u00e9 realizado anualmente, sendo organizado pelo Instituto do Mar, com o apoio das prefeituras que d\u00e3o o suporte no atendimento aos participantes, nos locais para alojamento e na estrutura em si, bem como, da Brigada Militar e uma equipe de veterin\u00e1rios e demais profissionais para a assist\u00eancia aos cavalos. O grupo foi composto por Neide e D\u00e9cio Schroeder, Ivandro Hermes, Ad\u00e9lio (Tuca) e Adriane Weiss e os filhos do casal Andressa e Arthur, Valmor e Janete Lorenzet, Amarildo e Dilce Lorenzet, de Ipor\u00e3 do Oeste e Cl\u00f3vis e Ellen Wuitschick, de Tun\u00e1polis.<\/p>\n\n\n\n<figure class=\"wp-block-image size-large\"><img fetchpriority=\"high\" decoding=\"async\" width=\"768\" height=\"1024\" src=\"http:\/\/noticiarioregional.com.br\/wp-content\/uploads\/2026\/02\/d4ac0941-89c4-4d86-ba3c-bd41529ac59e-768x1024.jpg\" alt=\"\" class=\"wp-image-8590\" srcset=\"https:\/\/noticiarioregional.com.br\/wp-content\/uploads\/2026\/02\/d4ac0941-89c4-4d86-ba3c-bd41529ac59e-768x1024.jpg 768w, https:\/\/noticiarioregional.com.br\/wp-content\/uploads\/2026\/02\/d4ac0941-89c4-4d86-ba3c-bd41529ac59e-225x300.jpg 225w, https:\/\/noticiarioregional.com.br\/wp-content\/uploads\/2026\/02\/d4ac0941-89c4-4d86-ba3c-bd41529ac59e-1152x1536.jpg 1152w, https:\/\/noticiarioregional.com.br\/wp-content\/uploads\/2026\/02\/d4ac0941-89c4-4d86-ba3c-bd41529ac59e-150x200.jpg 150w, https:\/\/noticiarioregional.com.br\/wp-content\/uploads\/2026\/02\/d4ac0941-89c4-4d86-ba3c-bd41529ac59e-450x600.jpg 450w, https:\/\/noticiarioregional.com.br\/wp-content\/uploads\/2026\/02\/d4ac0941-89c4-4d86-ba3c-bd41529ac59e.jpg 1200w\" sizes=\"(max-width: 768px) 100vw, 768px\" \/><\/figure>\n\n\n\n<p>A cavalgada iniciou dia 24 de janeiro saindo de Torres, no Rio Grande do Sul, seguindo em dire\u00e7\u00e3o a Balne\u00e1rio Pinhal. No ano seguinte, os cavaleiros fazem o trajeto contr\u00e1rio, de Pinhal a Torres. O grupo passou pelas cidades de Arroio do Sal, Cap\u00e3o da Canoa, Imb\u00e9, Cidreira e chegando a Balne\u00e1rio Pinhal no dia 30 de janeiro. Em todos os dias, foram cerca de 150 quil\u00f4metros cavalgados. Tamb\u00e9m houve paradas e um dia de descanso garantindo o bem-estar tanto dos cavaleiros como dos animais.<\/p>\n\n\n\n<figure class=\"wp-block-image size-large\"><img decoding=\"async\" width=\"768\" height=\"1024\" src=\"http:\/\/noticiarioregional.com.br\/wp-content\/uploads\/2026\/02\/5343d2ad-982b-4e67-b3f2-3cd8f427a93a-768x1024.jpg\" alt=\"\" class=\"wp-image-8588\" srcset=\"https:\/\/noticiarioregional.com.br\/wp-content\/uploads\/2026\/02\/5343d2ad-982b-4e67-b3f2-3cd8f427a93a-768x1024.jpg 768w, https:\/\/noticiarioregional.com.br\/wp-content\/uploads\/2026\/02\/5343d2ad-982b-4e67-b3f2-3cd8f427a93a-225x300.jpg 225w, https:\/\/noticiarioregional.com.br\/wp-content\/uploads\/2026\/02\/5343d2ad-982b-4e67-b3f2-3cd8f427a93a-150x200.jpg 150w, https:\/\/noticiarioregional.com.br\/wp-content\/uploads\/2026\/02\/5343d2ad-982b-4e67-b3f2-3cd8f427a93a-450x600.jpg 450w, https:\/\/noticiarioregional.com.br\/wp-content\/uploads\/2026\/02\/5343d2ad-982b-4e67-b3f2-3cd8f427a93a.jpg 1071w\" sizes=\"(max-width: 768px) 100vw, 768px\" \/><\/figure>\n\n\n\n<p>A Cavalgada do Mar iniciou h\u00e1 35 anos, como um protesto na \u00e9poca em fun\u00e7\u00e3o do fechamento do Banco Meridional e por quest\u00f5es ligadas a agricultura. J\u00e1 no ano seguinte, a cavalgada teve continuidade, mas a partir de ent\u00e3o com foco no tradicionalismo e na cultura, com a participa\u00e7\u00e3o maior de pessoas a cada edi\u00e7\u00e3o. No ano de 2.000 foi realizada a maior Cavalgada do Mar, considerado o maior evento equestre festivo, reunindo 3.500 cavaleiros, sendo registrada inclusive no Guinness Book, o livro dos recordes.<\/p>\n\n\n\n<p>O Clube do Cavalo Alma Campeira, de Ipor\u00e3 do Oeste, na pessoa do patr\u00e3o Ivandro Hermes, foi um grande apoiador na organiza\u00e7\u00e3o do evento, prestando o suporte necess\u00e1rio aos cavalarianos e ao cuidado dos animais desde o transporte e em todos os dias da cavalgada.<\/p>\n\n\n\n<figure class=\"wp-block-image size-large\"><img decoding=\"async\" width=\"1024\" height=\"768\" src=\"http:\/\/noticiarioregional.com.br\/wp-content\/uploads\/2026\/02\/64fa992f-d37a-40b8-a79b-e4a2dad8b04b-1024x768.jpg\" alt=\"\" class=\"wp-image-8587\" srcset=\"https:\/\/noticiarioregional.com.br\/wp-content\/uploads\/2026\/02\/64fa992f-d37a-40b8-a79b-e4a2dad8b04b-1024x768.jpg 1024w, https:\/\/noticiarioregional.com.br\/wp-content\/uploads\/2026\/02\/64fa992f-d37a-40b8-a79b-e4a2dad8b04b-300x225.jpg 300w, https:\/\/noticiarioregional.com.br\/wp-content\/uploads\/2026\/02\/64fa992f-d37a-40b8-a79b-e4a2dad8b04b-768x576.jpg 768w, https:\/\/noticiarioregional.com.br\/wp-content\/uploads\/2026\/02\/64fa992f-d37a-40b8-a79b-e4a2dad8b04b-150x113.jpg 150w, https:\/\/noticiarioregional.com.br\/wp-content\/uploads\/2026\/02\/64fa992f-d37a-40b8-a79b-e4a2dad8b04b-450x338.jpg 450w, https:\/\/noticiarioregional.com.br\/wp-content\/uploads\/2026\/02\/64fa992f-d37a-40b8-a79b-e4a2dad8b04b-1200x900.jpg 1200w, https:\/\/noticiarioregional.com.br\/wp-content\/uploads\/2026\/02\/64fa992f-d37a-40b8-a79b-e4a2dad8b04b.jpg 1428w\" sizes=\"(max-width: 1024px) 100vw, 1024px\" \/><\/figure>\n\n\n\n<p>Para Neide Schroeder, a participa\u00e7\u00e3o no evento foi emocionante e vai ficar registrado na mem\u00f3ria. <em>\u201cPerceber o quanto as pessoas se empenham para que a cavalgada aconte\u00e7a, acaba sendo ainda mais gratificante para quem participa. A avalia\u00e7\u00e3o que fa\u00e7o \u00e9 muito positiva. H\u00e1 o desgaste, o cansa\u00e7o, pois n\u00e3o estamos no conforto da nossa casa, mas a sensa\u00e7\u00e3o de viver tudo isso compensa muito. Cavalgar na areia, perto do mar, \u00e9 uma energia e uma conex\u00e3o diferentes, que vale a pena viver esses dias com uma estrutura m\u00ednima\u201d.<\/em> Neide destaca tamb\u00e9m a solidariedade que se forma a partir do evento, o v\u00ednculo entre o grupo, em que todos se ajudavam e prestavam o suporte no que foi necess\u00e1rio. O acampamento e as refei\u00e7\u00f5es em todos os dias foram feitos de forma conjunta, com a colabora\u00e7\u00e3o de todos.<\/p>\n","protected":false},"excerpt":{"rendered":"<p>Evento iniciou em Torres percorrendo cerca de 150km at\u00e9 Balne\u00e1rio Pinhal Ipor\u00e3 do Oeste \u2013 Entre os dias 24 e 30 de janeiro, um grupo de cavaleiros de Ipor\u00e3 do Oeste e Tun\u00e1polis participou da 40\u00aa Cavalgada do Mar, percorrendo a cavalo cidades do Rio Grande do Sul. O evento \u00e9 realizado anualmente, sendo organizado<\/p>\n","protected":false},"author":1,"featured_media":8589,"comment_status":"open","ping_status":"open","sticky":false,"template":"","format":"standard","meta":{"footnotes":""},"categories":[41],"tags":[],"class_list":{"0":"post-8586","1":"post","2":"type-post","3":"status-publish","4":"format-standard","5":"has-post-thumbnail","7":"category-noticias"},"_links":{"self":[{"href":"https:\/\/noticiarioregional.com.br\/index.php?rest_route=\/wp\/v2\/posts\/8586","targetHints":{"allow":["GET"]}}],"collection":[{"href":"https:\/\/noticiarioregional.com.br\/index.php?rest_route=\/wp\/v2\/posts"}],"about":[{"href":"https:\/\/noticiarioregional.com.br\/index.php?rest_route=\/wp\/v2\/types\/post"}],"author":[{"embeddable":true,"href":"https:\/\/noticiarioregional.com.br\/index.php?rest_route=\/wp\/v2\/users\/1"}],"replies":[{"embeddable":true,"href":"https:\/\/noticiarioregional.com.br\/index.php?rest_route=%2Fwp%2Fv2%2Fcomments&post=8586"}],"version-history":[{"count":1,"href":"https:\/\/noticiarioregional.com.br\/index.php?rest_route=\/wp\/v2\/posts\/8586\/revisions"}],"predecessor-version":[{"id":8591,"href":"https:\/\/noticiarioregional.com.br\/index.php?rest_route=\/wp\/v2\/posts\/8586\/revisions\/8591"}],"wp:featuredmedia":[{"embeddable":true,"href":"https:\/\/noticiarioregional.com.br\/index.php?rest_route=\/wp\/v2\/media\/8589"}],"wp:attachment":[{"href":"https:\/\/noticiarioregional.com.br\/index.php?rest_route=%2Fwp%2Fv2%2Fmedia&parent=8586"}],"wp:term":[{"taxonomy":"category","embeddable":true,"href":"https:\/\/noticiarioregional.com.br\/index.php?rest_route=%2Fwp%2Fv2%2Fcategories&post=8586"},{"taxonomy":"post_tag","embeddable":true,"href":"https:\/\/noticiarioregional.com.br\/index.php?rest_route=%2Fwp%2Fv2%2Ftags&post=8586"}],"curies":[{"name":"wp","href":"https:\/\/api.w.org\/{rel}","templated":true}]}}