{"id":8592,"date":"2026-02-13T11:36:38","date_gmt":"2026-02-13T14:36:38","guid":{"rendered":"https:\/\/noticiarioregional.com.br\/?p=8592"},"modified":"2026-02-13T11:36:40","modified_gmt":"2026-02-13T14:36:40","slug":"consultorio-medico-da-doutora-marina-da-silva-e-inaugurado-em-novo-endereco-com-novos-servicos-em-saude-e-bem-estar","status":"publish","type":"post","link":"https:\/\/noticiarioregional.com.br\/?p=8592","title":{"rendered":"Consult\u00f3rio m\u00e9dico da Doutora Marina da Silva \u00e9 inaugurado em novo endere\u00e7o com novos servi\u00e7os em sa\u00fade e bem-estar"},"content":{"rendered":"\n<p><strong>Monda\u00ed &#8211;<\/strong> Na manh\u00e3 de ter\u00e7a-feira, 03, foi oficialmente aberto o novo consult\u00f3rio da m\u00e9dica Marina da Silva, que passa a atender em um espa\u00e7o moderno e mais amplo, voltado ao cuidado integral da sa\u00fade, bem-estar e qualidade de vida dos pacientes. A cl\u00ednica, que leva o nome de \u201cSlimVitta\u201d, est\u00e1 localizada na Rua Waldemar Ernesto Glufke, n\u00ba 62, sala 05, na galeria em frente ao F\u00f3rum.<\/p>\n\n\n\n<p>O novo ambiente foi projetado para oferecer mais conforto, acolhimento e estrutura aos pacientes, reunindo em um s\u00f3 lugar atendimento m\u00e9dico, acompanhamento em sa\u00fade preventiva, est\u00e9tica e terapias voltadas ao equil\u00edbrio f\u00edsico e metab\u00f3lico. Segundo a m\u00e9dica, a mudan\u00e7a de endere\u00e7o marca a realiza\u00e7\u00e3o de um sonho antigo: o de contar com um espa\u00e7o que possibilite a atua\u00e7\u00e3o em todas as suas \u00e1reas de especializa\u00e7\u00e3o. \u201c<em>Depois da minha sa\u00edda do posto de sa\u00fade, resolvi investir nesse sonho de ter a minha cl\u00ednica, para poder trabalhar com todas as minhas forma\u00e7\u00f5es, especialmente na medicina est\u00e9tica, no rejuvenescimento, emagrecimento e bem-estar. Aqui conseguimos oferecer um atendimento mais completo e personalizado<\/em>\u201d, destacou Marina.<\/p>\n\n\n\n<p>A SlimVitta atua com uma proposta de atendimento integrado e humanizado. Entre os principais servi\u00e7os disponibilizados est\u00e3o:<\/p>\n\n\n\n<ul class=\"wp-block-list\">\n<li><strong>Cl\u00ednica geral:<\/strong> atendimento a todas as queixas e avalia\u00e7\u00f5es m\u00e9dicas em diversas \u00e1reas da sa\u00fade;<\/li>\n\n\n\n<li><strong>Medicina do trabalho:<\/strong> exames admissionais, peri\u00f3dicos e demissionais para empresas;<\/li>\n\n\n\n<li><strong>Medicina do tr\u00e1fego (Detran):<\/strong> avalia\u00e7\u00f5es para primeira habilita\u00e7\u00e3o, renova\u00e7\u00e3o e adi\u00e7\u00e3o de categoria;<\/li>\n\n\n\n<li><strong>Medicina est\u00e9tica e regenerativa:<\/strong> procedimentos como preenchimentos, bioestimuladores de col\u00e1geno e aplica\u00e7\u00e3o de toxina botul\u00ednica;<\/li>\n\n\n\n<li><strong>Programa de emagrecimento e bem-estar: <\/strong>acompanhamento m\u00e9dico e de enfermagem focado em equil\u00edbrio metab\u00f3lico, qualidade de vida e h\u00e1bitos saud\u00e1veis;<\/li>\n\n\n\n<li><strong>Soroterapia e suplementa\u00e7\u00e3o endovenosa: <\/strong>aplica\u00e7\u00e3o de vitaminas e nutrientes endovenoso e intramuscular, intradermoterapia capilar, conforme an\u00e1lise de exames e necessidades individuais do paciente.<\/li>\n<\/ul>\n\n\n\n<figure class=\"wp-block-image size-large\"><img fetchpriority=\"high\" decoding=\"async\" width=\"683\" height=\"1024\" src=\"http:\/\/noticiarioregional.com.br\/wp-content\/uploads\/2026\/02\/Clinica-vai-atender-areas-da-saude-emagrecimento-e-bem-estar-683x1024.jpg\" alt=\"\" class=\"wp-image-8597\" srcset=\"https:\/\/noticiarioregional.com.br\/wp-content\/uploads\/2026\/02\/Clinica-vai-atender-areas-da-saude-emagrecimento-e-bem-estar-683x1024.jpg 683w, https:\/\/noticiarioregional.com.br\/wp-content\/uploads\/2026\/02\/Clinica-vai-atender-areas-da-saude-emagrecimento-e-bem-estar-200x300.jpg 200w, https:\/\/noticiarioregional.com.br\/wp-content\/uploads\/2026\/02\/Clinica-vai-atender-areas-da-saude-emagrecimento-e-bem-estar-768x1152.jpg 768w, https:\/\/noticiarioregional.com.br\/wp-content\/uploads\/2026\/02\/Clinica-vai-atender-areas-da-saude-emagrecimento-e-bem-estar-1024x1536.jpg 1024w, https:\/\/noticiarioregional.com.br\/wp-content\/uploads\/2026\/02\/Clinica-vai-atender-areas-da-saude-emagrecimento-e-bem-estar-1365x2048.jpg 1365w, https:\/\/noticiarioregional.com.br\/wp-content\/uploads\/2026\/02\/Clinica-vai-atender-areas-da-saude-emagrecimento-e-bem-estar-150x225.jpg 150w, https:\/\/noticiarioregional.com.br\/wp-content\/uploads\/2026\/02\/Clinica-vai-atender-areas-da-saude-emagrecimento-e-bem-estar-450x675.jpg 450w, https:\/\/noticiarioregional.com.br\/wp-content\/uploads\/2026\/02\/Clinica-vai-atender-areas-da-saude-emagrecimento-e-bem-estar-1200x1800.jpg 1200w, https:\/\/noticiarioregional.com.br\/wp-content\/uploads\/2026\/02\/Clinica-vai-atender-areas-da-saude-emagrecimento-e-bem-estar-scaled.jpg 1707w\" sizes=\"(max-width: 683px) 100vw, 683px\" \/><figcaption class=\"wp-element-caption\">Cl\u00ednica vai atender \u00e1reas da sa\u00fade, emagrecimento e bem-estar<\/figcaption><\/figure>\n\n\n\n<p>A m\u00e9dica ressalta que o diferencial da cl\u00ednica est\u00e1 no acompanhamento personalizado, com planos individualizados conforme o perfil e as necessidades de cada paciente. O novo consult\u00f3rio conta com uma estrutura moderna, ambientes aconchegantes e equipamentos preparados para dar suporte \u00e0s diferentes \u00e1reas de atendimento. A equipe \u00e9 formada pela pr\u00f3pria m\u00e9dica Marina da Silva, pela enfermeira Nat\u00e1lia da Silva, respons\u00e1vel, entre outras fun\u00e7\u00f5es, pela soroterapia e suplementa\u00e7\u00e3o endovenosa e intramuscular, e pela secret\u00e1ria Luana Zimmermann, que realiza o acolhimento e o agendamento dos pacientes.<\/p>\n\n\n\n<p>A cl\u00ednica atende de segunda a sext, das 8h30 \u00e0s 11h30 e das 13h30 \u00e0s 18h. Em casos especiais, \u00e9 poss\u00edvel combinar hor\u00e1rios estendidos, mediante contato pr\u00e9vio. Os agendamentos podem ser feitos pelo whatsApp da cl\u00ednica, (49) 99107-1376 ou ainda pelas redes sociais, como Instagram e Facebook, tanto nos perfil pessoal quanto no perfil oficial da cl\u00ednica, @dra.marinafsilva e @clinicaslimvitta<\/p>\n\n\n\n<figure class=\"wp-block-image size-large\"><img decoding=\"async\" width=\"1024\" height=\"683\" src=\"http:\/\/noticiarioregional.com.br\/wp-content\/uploads\/2026\/02\/Dra.-Marina-em-seu-novo-consultorio-1024x683.jpg\" alt=\"\" class=\"wp-image-8599\" srcset=\"https:\/\/noticiarioregional.com.br\/wp-content\/uploads\/2026\/02\/Dra.-Marina-em-seu-novo-consultorio-1024x683.jpg 1024w, https:\/\/noticiarioregional.com.br\/wp-content\/uploads\/2026\/02\/Dra.-Marina-em-seu-novo-consultorio-300x200.jpg 300w, https:\/\/noticiarioregional.com.br\/wp-content\/uploads\/2026\/02\/Dra.-Marina-em-seu-novo-consultorio-768x512.jpg 768w, https:\/\/noticiarioregional.com.br\/wp-content\/uploads\/2026\/02\/Dra.-Marina-em-seu-novo-consultorio-1536x1024.jpg 1536w, https:\/\/noticiarioregional.com.br\/wp-content\/uploads\/2026\/02\/Dra.-Marina-em-seu-novo-consultorio-2048x1365.jpg 2048w, https:\/\/noticiarioregional.com.br\/wp-content\/uploads\/2026\/02\/Dra.-Marina-em-seu-novo-consultorio-150x100.jpg 150w, https:\/\/noticiarioregional.com.br\/wp-content\/uploads\/2026\/02\/Dra.-Marina-em-seu-novo-consultorio-450x300.jpg 450w, https:\/\/noticiarioregional.com.br\/wp-content\/uploads\/2026\/02\/Dra.-Marina-em-seu-novo-consultorio-1200x800.jpg 1200w\" sizes=\"(max-width: 1024px) 100vw, 1024px\" \/><figcaption class=\"wp-element-caption\">Dra. Marina em seu novo consult\u00f3rio<\/figcaption><\/figure>\n\n\n\n<p><strong>Sobre o nome da cl\u00ednica<\/strong><\/p>\n\n\n\n<p>SlimVitta carrega o conceito que orienta a atua\u00e7\u00e3o do consult\u00f3rio: vida em equil\u00edbrio. A proposta \u00e9 alinhar sa\u00fade, bem-estar e qualidade de vida, oferecendo n\u00e3o apenas tratamentos, mas um acompanhamento cont\u00ednuo e humanizado.<\/p>\n","protected":false},"excerpt":{"rendered":"<p>Monda\u00ed &#8211; Na manh\u00e3 de ter\u00e7a-feira, 03, foi oficialmente aberto o novo consult\u00f3rio da m\u00e9dica Marina da Silva, que passa a atender em um espa\u00e7o moderno e mais amplo, voltado ao cuidado integral da sa\u00fade, bem-estar e qualidade de vida dos pacientes. A cl\u00ednica, que leva o nome de \u201cSlimVitta\u201d, est\u00e1 localizada na Rua Waldemar<\/p>\n","protected":false},"author":1,"featured_media":8598,"comment_status":"open","ping_status":"open","sticky":false,"template":"","format":"standard","meta":{"footnotes":""},"categories":[41],"tags":[],"class_list":{"0":"post-8592","1":"post","2":"type-post","3":"status-publish","4":"format-standard","5":"has-post-thumbnail","7":"category-noticias"},"_links":{"self":[{"href":"https:\/\/noticiarioregional.com.br\/index.php?rest_route=\/wp\/v2\/posts\/8592","targetHints":{"allow":["GET"]}}],"collection":[{"href":"https:\/\/noticiarioregional.com.br\/index.php?rest_route=\/wp\/v2\/posts"}],"about":[{"href":"https:\/\/noticiarioregional.com.br\/index.php?rest_route=\/wp\/v2\/types\/post"}],"author":[{"embeddable":true,"href":"https:\/\/noticiarioregional.com.br\/index.php?rest_route=\/wp\/v2\/users\/1"}],"replies":[{"embeddable":true,"href":"https:\/\/noticiarioregional.com.br\/index.php?rest_route=%2Fwp%2Fv2%2Fcomments&post=8592"}],"version-history":[{"count":1,"href":"https:\/\/noticiarioregional.com.br\/index.php?rest_route=\/wp\/v2\/posts\/8592\/revisions"}],"predecessor-version":[{"id":8600,"href":"https:\/\/noticiarioregional.com.br\/index.php?rest_route=\/wp\/v2\/posts\/8592\/revisions\/8600"}],"wp:featuredmedia":[{"embeddable":true,"href":"https:\/\/noticiarioregional.com.br\/index.php?rest_route=\/wp\/v2\/media\/8598"}],"wp:attachment":[{"href":"https:\/\/noticiarioregional.com.br\/index.php?rest_route=%2Fwp%2Fv2%2Fmedia&parent=8592"}],"wp:term":[{"taxonomy":"category","embeddable":true,"href":"https:\/\/noticiarioregional.com.br\/index.php?rest_route=%2Fwp%2Fv2%2Fcategories&post=8592"},{"taxonomy":"post_tag","embeddable":true,"href":"https:\/\/noticiarioregional.com.br\/index.php?rest_route=%2Fwp%2Fv2%2Ftags&post=8592"}],"curies":[{"name":"wp","href":"https:\/\/api.w.org\/{rel}","templated":true}]}}