{"id":8608,"date":"2026-02-19T10:18:09","date_gmt":"2026-02-19T13:18:09","guid":{"rendered":"https:\/\/noticiarioregional.com.br\/?p=8608"},"modified":"2026-02-19T10:18:10","modified_gmt":"2026-02-19T13:18:10","slug":"mais-foco-para-a-classe-empresarial","status":"publish","type":"post","link":"https:\/\/noticiarioregional.com.br\/?p=8608","title":{"rendered":"Mais foco para a classe empresarial"},"content":{"rendered":"\n<p><strong>Administra\u00e7\u00e3o nomeia diretor para o departamento de Desenvolvimento Econ\u00f4mico<\/strong><\/p>\n\n\n\n<p><strong>Ipor\u00e3 do Oeste \u2013 <\/strong>O ent\u00e3o diretor de Transportes e Obras, Claudir Steinhaus, que assumiu o cargo no primeiro ano da gest\u00e3o, passou a ocupar a partir do dia 21 de janeiro o cargo de diretor de Desenvolvimento Econ\u00f4mico. O setor anteriormente ficava sob responsabilidade das secretarias de Administra\u00e7\u00e3o e Planejamento, e o remanejamento foi feito pela administra\u00e7\u00e3o com o objetivo de dar maior aten\u00e7\u00e3o as empresas, ao turismo e a seguran\u00e7a p\u00fablica do munic\u00edpio, as tr\u00eas \u00e1reas que o departamento ir\u00e1 contemplar.<\/p>\n\n\n\n<p>Conforme o diretor, o foco maior ser\u00e1 o suporte as ind\u00fastrias e com\u00e9rcio, desde o MEI at\u00e9 empresas maiores, tanto da cidade como do interior. No final de janeiro, Claudir acompanhado do prefeito Michel Barth iniciaram um roteiro de visitas as empresas, com o objetivo de ouvir suas demandas e sugest\u00f5es de aux\u00edlio por parte do poder p\u00fablico. O diretor lembra que o departamento, localizado na prefeitura, estar\u00e1 sempre aberto para receber os empres\u00e1rios e ouvir suas opini\u00f5es.<\/p>\n\n\n\n<p>Com o objetivo de oferecer capacita\u00e7\u00f5es e mais incentivos as empresas, o diretor ressalta que ser\u00e1 trabalhado para fomentar a parceira com a Associa\u00e7\u00e3o Empresarial. Claudir Steinhaus lembra que o setor tamb\u00e9m dar\u00e1 suporte aos Microempreendedores Individuais, seja para a inscri\u00e7\u00e3o no MEI, a emiss\u00e3o da declara\u00e7\u00e3o anual ou demais orienta\u00e7\u00f5es.<\/p>\n\n\n\n<figure class=\"wp-block-image size-large\"><img fetchpriority=\"high\" decoding=\"async\" width=\"1024\" height=\"473\" src=\"http:\/\/noticiarioregional.com.br\/wp-content\/uploads\/2026\/02\/Diretor-Claudir-Steinhaus-e-prefeito-Michel-Barth-em-visita-aos-empresarios-da-empresa-Casa-da-CucaSelli-Alimentos-Saudaveis-1024x473.jpeg\" alt=\"\" class=\"wp-image-8610\" srcset=\"https:\/\/noticiarioregional.com.br\/wp-content\/uploads\/2026\/02\/Diretor-Claudir-Steinhaus-e-prefeito-Michel-Barth-em-visita-aos-empresarios-da-empresa-Casa-da-CucaSelli-Alimentos-Saudaveis-1024x473.jpeg 1024w, https:\/\/noticiarioregional.com.br\/wp-content\/uploads\/2026\/02\/Diretor-Claudir-Steinhaus-e-prefeito-Michel-Barth-em-visita-aos-empresarios-da-empresa-Casa-da-CucaSelli-Alimentos-Saudaveis-300x139.jpeg 300w, https:\/\/noticiarioregional.com.br\/wp-content\/uploads\/2026\/02\/Diretor-Claudir-Steinhaus-e-prefeito-Michel-Barth-em-visita-aos-empresarios-da-empresa-Casa-da-CucaSelli-Alimentos-Saudaveis-768x355.jpeg 768w, https:\/\/noticiarioregional.com.br\/wp-content\/uploads\/2026\/02\/Diretor-Claudir-Steinhaus-e-prefeito-Michel-Barth-em-visita-aos-empresarios-da-empresa-Casa-da-CucaSelli-Alimentos-Saudaveis-1536x709.jpeg 1536w, https:\/\/noticiarioregional.com.br\/wp-content\/uploads\/2026\/02\/Diretor-Claudir-Steinhaus-e-prefeito-Michel-Barth-em-visita-aos-empresarios-da-empresa-Casa-da-CucaSelli-Alimentos-Saudaveis-150x69.jpeg 150w, https:\/\/noticiarioregional.com.br\/wp-content\/uploads\/2026\/02\/Diretor-Claudir-Steinhaus-e-prefeito-Michel-Barth-em-visita-aos-empresarios-da-empresa-Casa-da-CucaSelli-Alimentos-Saudaveis-450x208.jpeg 450w, https:\/\/noticiarioregional.com.br\/wp-content\/uploads\/2026\/02\/Diretor-Claudir-Steinhaus-e-prefeito-Michel-Barth-em-visita-aos-empresarios-da-empresa-Casa-da-CucaSelli-Alimentos-Saudaveis-1200x554.jpeg 1200w, https:\/\/noticiarioregional.com.br\/wp-content\/uploads\/2026\/02\/Diretor-Claudir-Steinhaus-e-prefeito-Michel-Barth-em-visita-aos-empresarios-da-empresa-Casa-da-CucaSelli-Alimentos-Saudaveis.jpeg 1600w\" sizes=\"(max-width: 1024px) 100vw, 1024px\" \/><figcaption class=\"wp-element-caption\">Diretor Claudir Steinhaus e prefeito Michel Barth em visita aos empres\u00e1rios da empresa Casa da Cuca\/Selli Alimentos Saud\u00e1veis<\/figcaption><\/figure>\n\n\n\n<p>No turismo, o diretor enfatiza que ser\u00e1 feito um trabalho conjunto e de suporte a coordenadora do departamento, a Leonice Durk. Antecipa que ser\u00e1 alterada e melhorada a lei de incentivos para os empreendimentos, e j\u00e1 est\u00e1 sendo feito um mapeamento em todo o munic\u00edpio para identifica\u00e7\u00e3o dos pontos tur\u00edsticos e instala\u00e7\u00e3o de novas placasde sinaliza\u00e7\u00e3o no interior, para facilitar a identifica\u00e7\u00e3o das localidades e os centros comunit\u00e1rios. Tamb\u00e9m no setor de turismo, Claudir cita que j\u00e1 est\u00e1 em andamento a revitaliza\u00e7\u00e3o das pra\u00e7as municipais, iniciando pela Pra\u00e7a Giehl, que ter\u00e1 novos brinquedos, chimarr\u00f3dromo e local para hidrata\u00e7\u00e3o dos pets, al\u00e9m de investimentos na ilumina\u00e7\u00e3o, paisagismo, mesas e churrasqueiras.<\/p>\n\n\n\n<p><em>\u201cIncentivamos o com\u00e9rcio interno, os empreendimentos na \u00e1rea do turismo, para que se fortale\u00e7am e cres\u00e7am. E vamos buscar tamb\u00e9m investimentos de outras empresas, mas com o foco principal de fortalecer as empresas j\u00e1 instaladas\u201d,<\/em> ressalta Claudir.<\/p>\n\n\n\n<figure class=\"wp-block-image size-large\"><img decoding=\"async\" width=\"768\" height=\"1024\" src=\"http:\/\/noticiarioregional.com.br\/wp-content\/uploads\/2026\/02\/Esta-sendo-feito-um-mapeamento-em-todo-o-municipio-para-identificacao-dos-pontos-turisticos-e-instalacao-de-novas-placas-de-sinalizacao-no-interior-768x1024.jpeg\" alt=\"\" class=\"wp-image-8611\" srcset=\"https:\/\/noticiarioregional.com.br\/wp-content\/uploads\/2026\/02\/Esta-sendo-feito-um-mapeamento-em-todo-o-municipio-para-identificacao-dos-pontos-turisticos-e-instalacao-de-novas-placas-de-sinalizacao-no-interior-768x1024.jpeg 768w, https:\/\/noticiarioregional.com.br\/wp-content\/uploads\/2026\/02\/Esta-sendo-feito-um-mapeamento-em-todo-o-municipio-para-identificacao-dos-pontos-turisticos-e-instalacao-de-novas-placas-de-sinalizacao-no-interior-225x300.jpeg 225w, https:\/\/noticiarioregional.com.br\/wp-content\/uploads\/2026\/02\/Esta-sendo-feito-um-mapeamento-em-todo-o-municipio-para-identificacao-dos-pontos-turisticos-e-instalacao-de-novas-placas-de-sinalizacao-no-interior-150x200.jpeg 150w, https:\/\/noticiarioregional.com.br\/wp-content\/uploads\/2026\/02\/Esta-sendo-feito-um-mapeamento-em-todo-o-municipio-para-identificacao-dos-pontos-turisticos-e-instalacao-de-novas-placas-de-sinalizacao-no-interior-450x600.jpeg 450w, https:\/\/noticiarioregional.com.br\/wp-content\/uploads\/2026\/02\/Esta-sendo-feito-um-mapeamento-em-todo-o-municipio-para-identificacao-dos-pontos-turisticos-e-instalacao-de-novas-placas-de-sinalizacao-no-interior.jpeg 960w\" sizes=\"(max-width: 768px) 100vw, 768px\" \/><figcaption class=\"wp-element-caption\">Est\u00e1 sendo feito um mapeamento em todo o munic\u00edpio para identifica\u00e7\u00e3o dos pontos tur\u00edsticos e instala\u00e7\u00e3o de novas placas de sinaliza\u00e7\u00e3o no interior<\/figcaption><\/figure>\n\n\n\n<p>O diretor acrescenta que tendo em vista a realiza\u00e7\u00e3o da feira FAIC em setembro de 2027, o setor tamb\u00e9m j\u00e1 deu in\u00edcio a organiza\u00e7\u00e3o do evento, fazendo as tratativas para os shows e demais quest\u00f5es que precisam ser encaminhadas com anteced\u00eancia.<\/p>\n","protected":false},"excerpt":{"rendered":"<p>Administra\u00e7\u00e3o nomeia diretor para o departamento de Desenvolvimento Econ\u00f4mico Ipor\u00e3 do Oeste \u2013 O ent\u00e3o diretor de Transportes e Obras, Claudir Steinhaus, que assumiu o cargo no primeiro ano da gest\u00e3o, passou a ocupar a partir do dia 21 de janeiro o cargo de diretor de Desenvolvimento Econ\u00f4mico. O setor anteriormente ficava sob responsabilidade das<\/p>\n","protected":false},"author":1,"featured_media":8609,"comment_status":"open","ping_status":"open","sticky":false,"template":"","format":"standard","meta":{"footnotes":""},"categories":[41],"tags":[],"class_list":{"0":"post-8608","1":"post","2":"type-post","3":"status-publish","4":"format-standard","5":"has-post-thumbnail","7":"category-noticias"},"_links":{"self":[{"href":"https:\/\/noticiarioregional.com.br\/index.php?rest_route=\/wp\/v2\/posts\/8608","targetHints":{"allow":["GET"]}}],"collection":[{"href":"https:\/\/noticiarioregional.com.br\/index.php?rest_route=\/wp\/v2\/posts"}],"about":[{"href":"https:\/\/noticiarioregional.com.br\/index.php?rest_route=\/wp\/v2\/types\/post"}],"author":[{"embeddable":true,"href":"https:\/\/noticiarioregional.com.br\/index.php?rest_route=\/wp\/v2\/users\/1"}],"replies":[{"embeddable":true,"href":"https:\/\/noticiarioregional.com.br\/index.php?rest_route=%2Fwp%2Fv2%2Fcomments&post=8608"}],"version-history":[{"count":1,"href":"https:\/\/noticiarioregional.com.br\/index.php?rest_route=\/wp\/v2\/posts\/8608\/revisions"}],"predecessor-version":[{"id":8612,"href":"https:\/\/noticiarioregional.com.br\/index.php?rest_route=\/wp\/v2\/posts\/8608\/revisions\/8612"}],"wp:featuredmedia":[{"embeddable":true,"href":"https:\/\/noticiarioregional.com.br\/index.php?rest_route=\/wp\/v2\/media\/8609"}],"wp:attachment":[{"href":"https:\/\/noticiarioregional.com.br\/index.php?rest_route=%2Fwp%2Fv2%2Fmedia&parent=8608"}],"wp:term":[{"taxonomy":"category","embeddable":true,"href":"https:\/\/noticiarioregional.com.br\/index.php?rest_route=%2Fwp%2Fv2%2Fcategories&post=8608"},{"taxonomy":"post_tag","embeddable":true,"href":"https:\/\/noticiarioregional.com.br\/index.php?rest_route=%2Fwp%2Fv2%2Ftags&post=8608"}],"curies":[{"name":"wp","href":"https:\/\/api.w.org\/{rel}","templated":true}]}}