{"id":8613,"date":"2026-02-19T10:20:12","date_gmt":"2026-02-19T13:20:12","guid":{"rendered":"https:\/\/noticiarioregional.com.br\/?p=8613"},"modified":"2026-02-19T10:20:15","modified_gmt":"2026-02-19T13:20:15","slug":"caibi-finaliza-colocacao-de-grama-sintetica-em-campo","status":"publish","type":"post","link":"https:\/\/noticiarioregional.com.br\/?p=8613","title":{"rendered":"Caibi finaliza coloca\u00e7\u00e3o de grama sint\u00e9tica em campo"},"content":{"rendered":"\n<p class=\"has-text-align-center has-larger-font-size\"><strong>Investimento ultrapassa R$ 600 mil<\/strong><\/p>\n\n\n\n<p>A Administra\u00e7\u00e3o Municipal de Caibi concluiu nesta semana a etapa de instala\u00e7\u00e3o da grama sint\u00e9tica no campo esportivo localizado na \u00e1rea da antiga rodovi\u00e1ria do munic\u00edpio. A obra integra um projeto mais amplo de reestrutura\u00e7\u00e3o do espa\u00e7o, com o objetivo de oferecer \u00e0 comunidade um local adequado para a pr\u00e1tica esportiva e o lazer.<\/p>\n\n\n\n<p>De acordo com o secret\u00e1rio municipal de Planejamento, Miguel Piccoli, o investimento total \u00e9 de aproximadamente R$ 614 mil. Desse montante, cerca de R$ 200 mil s\u00e3o provenientes de emenda parlamentar, enquanto o restante foi custeado com recursos pr\u00f3prios do munic\u00edpio.<\/p>\n\n\n\n<p>O projeto contemplou diversas etapas, que v\u00e3o al\u00e9m da implanta\u00e7\u00e3o do campo. Foram realizados servi\u00e7os de drenagem, fundamentais para garantir a durabilidade da estrutura e a qualidade da pr\u00e1tica esportiva, al\u00e9m da constru\u00e7\u00e3o do campo com alambrado, banheiros e passeio p\u00fablico, proporcionando mais conforto e seguran\u00e7a aos usu\u00e1rios.<\/p>\n\n\n\n<p>Tamb\u00e9m fazem parte da obra os trabalhos de acabamento no entorno do local, contribuindo para a organiza\u00e7\u00e3o e valoriza\u00e7\u00e3o da \u00e1rea, que passa a se tornar um novo ponto de conviv\u00eancia para a popula\u00e7\u00e3o.<\/p>\n\n\n\n<p>Segundo Miguel Piccoli, a inaugura\u00e7\u00e3o oficial do espa\u00e7o est\u00e1 prevista para ocorrer na final do Campeonato Municipal, em data a ser confirmada. No entanto, a utiliza\u00e7\u00e3o do campo dever\u00e1 ser liberada em aproximadamente dez dias, ap\u00f3s os ajustes finais e o per\u00edodo necess\u00e1rio para a adapta\u00e7\u00e3o da estrutura.<\/p>\n\n\n\n<p>A Administra\u00e7\u00e3o Municipal destaca que o novo campo representa um avan\u00e7o importante para o esporte local, oferecendo melhores condi\u00e7\u00f5es para atletas, equipes e para a comunidade em geral, al\u00e9m de incentivar a pr\u00e1tica de atividades f\u00edsicas e a integra\u00e7\u00e3o entre os moradores.<\/p>\n","protected":false},"excerpt":{"rendered":"<p>Investimento ultrapassa R$ 600 mil A Administra\u00e7\u00e3o Municipal de Caibi concluiu nesta semana a etapa de instala\u00e7\u00e3o da grama sint\u00e9tica no campo esportivo localizado na \u00e1rea da antiga rodovi\u00e1ria do munic\u00edpio. A obra integra um projeto mais amplo de reestrutura\u00e7\u00e3o do espa\u00e7o, com o objetivo de oferecer \u00e0 comunidade um local adequado para a pr\u00e1tica<\/p>\n","protected":false},"author":1,"featured_media":8614,"comment_status":"open","ping_status":"open","sticky":false,"template":"","format":"standard","meta":{"footnotes":""},"categories":[41],"tags":[],"class_list":{"0":"post-8613","1":"post","2":"type-post","3":"status-publish","4":"format-standard","5":"has-post-thumbnail","7":"category-noticias"},"_links":{"self":[{"href":"https:\/\/noticiarioregional.com.br\/index.php?rest_route=\/wp\/v2\/posts\/8613","targetHints":{"allow":["GET"]}}],"collection":[{"href":"https:\/\/noticiarioregional.com.br\/index.php?rest_route=\/wp\/v2\/posts"}],"about":[{"href":"https:\/\/noticiarioregional.com.br\/index.php?rest_route=\/wp\/v2\/types\/post"}],"author":[{"embeddable":true,"href":"https:\/\/noticiarioregional.com.br\/index.php?rest_route=\/wp\/v2\/users\/1"}],"replies":[{"embeddable":true,"href":"https:\/\/noticiarioregional.com.br\/index.php?rest_route=%2Fwp%2Fv2%2Fcomments&post=8613"}],"version-history":[{"count":1,"href":"https:\/\/noticiarioregional.com.br\/index.php?rest_route=\/wp\/v2\/posts\/8613\/revisions"}],"predecessor-version":[{"id":8615,"href":"https:\/\/noticiarioregional.com.br\/index.php?rest_route=\/wp\/v2\/posts\/8613\/revisions\/8615"}],"wp:featuredmedia":[{"embeddable":true,"href":"https:\/\/noticiarioregional.com.br\/index.php?rest_route=\/wp\/v2\/media\/8614"}],"wp:attachment":[{"href":"https:\/\/noticiarioregional.com.br\/index.php?rest_route=%2Fwp%2Fv2%2Fmedia&parent=8613"}],"wp:term":[{"taxonomy":"category","embeddable":true,"href":"https:\/\/noticiarioregional.com.br\/index.php?rest_route=%2Fwp%2Fv2%2Fcategories&post=8613"},{"taxonomy":"post_tag","embeddable":true,"href":"https:\/\/noticiarioregional.com.br\/index.php?rest_route=%2Fwp%2Fv2%2Ftags&post=8613"}],"curies":[{"name":"wp","href":"https:\/\/api.w.org\/{rel}","templated":true}]}}