{"id":8620,"date":"2026-02-19T10:25:38","date_gmt":"2026-02-19T13:25:38","guid":{"rendered":"https:\/\/noticiarioregional.com.br\/?p=8620"},"modified":"2026-02-19T10:25:39","modified_gmt":"2026-02-19T13:25:39","slug":"legislativo-de-sao-joao-do-oeste-tera-galeria-lilas-em-homenagem-as-vereadoras","status":"publish","type":"post","link":"https:\/\/noticiarioregional.com.br\/?p=8620","title":{"rendered":"Legislativo de S\u00e3o Jo\u00e3o do Oeste ter\u00e1 Galeria Lil\u00e1s em homenagem as vereadoras"},"content":{"rendered":"\n<p class=\"has-larger-font-size\"><em><strong>At\u00e9 a 9\u00aa Legislatura, C\u00e2mara j\u00e1 teve no total oito vereadoras<\/strong><\/em><\/p>\n\n\n\n<p><strong>S\u00e3o Jo\u00e3o do Oeste \u2013 <\/strong>Na sess\u00e3o da \u00faltima semana a C\u00e2mara de Vereadores aprovou o requerimento 0001\/2026, de autoria da vereadora Lisete Modesta Follmann Ternus, do PSDB, que trata da cria\u00e7\u00e3o da Galeria Lil\u00e1s, espa\u00e7o destinado \u00e0 exposi\u00e7\u00e3o permanente de fotografias de todas as mulheres que j\u00e1 exerceram o mandato de vereadora no munic\u00edpio.<\/p>\n\n\n\n<p>No requerimento, a vereadora enaltece que a iniciativa da implanta\u00e7\u00e3o da Galeria Lil\u00e1s se justifica pela necessidade de&nbsp;valorizar, reconhecer e preservar a mem\u00f3ria da participa\u00e7\u00e3o feminina na pol\u00edtica local, destacando a contribui\u00e7\u00e3o das mulheres na constru\u00e7\u00e3o das leis, pol\u00edticas p\u00fablicas e decis\u00f5es que impactam diretamente a sociedade. Destaca que apesar dos avan\u00e7os conquistados, a presen\u00e7a feminina nos espa\u00e7os de poder ainda \u00e9 marcada por desafios e desigualdades hist\u00f3ricas, o que torna essencial o fortalecimento de a\u00e7\u00f5es simb\u00f3licas e educativas que promovam a equidade de g\u00eanero.<br><br><em><\/em><em>\u201dA Galeria Lil\u00e1s ter\u00e1 um importante papel&nbsp;pedag\u00f3gico e representativo, servindo como fonte de inspira\u00e7\u00e3o para as novas gera\u00e7\u00f5es, especialmente para meninas e jovens mulheres, ao demonstrar que a pol\u00edtica tamb\u00e9m \u00e9 um espa\u00e7o leg\u00edtimo de atua\u00e7\u00e3o feminina. Al\u00e9m disso, contribuir\u00e1 para o reconhecimento p\u00fablico das vereadoras que, com coragem e compromisso, romperam barreiras e deixaram sua marca na hist\u00f3ria do munic\u00edpio\u201d,<\/em> enfatiza Lisete.<\/p>\n\n\n\n<p>A vereadora destaca que para marcar a inaugura\u00e7\u00e3o da Galeria Lil\u00e1s, est\u00e1 prevista uma solenidade na noite de 06 de mar\u00e7o, data pr\u00f3xima ao Dia da Mulher, em 8 de mar\u00e7o, momento em que tamb\u00e9m ser\u00e1 prestada uma homenagem a todas as mulheres. At\u00e9 o momento, assumiram cargos de vereadora no Legislativo Ilse Schneiders &#8211; 1\u00aa Legislatura; Jacinta Gabriel &#8211; 4 e 6\u00aa Legislaturas; Maria Lourdes Trebien &#8211; 6\u00aa Legislatura; Salete Kloch Kuhn &#8211; 7\u00aa Legislatura; Hertha Flach &#8211; 7\u00aa Legislatura; Celi Maria Rohr &#8211; 8\u00aa Legislatura; Aurea Werlang &#8211; 8\u00aa Legislatura e Lisete Modesta Ternus &#8211; 9\u00aa Legislatura.<\/p>\n\n\n\n<p><strong>Indica\u00e7\u00f5es e recursos viabilizados<\/strong><\/p>\n\n\n\n<p>Lisete Modesta Follmann Ternus j\u00e1 assumiu em outras oportunidades como suplente, e este \u00e9 o seu primeiro mandato como vereadora, pelo PSDB. Em 2025, primeiro ano do seu mandato, apresentou indica\u00e7\u00f5es solicitando ao Executivo a pavimenta\u00e7\u00e3o asf\u00e1ltica das Ruas Santa Catarina e Leopoldo Foellmer; a nomea\u00e7\u00e3o da Rua Pedro Follmann, em frente ao posto de sa\u00fade, indica\u00e7\u00e3o j\u00e1 atendida; o pedido a Celesc para amplia\u00e7\u00e3o do sistema trif\u00e1sico da rede de energia el\u00e9trica que abastece os moradores da Linha Saraiva; o aumento da remunera\u00e7\u00e3o para os conselheiros tutelares, pedido tamb\u00e9m atendido; a instala\u00e7\u00e3o de frald\u00e1rio no Centro Municipal de Sa\u00fade; a realiza\u00e7\u00e3o de palestra com endocrinologista no Dia Mundial da Diabetes; a constru\u00e7\u00e3o de Centro Multiuso e a implanta\u00e7\u00e3o de rua coberta nos moldes de uma vila germ\u00e2nica; a cria\u00e7\u00e3o de incentivos para constru\u00e7\u00e3o e reformas de im\u00f3veis em estilo germ\u00e2nico e o asfaltamento da estrada entre as resid\u00eancias de Claiton Bruxel at\u00e9&nbsp; a ponte da propriedade de Fl\u00e1vio Walker, em Beato Roque.<\/p>\n\n\n\n<p>Os pedidos de provid\u00eancia apresentados pela vereadora ao Executivo foram referente a viabilidade de abertura de nova estrada ligando o lote onde est\u00e1 instalada a ETA de Macuco, na propriedade de Ivo Preuss, na estrada Macuco \u2013 Pon\u00e1, incluindo no trecho a constru\u00e7\u00e3o de uma ponte sobre o arroio Macuco; a manuten\u00e7\u00e3o dos brinquedos na pra\u00e7a municipal; o patrolamento e cascalhamento na Rua Leopoldo Foellmer; a manuten\u00e7\u00e3o da ponte na Linha Medianeira pr\u00f3ximo a resid\u00eancia de Elio Spaniol; a pintura de meio fio nos acessos para ve\u00edculos da cidade; o cascalhamento de estrada geral na Linha Cristo Rei; a manuten\u00e7\u00e3o da fachada no gin\u00e1sio municipal; o aumento da grade de prote\u00e7\u00e3o sobre o lajeado S\u00e3o Lucas, na Rua Itaipu; a conclus\u00e3o do acesso da servid\u00e3o entre as ruas Paran\u00e1 e Alfredo Grasel e a cria\u00e7\u00e3o da Galeria Lil\u00e1s no Legislativo. Lisete apresentou tamb\u00e9m uma mo\u00e7\u00e3o de aplausos ao CAESP S\u00e3o Jo\u00e3o do Oeste, o que foi realizado em sess\u00e3o solene no ano passado. Em rela\u00e7\u00e3o as emendas, ainda do ano passado, a vereadora cita o valor de R$ 300 mil do deputado Marcos Vieira, j\u00e1 na conta do munic\u00edpio, para constru\u00e7\u00e3o de quiosques no poliesportivo; Nas emendas de 2026, est\u00e3o confirmados R$ 250 mil do deputado Padre Pedro, R$ 200 mil da deputada Luciane Carminatti e R$ 250 mil do deputado Marcos Vieira, as tr\u00eas emendas destinadas para educa\u00e7\u00e3o e que devem ser liberadas no primeiro semestre; R$ 200 mil do deputado Fabiano da Luz para asfaltamento rural e R$ 100 mil do deputado Vicente Caropreso para o CAESP S\u00e3o Jo\u00e3o do Oeste.<\/p>\n","protected":false},"excerpt":{"rendered":"<p>At\u00e9 a 9\u00aa Legislatura, C\u00e2mara j\u00e1 teve no total oito vereadoras S\u00e3o Jo\u00e3o do Oeste \u2013 Na sess\u00e3o da \u00faltima semana a C\u00e2mara de Vereadores aprovou o requerimento 0001\/2026, de autoria da vereadora Lisete Modesta Follmann Ternus, do PSDB, que trata da cria\u00e7\u00e3o da Galeria Lil\u00e1s, espa\u00e7o destinado \u00e0 exposi\u00e7\u00e3o permanente de fotografias de todas<\/p>\n","protected":false},"author":1,"featured_media":8621,"comment_status":"open","ping_status":"open","sticky":false,"template":"","format":"standard","meta":{"footnotes":""},"categories":[41],"tags":[],"class_list":{"0":"post-8620","1":"post","2":"type-post","3":"status-publish","4":"format-standard","5":"has-post-thumbnail","7":"category-noticias"},"_links":{"self":[{"href":"https:\/\/noticiarioregional.com.br\/index.php?rest_route=\/wp\/v2\/posts\/8620","targetHints":{"allow":["GET"]}}],"collection":[{"href":"https:\/\/noticiarioregional.com.br\/index.php?rest_route=\/wp\/v2\/posts"}],"about":[{"href":"https:\/\/noticiarioregional.com.br\/index.php?rest_route=\/wp\/v2\/types\/post"}],"author":[{"embeddable":true,"href":"https:\/\/noticiarioregional.com.br\/index.php?rest_route=\/wp\/v2\/users\/1"}],"replies":[{"embeddable":true,"href":"https:\/\/noticiarioregional.com.br\/index.php?rest_route=%2Fwp%2Fv2%2Fcomments&post=8620"}],"version-history":[{"count":1,"href":"https:\/\/noticiarioregional.com.br\/index.php?rest_route=\/wp\/v2\/posts\/8620\/revisions"}],"predecessor-version":[{"id":8622,"href":"https:\/\/noticiarioregional.com.br\/index.php?rest_route=\/wp\/v2\/posts\/8620\/revisions\/8622"}],"wp:featuredmedia":[{"embeddable":true,"href":"https:\/\/noticiarioregional.com.br\/index.php?rest_route=\/wp\/v2\/media\/8621"}],"wp:attachment":[{"href":"https:\/\/noticiarioregional.com.br\/index.php?rest_route=%2Fwp%2Fv2%2Fmedia&parent=8620"}],"wp:term":[{"taxonomy":"category","embeddable":true,"href":"https:\/\/noticiarioregional.com.br\/index.php?rest_route=%2Fwp%2Fv2%2Fcategories&post=8620"},{"taxonomy":"post_tag","embeddable":true,"href":"https:\/\/noticiarioregional.com.br\/index.php?rest_route=%2Fwp%2Fv2%2Ftags&post=8620"}],"curies":[{"name":"wp","href":"https:\/\/api.w.org\/{rel}","templated":true}]}}