{"id":8623,"date":"2026-02-19T10:29:33","date_gmt":"2026-02-19T13:29:33","guid":{"rendered":"https:\/\/noticiarioregional.com.br\/?p=8623"},"modified":"2026-02-19T10:29:35","modified_gmt":"2026-02-19T13:29:35","slug":"associacao-empresarial-de-ipora-do-oeste-empossa-diretoria-gestao-2026-2028","status":"publish","type":"post","link":"https:\/\/noticiarioregional.com.br\/?p=8623","title":{"rendered":"Associa\u00e7\u00e3o Empresarial de Ipor\u00e3 do Oeste empossa diretoria gest\u00e3o 2026\/2028"},"content":{"rendered":"\n<p class=\"has-larger-font-size\"><strong><em>Roseli Karlinski Vizentin assume a presid\u00eancia no lugar<\/em> <em>do ex-presidente Milton Melz<\/em><\/strong><\/p>\n\n\n\n<p><strong>Ipor\u00e3 do Oeste \u2013<\/strong> Em ato solene dedicado aos associados, autoridades p\u00fablicas, imprensa e convidados, a Associa\u00e7\u00e3o Empresarial de Ipor\u00e3 do Oeste, ACIIO, realizou na noite de sexta-feira, 06, no Pavilh\u00e3o Cat\u00f3lico, posse da diretoria para a gest\u00e3o 2026\/2028, eleita em assembleia geral ordin\u00e1ria em novembro do ano passado. Participaram o presidente da Federa\u00e7\u00e3o das Associa\u00e7\u00e3o Empresariais de Santa Catarina, FACISC, Elson Otto; vice-presidente da Regional Extremo Oeste da FACISC, Vanessa Back Bertol; presidentes de Associa\u00e7\u00f5es Comerciais de munic\u00edpios vizinhos; prefeito de Ipor\u00e3 do Oeste Michel Barth; secret\u00e1rias municipais; diretor de Ind\u00fastria e Com\u00e9rcio, al\u00e9m dos representantes das for\u00e7as de seguran\u00e7a.<\/p>\n\n\n\n<p>&nbsp;&nbsp;&nbsp;&nbsp;&nbsp;&nbsp;&nbsp;&nbsp;&nbsp;&nbsp;&nbsp; A cerim\u00f4nia de posse foi iniciada com homenagem a diretoria, gest\u00e3o 2023\/2025, que encerrou seu mandato em 31 de dezembro. O ex-presidente Milton Jos\u00e9 Melz e os diretores presentes foram reverenciados pelo trabalho volunt\u00e1rio desenvolvido em prol da entidade empresarial no per\u00edodo.<\/p>\n\n\n\n<p>&nbsp;&nbsp;&nbsp;&nbsp;&nbsp;&nbsp;&nbsp;&nbsp;&nbsp;&nbsp;&nbsp; Na sequ\u00eancia, o presidente da FACISC Elson e a vice-presidente regional Vanessa realizaram a posse da nova presidente eleita Roseli Vizentin e dos demais diretores que comp\u00f5em a gest\u00e3o 2026\/2028.&nbsp; Ainda foi realizada uma homenagem da Federa\u00e7\u00e3o Empresarial \u00e0 ACIIO pelos 35 anos de funda\u00e7\u00e3o. Os coordenadores de n\u00facleos tamb\u00e9m receberam destaque na cerim\u00f4nia.<\/p>\n\n\n\n<figure class=\"wp-block-image size-large\"><img fetchpriority=\"high\" decoding=\"async\" width=\"1024\" height=\"683\" src=\"http:\/\/noticiarioregional.com.br\/wp-content\/uploads\/2026\/02\/Nova-presidente-da-ACIIO-Roseli-Vizentin-sendo-empossada-pelo-presidente-e-a-VP-Regional-da-FACISC-1024x683.jpg\" alt=\"\" class=\"wp-image-8626\" srcset=\"https:\/\/noticiarioregional.com.br\/wp-content\/uploads\/2026\/02\/Nova-presidente-da-ACIIO-Roseli-Vizentin-sendo-empossada-pelo-presidente-e-a-VP-Regional-da-FACISC-1024x683.jpg 1024w, https:\/\/noticiarioregional.com.br\/wp-content\/uploads\/2026\/02\/Nova-presidente-da-ACIIO-Roseli-Vizentin-sendo-empossada-pelo-presidente-e-a-VP-Regional-da-FACISC-300x200.jpg 300w, https:\/\/noticiarioregional.com.br\/wp-content\/uploads\/2026\/02\/Nova-presidente-da-ACIIO-Roseli-Vizentin-sendo-empossada-pelo-presidente-e-a-VP-Regional-da-FACISC-768x512.jpg 768w, https:\/\/noticiarioregional.com.br\/wp-content\/uploads\/2026\/02\/Nova-presidente-da-ACIIO-Roseli-Vizentin-sendo-empossada-pelo-presidente-e-a-VP-Regional-da-FACISC-1536x1024.jpg 1536w, https:\/\/noticiarioregional.com.br\/wp-content\/uploads\/2026\/02\/Nova-presidente-da-ACIIO-Roseli-Vizentin-sendo-empossada-pelo-presidente-e-a-VP-Regional-da-FACISC-2048x1365.jpg 2048w, https:\/\/noticiarioregional.com.br\/wp-content\/uploads\/2026\/02\/Nova-presidente-da-ACIIO-Roseli-Vizentin-sendo-empossada-pelo-presidente-e-a-VP-Regional-da-FACISC-150x100.jpg 150w, https:\/\/noticiarioregional.com.br\/wp-content\/uploads\/2026\/02\/Nova-presidente-da-ACIIO-Roseli-Vizentin-sendo-empossada-pelo-presidente-e-a-VP-Regional-da-FACISC-450x300.jpg 450w, https:\/\/noticiarioregional.com.br\/wp-content\/uploads\/2026\/02\/Nova-presidente-da-ACIIO-Roseli-Vizentin-sendo-empossada-pelo-presidente-e-a-VP-Regional-da-FACISC-1200x800.jpg 1200w\" sizes=\"(max-width: 1024px) 100vw, 1024px\" \/><figcaption class=\"wp-element-caption\">Nova presidente da ACIIO, Roseli Vizentin, sendo empossada pelo presidente e a VP Regional da FACISC<\/figcaption><\/figure>\n\n\n\n<p>&nbsp;&nbsp;&nbsp;&nbsp;&nbsp;&nbsp;&nbsp;&nbsp;&nbsp;&nbsp;&nbsp; No uso da palavra, deixaram suas mensagens o ex-presidente Milton Melz, a nova presid\u00eancia Roseli Vizentin, prefeito Michel Barth, a vice-presidente regional Vanessa e o presidente da FACISC, Elson. Para encerrar a noite festiva e hist\u00f3rica para a entidade empresarial, foi servido um jantar de confraterniza\u00e7\u00e3o ao som da dupla Jonathan e Gerlinde.<\/p>\n\n\n\n<figure class=\"wp-block-image size-large\"><img decoding=\"async\" width=\"1024\" height=\"683\" src=\"http:\/\/noticiarioregional.com.br\/wp-content\/uploads\/2026\/02\/Presidente-da-FACISC-Elton-Otto-entrega-homenagem-pelos-35-anos-de-fundacao-da-ACIIO-a-VP-Regional-Vanessa-Back-Bertol-1024x683.jpg\" alt=\"\" class=\"wp-image-8627\" srcset=\"https:\/\/noticiarioregional.com.br\/wp-content\/uploads\/2026\/02\/Presidente-da-FACISC-Elton-Otto-entrega-homenagem-pelos-35-anos-de-fundacao-da-ACIIO-a-VP-Regional-Vanessa-Back-Bertol-1024x683.jpg 1024w, https:\/\/noticiarioregional.com.br\/wp-content\/uploads\/2026\/02\/Presidente-da-FACISC-Elton-Otto-entrega-homenagem-pelos-35-anos-de-fundacao-da-ACIIO-a-VP-Regional-Vanessa-Back-Bertol-300x200.jpg 300w, https:\/\/noticiarioregional.com.br\/wp-content\/uploads\/2026\/02\/Presidente-da-FACISC-Elton-Otto-entrega-homenagem-pelos-35-anos-de-fundacao-da-ACIIO-a-VP-Regional-Vanessa-Back-Bertol-768x512.jpg 768w, https:\/\/noticiarioregional.com.br\/wp-content\/uploads\/2026\/02\/Presidente-da-FACISC-Elton-Otto-entrega-homenagem-pelos-35-anos-de-fundacao-da-ACIIO-a-VP-Regional-Vanessa-Back-Bertol-1536x1024.jpg 1536w, https:\/\/noticiarioregional.com.br\/wp-content\/uploads\/2026\/02\/Presidente-da-FACISC-Elton-Otto-entrega-homenagem-pelos-35-anos-de-fundacao-da-ACIIO-a-VP-Regional-Vanessa-Back-Bertol-2048x1365.jpg 2048w, https:\/\/noticiarioregional.com.br\/wp-content\/uploads\/2026\/02\/Presidente-da-FACISC-Elton-Otto-entrega-homenagem-pelos-35-anos-de-fundacao-da-ACIIO-a-VP-Regional-Vanessa-Back-Bertol-150x100.jpg 150w, https:\/\/noticiarioregional.com.br\/wp-content\/uploads\/2026\/02\/Presidente-da-FACISC-Elton-Otto-entrega-homenagem-pelos-35-anos-de-fundacao-da-ACIIO-a-VP-Regional-Vanessa-Back-Bertol-450x300.jpg 450w, https:\/\/noticiarioregional.com.br\/wp-content\/uploads\/2026\/02\/Presidente-da-FACISC-Elton-Otto-entrega-homenagem-pelos-35-anos-de-fundacao-da-ACIIO-a-VP-Regional-Vanessa-Back-Bertol-1200x800.jpg 1200w\" sizes=\"(max-width: 1024px) 100vw, 1024px\" \/><figcaption class=\"wp-element-caption\">Presidente da FACISC Elton Otto entrega homenagem pelos 35 anos de funda\u00e7\u00e3o da ACIIO \u00e0 VP Regional Vanessa Back Bertol<\/figcaption><\/figure>\n\n\n\n<p><strong>&nbsp;&nbsp;&nbsp;&nbsp;&nbsp;&nbsp;&nbsp;&nbsp; Sobre a ACIIO<\/strong><\/p>\n\n\n\n<p>A Associa\u00e7\u00e3o Empresarial de Ipor\u00e3 do Oeste, ACIIO, tem mais de 230 empresas associadas dos setores da ind\u00fastria, do com\u00e9rcio, da presta\u00e7\u00e3o de servi\u00e7os e do agroneg\u00f3cio.&nbsp; Conta com oito n\u00facleos setoriais, sendo eles: N\u00facleo da Mulher Empres\u00e1ria, N\u00facleo do Jovem Empreendedor, N\u00facleo do Agroneg\u00f3cio, N\u00facleo da Constru\u00e7\u00e3o Civil, N\u00facleo dos Reparadores de Ve\u00edculos, N\u00facleo do Com\u00e9rcio, N\u00facleo do Turismo e o Conselho de N\u00facleos.<\/p>\n\n\n\n<p>A ACIIO tem como miss\u00e3o primordial defender os interesses dos associados e promover o associativismo como um pilar essencial para o sucesso coletivo. Tem como vis\u00e3o <em>\u201cdesenvolver pessoas e neg\u00f3cios para transformar e melhorar o mundo ao nosso redor, criando um impacto positivo e duradouro na comunidade\u201d.<\/em><\/p>\n\n\n\n<p><strong>Diretoria Gest\u00e3o 2026\/2028<\/strong><\/p>\n\n\n\n<p><strong>Presidente:<\/strong> Roseli Karlinski Vizentin<\/p>\n\n\n\n<p><strong>Vice-Presidente:<\/strong> Cristiane Egewarth Colling<\/p>\n\n\n\n<p><strong>Diretor financeiro:<\/strong> Franciel Kaiser<\/p>\n\n\n\n<p><strong>Vice-Diretor Financeiro:<\/strong> Ederson Andresso Ternus<\/p>\n\n\n\n<p><strong>Diretor Secret\u00e1rio:<\/strong> Fernando Biesdorf<\/p>\n\n\n\n<p><strong>Diretor de Servi\u00e7os:<\/strong> Tiago Roberto Berwanger<\/p>\n\n\n\n<p><strong>Diretor de Ind\u00fastria:<\/strong> \u00c2ngela Zilles Trevisan<\/p>\n\n\n\n<p><strong>Diretor de Com\u00e9rcio:<\/strong> Eduardo Ritter Gruztmann<\/p>\n\n\n\n<p><strong>Diretor de Eventos e Capacita\u00e7\u00e3o:<\/strong> Paulo C\u00e9sar Spielmann<\/p>\n\n\n\n<p><strong>Diretora de Marketing:<\/strong> Sirlei Janete Schneider<\/p>\n\n\n\n<p><strong>Diretora de Representatividade:<\/strong> Vanessa Brand Back Bertol<\/p>\n\n\n\n<p><strong>Diretor do Empreender:<\/strong> Cleiton Conrad<\/p>\n\n\n\n<p><strong>Diretor de Agroneg\u00f3cio:<\/strong> Milton Jos\u00e9 Melz<\/p>\n\n\n\n<p><strong>Diretor de Solu\u00e7\u00f5es Empresariais:<\/strong> Andr\u00e9 Lu\u00eds Sasso<\/p>\n\n\n\n<p><strong>Conselheiros Fiscais Efetivos:<\/strong> Sara Jhuliana Reis, Everton Cristiano Dreher, Mario Klamt. <strong>Conselheiros Fiscais Suplentes: <\/strong>Rodrigo de Souza, Simone Schaefer Bourscheidt e Ronivan Luiz Trantenmuller.<\/p>\n\n\n\n<figure class=\"wp-block-image size-large\"><img decoding=\"async\" width=\"1024\" height=\"683\" src=\"http:\/\/noticiarioregional.com.br\/wp-content\/uploads\/2026\/02\/Diretoria-gestao-2023-a-2025-foi-homenageada-1024x683.jpg\" alt=\"\" class=\"wp-image-8624\" srcset=\"https:\/\/noticiarioregional.com.br\/wp-content\/uploads\/2026\/02\/Diretoria-gestao-2023-a-2025-foi-homenageada-1024x683.jpg 1024w, https:\/\/noticiarioregional.com.br\/wp-content\/uploads\/2026\/02\/Diretoria-gestao-2023-a-2025-foi-homenageada-300x200.jpg 300w, https:\/\/noticiarioregional.com.br\/wp-content\/uploads\/2026\/02\/Diretoria-gestao-2023-a-2025-foi-homenageada-768x512.jpg 768w, https:\/\/noticiarioregional.com.br\/wp-content\/uploads\/2026\/02\/Diretoria-gestao-2023-a-2025-foi-homenageada-1536x1024.jpg 1536w, https:\/\/noticiarioregional.com.br\/wp-content\/uploads\/2026\/02\/Diretoria-gestao-2023-a-2025-foi-homenageada-2048x1365.jpg 2048w, https:\/\/noticiarioregional.com.br\/wp-content\/uploads\/2026\/02\/Diretoria-gestao-2023-a-2025-foi-homenageada-150x100.jpg 150w, https:\/\/noticiarioregional.com.br\/wp-content\/uploads\/2026\/02\/Diretoria-gestao-2023-a-2025-foi-homenageada-450x300.jpg 450w, https:\/\/noticiarioregional.com.br\/wp-content\/uploads\/2026\/02\/Diretoria-gestao-2023-a-2025-foi-homenageada-1200x800.jpg 1200w\" sizes=\"(max-width: 1024px) 100vw, 1024px\" \/><figcaption class=\"wp-element-caption\">Diretoria gest\u00e3o 2023 a 2025 foi homenageada<\/figcaption><\/figure>\n","protected":false},"excerpt":{"rendered":"<p>Roseli Karlinski Vizentin assume a presid\u00eancia no lugar do ex-presidente Milton Melz Ipor\u00e3 do Oeste \u2013 Em ato solene dedicado aos associados, autoridades p\u00fablicas, imprensa e convidados, a Associa\u00e7\u00e3o Empresarial de Ipor\u00e3 do Oeste, ACIIO, realizou na noite de sexta-feira, 06, no Pavilh\u00e3o Cat\u00f3lico, posse da diretoria para a gest\u00e3o 2026\/2028, eleita em assembleia geral<\/p>\n","protected":false},"author":1,"featured_media":8625,"comment_status":"open","ping_status":"open","sticky":false,"template":"","format":"standard","meta":{"footnotes":""},"categories":[41],"tags":[],"class_list":{"0":"post-8623","1":"post","2":"type-post","3":"status-publish","4":"format-standard","5":"has-post-thumbnail","7":"category-noticias"},"_links":{"self":[{"href":"https:\/\/noticiarioregional.com.br\/index.php?rest_route=\/wp\/v2\/posts\/8623","targetHints":{"allow":["GET"]}}],"collection":[{"href":"https:\/\/noticiarioregional.com.br\/index.php?rest_route=\/wp\/v2\/posts"}],"about":[{"href":"https:\/\/noticiarioregional.com.br\/index.php?rest_route=\/wp\/v2\/types\/post"}],"author":[{"embeddable":true,"href":"https:\/\/noticiarioregional.com.br\/index.php?rest_route=\/wp\/v2\/users\/1"}],"replies":[{"embeddable":true,"href":"https:\/\/noticiarioregional.com.br\/index.php?rest_route=%2Fwp%2Fv2%2Fcomments&post=8623"}],"version-history":[{"count":1,"href":"https:\/\/noticiarioregional.com.br\/index.php?rest_route=\/wp\/v2\/posts\/8623\/revisions"}],"predecessor-version":[{"id":8628,"href":"https:\/\/noticiarioregional.com.br\/index.php?rest_route=\/wp\/v2\/posts\/8623\/revisions\/8628"}],"wp:featuredmedia":[{"embeddable":true,"href":"https:\/\/noticiarioregional.com.br\/index.php?rest_route=\/wp\/v2\/media\/8625"}],"wp:attachment":[{"href":"https:\/\/noticiarioregional.com.br\/index.php?rest_route=%2Fwp%2Fv2%2Fmedia&parent=8623"}],"wp:term":[{"taxonomy":"category","embeddable":true,"href":"https:\/\/noticiarioregional.com.br\/index.php?rest_route=%2Fwp%2Fv2%2Fcategories&post=8623"},{"taxonomy":"post_tag","embeddable":true,"href":"https:\/\/noticiarioregional.com.br\/index.php?rest_route=%2Fwp%2Fv2%2Ftags&post=8623"}],"curies":[{"name":"wp","href":"https:\/\/api.w.org\/{rel}","templated":true}]}}