{"id":8636,"date":"2026-02-19T10:36:06","date_gmt":"2026-02-19T13:36:06","guid":{"rendered":"https:\/\/noticiarioregional.com.br\/?p=8636"},"modified":"2026-02-19T10:36:08","modified_gmt":"2026-02-19T13:36:08","slug":"farmacia-vitoria-reinaugura-espaco-e-celebra-trajetoria-de-mais-de-duas-decadas-de-atendimento","status":"publish","type":"post","link":"https:\/\/noticiarioregional.com.br\/?p=8636","title":{"rendered":"Farm\u00e1cia Vit\u00f3ria reinaugura espa\u00e7o e celebra trajet\u00f3ria de mais de duas d\u00e9cadas de atendimento"},"content":{"rendered":"\n<p>A Farm\u00e1cia Vit\u00f3ria realizou, no \u00faltimo s\u00e1bado, dia 7, um evento de reinaugura\u00e7\u00e3o para apresentar \u00e0 comunidade a nova estrutura do estabelecimento. A iniciativa marcou tamb\u00e9m um momento especial: neste m\u00eas de fevereiro, a farm\u00e1cia celebra 25 anos de atua\u00e7\u00e3o junto \u00e0 popula\u00e7\u00e3o, consolidando uma hist\u00f3ria constru\u00edda com base no atendimento pr\u00f3ximo e na confian\u00e7a dos clientes.<\/p>\n\n\n\n<p>A empresa tem ra\u00edzes ainda mais antigas. O CNPJ est\u00e1 ativo desde 26 de novembro de 1982, per\u00edodo em que o estabelecimento funcionava em outro endere\u00e7o, em um pr\u00e9dio antigo pr\u00f3ximo ao local atual. Em meados de 2010, a farm\u00e1cia passou a atender em sede pr\u00f3pria, na Avenida Porto Feliz, 291, no Centro, onde permanece at\u00e9 hoje.<\/p>\n\n\n\n<p>As mudan\u00e7as apresentadas na reinaugura\u00e7\u00e3o foram planejadas ao longo dos \u00faltimos anos, especialmente ap\u00f3s a chegada da nova gera\u00e7\u00e3o \u00e0 administra\u00e7\u00e3o. H\u00e1 cerca de dois anos, Guilherme Toebe passou a atuar diretamente na gest\u00e3o, somando-se \u00e0 propriet\u00e1ria Marlene Toebe na condu\u00e7\u00e3o dos trabalhos.<\/p>\n\n\n\n<figure class=\"wp-block-image size-large\"><img fetchpriority=\"high\" decoding=\"async\" width=\"1024\" height=\"683\" src=\"http:\/\/noticiarioregional.com.br\/wp-content\/uploads\/2026\/02\/Equipe-da-Farmacia-1024x683.jpeg\" alt=\"\" class=\"wp-image-8637\" srcset=\"https:\/\/noticiarioregional.com.br\/wp-content\/uploads\/2026\/02\/Equipe-da-Farmacia-1024x683.jpeg 1024w, https:\/\/noticiarioregional.com.br\/wp-content\/uploads\/2026\/02\/Equipe-da-Farmacia-300x200.jpeg 300w, https:\/\/noticiarioregional.com.br\/wp-content\/uploads\/2026\/02\/Equipe-da-Farmacia-768x512.jpeg 768w, https:\/\/noticiarioregional.com.br\/wp-content\/uploads\/2026\/02\/Equipe-da-Farmacia-150x100.jpeg 150w, https:\/\/noticiarioregional.com.br\/wp-content\/uploads\/2026\/02\/Equipe-da-Farmacia-450x300.jpeg 450w, https:\/\/noticiarioregional.com.br\/wp-content\/uploads\/2026\/02\/Equipe-da-Farmacia-1200x801.jpeg 1200w, https:\/\/noticiarioregional.com.br\/wp-content\/uploads\/2026\/02\/Equipe-da-Farmacia.jpeg 1280w\" sizes=\"(max-width: 1024px) 100vw, 1024px\" \/><figcaption class=\"wp-element-caption\">Equipe da Farm\u00e1cia <\/figcaption><\/figure>\n\n\n\n<p>O projeto de moderniza\u00e7\u00e3o contemplou a renova\u00e7\u00e3o completa da fachada e da parte frontal da loja, al\u00e9m da reorganiza\u00e7\u00e3o interna do espa\u00e7o. A proposta foi alinhar o ambiente \u00e0s cores e \u00e0 identidade visual da marca, proporcionando mais conforto tanto para os clientes quanto para os colaboradores.<\/p>\n\n\n\n<p>Segundo a administra\u00e7\u00e3o, o objetivo das melhorias foi qualificar ainda mais o atendimento, que sempre foi considerado um dos principais diferenciais da farm\u00e1cia. A equipe recebe capacita\u00e7\u00f5es constantes e \u00e9 formada por profissionais habilitados, incluindo duas farmac\u00eauticas e t\u00e9cnico de enfermagem, o que permite a realiza\u00e7\u00e3o de servi\u00e7os como aplica\u00e7\u00e3o de medicamentos.<\/p>\n\n\n\n<p>Outro refor\u00e7o recente na equipe \u00e9 a farmac\u00eautica Nayara Farencena, que passou a integrar o quadro de profissionais, ampliando a capacidade de atendimento e orienta\u00e7\u00e3o aos clientes.<\/p>\n\n\n\n<p>Al\u00e9m de medicamentos, a Farm\u00e1cia Vit\u00f3ria oferece uma ampla variedade de produtos, incluindo vitaminas, suplementos, itens de perfumaria, maquiagem, medicamentos naturais e ch\u00e1s. A loja tamb\u00e9m trabalha com linhas de cuidados pessoais, aromas e ess\u00eancias, como difusores e produtos voltados ao bem-estar, al\u00e9m de uma linha infantil diversificada.<\/p>\n\n\n\n<p>Entre os servi\u00e7os disponibilizados est\u00e1 a entrega gratuita de medicamentos em domic\u00edlio, realizada com ve\u00edculo pr\u00f3prio, facilitando o acesso principalmente para quem n\u00e3o pode se deslocar at\u00e9 a farm\u00e1cia.<\/p>\n\n\n\n<p>O atendimento ocorre de segunda a sexta-feira, das 7h30 \u00e0s 12h e das 13h \u00e0s 19h. Aos s\u00e1bados, o hor\u00e1rio \u00e9 das 8h \u00e0s 12h e das 13h30 \u00e0s 18h, e aos domingos pela manh\u00e3, das 9h \u00e0s 11h. Durante o evento de reinaugura\u00e7\u00e3o, a comunidade foi convidada a conhecer as novas instala\u00e7\u00f5es, aproveitar promo\u00e7\u00f5es especiais e confraternizar com a equipe. A dire\u00e7\u00e3o refor\u00e7a o convite para que a popula\u00e7\u00e3o continue visitando o espa\u00e7o e conhecendo os servi\u00e7os oferecidos, destacando que a miss\u00e3o da farm\u00e1cia permanece a mesma: atender com aten\u00e7\u00e3o, responsabilidade e proximidade, valores que acompanham a trajet\u00f3ria da empresa desde a sua funda\u00e7\u00e3o.<\/p>\n","protected":false},"excerpt":{"rendered":"<p>A Farm\u00e1cia Vit\u00f3ria realizou, no \u00faltimo s\u00e1bado, dia 7, um evento de reinaugura\u00e7\u00e3o para apresentar \u00e0 comunidade a nova estrutura do estabelecimento. A iniciativa marcou tamb\u00e9m um momento especial: neste m\u00eas de fevereiro, a farm\u00e1cia celebra 25 anos de atua\u00e7\u00e3o junto \u00e0 popula\u00e7\u00e3o, consolidando uma hist\u00f3ria constru\u00edda com base no atendimento pr\u00f3ximo e na confian\u00e7a<\/p>\n","protected":false},"author":1,"featured_media":8638,"comment_status":"open","ping_status":"open","sticky":false,"template":"","format":"standard","meta":{"footnotes":""},"categories":[41],"tags":[],"class_list":{"0":"post-8636","1":"post","2":"type-post","3":"status-publish","4":"format-standard","5":"has-post-thumbnail","7":"category-noticias"},"_links":{"self":[{"href":"https:\/\/noticiarioregional.com.br\/index.php?rest_route=\/wp\/v2\/posts\/8636","targetHints":{"allow":["GET"]}}],"collection":[{"href":"https:\/\/noticiarioregional.com.br\/index.php?rest_route=\/wp\/v2\/posts"}],"about":[{"href":"https:\/\/noticiarioregional.com.br\/index.php?rest_route=\/wp\/v2\/types\/post"}],"author":[{"embeddable":true,"href":"https:\/\/noticiarioregional.com.br\/index.php?rest_route=\/wp\/v2\/users\/1"}],"replies":[{"embeddable":true,"href":"https:\/\/noticiarioregional.com.br\/index.php?rest_route=%2Fwp%2Fv2%2Fcomments&post=8636"}],"version-history":[{"count":1,"href":"https:\/\/noticiarioregional.com.br\/index.php?rest_route=\/wp\/v2\/posts\/8636\/revisions"}],"predecessor-version":[{"id":8639,"href":"https:\/\/noticiarioregional.com.br\/index.php?rest_route=\/wp\/v2\/posts\/8636\/revisions\/8639"}],"wp:featuredmedia":[{"embeddable":true,"href":"https:\/\/noticiarioregional.com.br\/index.php?rest_route=\/wp\/v2\/media\/8638"}],"wp:attachment":[{"href":"https:\/\/noticiarioregional.com.br\/index.php?rest_route=%2Fwp%2Fv2%2Fmedia&parent=8636"}],"wp:term":[{"taxonomy":"category","embeddable":true,"href":"https:\/\/noticiarioregional.com.br\/index.php?rest_route=%2Fwp%2Fv2%2Fcategories&post=8636"},{"taxonomy":"post_tag","embeddable":true,"href":"https:\/\/noticiarioregional.com.br\/index.php?rest_route=%2Fwp%2Fv2%2Ftags&post=8636"}],"curies":[{"name":"wp","href":"https:\/\/api.w.org\/{rel}","templated":true}]}}