{"id":8640,"date":"2026-02-19T10:38:28","date_gmt":"2026-02-19T13:38:28","guid":{"rendered":"https:\/\/noticiarioregional.com.br\/?p=8640"},"modified":"2026-02-19T10:38:29","modified_gmt":"2026-02-19T13:38:29","slug":"mais-de-30-anos-dedicados-a-eeb-sao-lourenco-nascido-e-criado-na-comunidade-nivo-acompanhou-a-evolucao-da-escola","status":"publish","type":"post","link":"https:\/\/noticiarioregional.com.br\/?p=8640","title":{"rendered":"Mais de 30 anos dedicados a EEB S\u00e3o Louren\u00e7o, nascido e criado na comunidade, Nivo acompanhou a evolu\u00e7\u00e3o da escola"},"content":{"rendered":"\n<p><strong>Ipor\u00e3 do Oeste \u2013 <\/strong>Na fase escolar, principalmente nos primeiros anos de vida at\u00e9 pelos menos os 18 anos, passamos boa parte da nossa vida na escola. Esse per\u00edodo se estende depois, para quem busca aperfei\u00e7oamento e uma carreira profissional. Em todos esses anos, muitos profissionais nos marcam, pela sua forma de lecionar, pelo cuidado e aten\u00e7\u00e3o com os alunos e pelo desempenho de suas fun\u00e7\u00f5es. Entre estes, n\u00e3o est\u00e3o apenas professores, mas tamb\u00e9m, outros profissionais que se destacam pela sua atua\u00e7\u00e3o.<\/p>\n\n\n\n<p>Quem estudou na Escola de Educa\u00e7\u00e3o B\u00e1sica S\u00e3o Louren\u00e7o a partir do ano de 1994, lembra com certeza de uma figura bem conhecida e carism\u00e1tica, que apesar da sua forma t\u00edmida de ser, tem o respeito e o carinho dos estudantes. Nivo Odir Dapper, hoje com 50 anos, iniciou seu trabalho no educand\u00e1rio naquele ano, e at\u00e9 hoje, est\u00e1 na ativa.<\/p>\n\n\n\n<p>Nivo nasceu e cresceu na comunidade de S\u00e3o Louren\u00e7o. Seus pais sempre tiveram contribui\u00e7\u00e3o nos trabalhos comunit\u00e1rios, onde aprendeu na pr\u00e1tica a import\u00e2ncia do voluntariado. Por cerca de 10 anos, Nivo era respons\u00e1vel por \u201cpuxar o sino\u201d, fun\u00e7\u00e3o que s\u00f3 parou de exercer depois que o servi\u00e7o foi automatizado. Ele cursou do 1\u00ba ao 8\u00ba ano na escola, e como na \u00e9poca ainda n\u00e3o havia ali o segundo grau, continuou os estudos na escola estadual da cidade. Assim que se formou, aos 22 anos foi convidado pelo ent\u00e3o diretor, M\u00e1rio Heck, a trabalhar na escola de S\u00e3o Louren\u00e7o.<\/p>\n\n\n\n<p>Por muitos anos Nivo foi respons\u00e1vel pelo ajardinamento do espa\u00e7o, consertos, e outras fun\u00e7\u00f5es que surgiam com a demanda. A partir de 2022, passou a atuar atrav\u00e9s de empresa terceirizada, prestando os servi\u00e7os a escola, ent\u00e3o mais voltados a limpeza, higiene e organiza\u00e7\u00e3o do educand\u00e1rio. Inclusive, o dep\u00f3sito que ele pr\u00f3prio organiza com os materiais e equipamentos de servi\u00e7o, foi apelidado pelos alunos de \u201cCasinha do Nivo\u201d, com um letreiro de identifica\u00e7\u00e3o na porta.<\/p>\n\n\n\n<figure class=\"wp-block-image size-large\"><img fetchpriority=\"high\" decoding=\"async\" width=\"1024\" height=\"683\" src=\"http:\/\/noticiarioregional.com.br\/wp-content\/uploads\/2026\/02\/Deposito-com-os-materiais-e-equipamentos-de-servico-apelidado-pelos-alunos-de-Casinha-do-Nivo-1024x683.jpg\" alt=\"\" class=\"wp-image-8642\" srcset=\"https:\/\/noticiarioregional.com.br\/wp-content\/uploads\/2026\/02\/Deposito-com-os-materiais-e-equipamentos-de-servico-apelidado-pelos-alunos-de-Casinha-do-Nivo-1024x683.jpg 1024w, https:\/\/noticiarioregional.com.br\/wp-content\/uploads\/2026\/02\/Deposito-com-os-materiais-e-equipamentos-de-servico-apelidado-pelos-alunos-de-Casinha-do-Nivo-300x200.jpg 300w, https:\/\/noticiarioregional.com.br\/wp-content\/uploads\/2026\/02\/Deposito-com-os-materiais-e-equipamentos-de-servico-apelidado-pelos-alunos-de-Casinha-do-Nivo-768x512.jpg 768w, https:\/\/noticiarioregional.com.br\/wp-content\/uploads\/2026\/02\/Deposito-com-os-materiais-e-equipamentos-de-servico-apelidado-pelos-alunos-de-Casinha-do-Nivo-1536x1024.jpg 1536w, https:\/\/noticiarioregional.com.br\/wp-content\/uploads\/2026\/02\/Deposito-com-os-materiais-e-equipamentos-de-servico-apelidado-pelos-alunos-de-Casinha-do-Nivo-2048x1365.jpg 2048w, https:\/\/noticiarioregional.com.br\/wp-content\/uploads\/2026\/02\/Deposito-com-os-materiais-e-equipamentos-de-servico-apelidado-pelos-alunos-de-Casinha-do-Nivo-150x100.jpg 150w, https:\/\/noticiarioregional.com.br\/wp-content\/uploads\/2026\/02\/Deposito-com-os-materiais-e-equipamentos-de-servico-apelidado-pelos-alunos-de-Casinha-do-Nivo-450x300.jpg 450w, https:\/\/noticiarioregional.com.br\/wp-content\/uploads\/2026\/02\/Deposito-com-os-materiais-e-equipamentos-de-servico-apelidado-pelos-alunos-de-Casinha-do-Nivo-1200x800.jpg 1200w\" sizes=\"(max-width: 1024px) 100vw, 1024px\" \/><figcaption class=\"wp-element-caption\">Dep\u00f3sito com os materiais e equipamentos de servi\u00e7o, apelidado pelos alunos de \u201cCasinha do Nivo\u201d<\/figcaption><\/figure>\n\n\n\n<p>Em tr\u00eas d\u00e9cadas, Nivo acompanhou a evolu\u00e7\u00e3o do espa\u00e7o f\u00edsico, que gradativamente aumentou a cada ano, tamb\u00e9m a moderniza\u00e7\u00e3o dos sistemas, as trocas de profissionais e os v\u00e1rios alunos que passaram pelo educand\u00e1rio. Nestes 32 anos de servi\u00e7os prestados a escola, Nivo afirma que se sente feliz e realizado, pois sempre cumpriu com o que lhe era solicitado, mantendo uma boa rela\u00e7\u00e3o tanto com os estudantes como com os profissionais.<\/p>\n","protected":false},"excerpt":{"rendered":"<p>Ipor\u00e3 do Oeste \u2013 Na fase escolar, principalmente nos primeiros anos de vida at\u00e9 pelos menos os 18 anos, passamos boa parte da nossa vida na escola. Esse per\u00edodo se estende depois, para quem busca aperfei\u00e7oamento e uma carreira profissional. Em todos esses anos, muitos profissionais nos marcam, pela sua forma de lecionar, pelo cuidado<\/p>\n","protected":false},"author":1,"featured_media":8641,"comment_status":"open","ping_status":"open","sticky":false,"template":"","format":"standard","meta":{"footnotes":""},"categories":[41],"tags":[],"class_list":{"0":"post-8640","1":"post","2":"type-post","3":"status-publish","4":"format-standard","5":"has-post-thumbnail","7":"category-noticias"},"_links":{"self":[{"href":"https:\/\/noticiarioregional.com.br\/index.php?rest_route=\/wp\/v2\/posts\/8640","targetHints":{"allow":["GET"]}}],"collection":[{"href":"https:\/\/noticiarioregional.com.br\/index.php?rest_route=\/wp\/v2\/posts"}],"about":[{"href":"https:\/\/noticiarioregional.com.br\/index.php?rest_route=\/wp\/v2\/types\/post"}],"author":[{"embeddable":true,"href":"https:\/\/noticiarioregional.com.br\/index.php?rest_route=\/wp\/v2\/users\/1"}],"replies":[{"embeddable":true,"href":"https:\/\/noticiarioregional.com.br\/index.php?rest_route=%2Fwp%2Fv2%2Fcomments&post=8640"}],"version-history":[{"count":1,"href":"https:\/\/noticiarioregional.com.br\/index.php?rest_route=\/wp\/v2\/posts\/8640\/revisions"}],"predecessor-version":[{"id":8643,"href":"https:\/\/noticiarioregional.com.br\/index.php?rest_route=\/wp\/v2\/posts\/8640\/revisions\/8643"}],"wp:featuredmedia":[{"embeddable":true,"href":"https:\/\/noticiarioregional.com.br\/index.php?rest_route=\/wp\/v2\/media\/8641"}],"wp:attachment":[{"href":"https:\/\/noticiarioregional.com.br\/index.php?rest_route=%2Fwp%2Fv2%2Fmedia&parent=8640"}],"wp:term":[{"taxonomy":"category","embeddable":true,"href":"https:\/\/noticiarioregional.com.br\/index.php?rest_route=%2Fwp%2Fv2%2Fcategories&post=8640"},{"taxonomy":"post_tag","embeddable":true,"href":"https:\/\/noticiarioregional.com.br\/index.php?rest_route=%2Fwp%2Fv2%2Ftags&post=8640"}],"curies":[{"name":"wp","href":"https:\/\/api.w.org\/{rel}","templated":true}]}}