{"id":8644,"date":"2026-02-19T10:40:09","date_gmt":"2026-02-19T13:40:09","guid":{"rendered":"https:\/\/noticiarioregional.com.br\/?p=8644"},"modified":"2026-02-19T10:40:13","modified_gmt":"2026-02-19T13:40:13","slug":"ovos-raiz-recebe-visitacao-dos-nucleos-e-empresarios-da-acisjo","status":"publish","type":"post","link":"https:\/\/noticiarioregional.com.br\/?p=8644","title":{"rendered":"Ovos Raiz recebe visita\u00e7\u00e3o dos N\u00facleos e empres\u00e1rios da ACISJO"},"content":{"rendered":"\n<p><strong>S\u00e3o Jo\u00e3o do Oeste \u2013 <\/strong>No s\u00e1bado, 07, e no domingo, 08, a fam\u00edlia Weber abriu as portas da granja Ovos Raiz para visita\u00e7\u00e3o dos N\u00facleos do Jovem Empreendedor e da Mulher Empres\u00e1ria da Associa\u00e7\u00e3o Empresarial de S\u00e3o Jo\u00e3o do Oeste, ACISJO, e empres\u00e1rios dos mercados, padarias e restaurantes do munic\u00edpio.<\/p>\n\n\n\n<p>O s\u00f3cio propriet\u00e1rio da Ovos Raiz, Weslley Weber, apresentou aos empres\u00e1rios o objetivo da empresa, a estrutura\u00e7\u00e3o do empreendimento que vem sendo planejado h\u00e1 anos pela fam\u00edlia, bem como, o funcionamento em si e o mercado de abrang\u00eancia. Ao final, cada grupo foi conduzido pela fam\u00edlia propriet\u00e1ria para visita\u00e7\u00e3o da granja e do espa\u00e7o em si. Para os empres\u00e1rios, esta rela\u00e7\u00e3o com as empresas \u00e9 importante, pois a Ovos Raiz ir\u00e1 atender inicialmente o com\u00e9rcio local, com o qual, a empresa familiar pretende atuar em parceria.<\/p>\n\n\n\n<figure class=\"wp-block-image size-large\"><img fetchpriority=\"high\" decoding=\"async\" width=\"1024\" height=\"683\" src=\"http:\/\/noticiarioregional.com.br\/wp-content\/uploads\/2026\/02\/IMG_1937-1024x683.jpg\" alt=\"\" class=\"wp-image-8646\" srcset=\"https:\/\/noticiarioregional.com.br\/wp-content\/uploads\/2026\/02\/IMG_1937-1024x683.jpg 1024w, https:\/\/noticiarioregional.com.br\/wp-content\/uploads\/2026\/02\/IMG_1937-300x200.jpg 300w, https:\/\/noticiarioregional.com.br\/wp-content\/uploads\/2026\/02\/IMG_1937-768x512.jpg 768w, https:\/\/noticiarioregional.com.br\/wp-content\/uploads\/2026\/02\/IMG_1937-1536x1024.jpg 1536w, https:\/\/noticiarioregional.com.br\/wp-content\/uploads\/2026\/02\/IMG_1937-2048x1365.jpg 2048w, https:\/\/noticiarioregional.com.br\/wp-content\/uploads\/2026\/02\/IMG_1937-150x100.jpg 150w, https:\/\/noticiarioregional.com.br\/wp-content\/uploads\/2026\/02\/IMG_1937-450x300.jpg 450w, https:\/\/noticiarioregional.com.br\/wp-content\/uploads\/2026\/02\/IMG_1937-1200x800.jpg 1200w\" sizes=\"(max-width: 1024px) 100vw, 1024px\" \/><\/figure>\n\n\n\n<p>A empresa, situada \u00e0s margens da SC 496 na Linha Beato Roque, ir\u00e1 trabalhar com a produ\u00e7\u00e3o de ovos de galinhas livres de gaiolas. Os propriet\u00e1rios s\u00e3o a fam\u00edlia de Aloisio Andr\u00e9 e Roselei Weber, o filho Weslley e a nora Fabiana Welchen. A estrutura est\u00e1 dividida em entreposto e granja, com sistema totalmente automatizado. A empresa \u00e9 uma das primeiras na regi\u00e3o a trabalhar com uma m\u00e1quina que realiza a classifica\u00e7\u00e3o dos ovos por peso, bem como, a limpeza e o processo chamado de ovoscopia para avaliar se h\u00e1 ovos trincados, que neste caso, n\u00e3o ser\u00e3o destinados ao mercado. Esse processo de automatiza\u00e7\u00e3o garante que inicialmente atue na atividade somente a pr\u00f3pria fam\u00edlia.<\/p>\n\n\n\n<p>O primeiro alojamento est\u00e1 previsto para a pr\u00f3xima semana, na estrutura j\u00e1 conclu\u00edda com capacidade para 3.300 aves. Na granja ao lado, ainda em fase de conclus\u00e3o, ser\u00e3o mais 3.300 galinhas alojadas em um segundo momento. O intervalo entre os alojamentos garante a continuidade da produ\u00e7\u00e3o quando ocorrer a troca do primeiro lote de galinhas. A capacidade total da \u00e1rea, ainda com proje\u00e7\u00f5es futuras de amplia\u00e7\u00e3o, \u00e9 para 44 mil aves.<\/p>\n","protected":false},"excerpt":{"rendered":"<p>S\u00e3o Jo\u00e3o do Oeste \u2013 No s\u00e1bado, 07, e no domingo, 08, a fam\u00edlia Weber abriu as portas da granja Ovos Raiz para visita\u00e7\u00e3o dos N\u00facleos do Jovem Empreendedor e da Mulher Empres\u00e1ria da Associa\u00e7\u00e3o Empresarial de S\u00e3o Jo\u00e3o do Oeste, ACISJO, e empres\u00e1rios dos mercados, padarias e restaurantes do munic\u00edpio. O s\u00f3cio propriet\u00e1rio da<\/p>\n","protected":false},"author":1,"featured_media":8645,"comment_status":"open","ping_status":"open","sticky":false,"template":"","format":"standard","meta":{"footnotes":""},"categories":[41],"tags":[],"class_list":{"0":"post-8644","1":"post","2":"type-post","3":"status-publish","4":"format-standard","5":"has-post-thumbnail","7":"category-noticias"},"_links":{"self":[{"href":"https:\/\/noticiarioregional.com.br\/index.php?rest_route=\/wp\/v2\/posts\/8644","targetHints":{"allow":["GET"]}}],"collection":[{"href":"https:\/\/noticiarioregional.com.br\/index.php?rest_route=\/wp\/v2\/posts"}],"about":[{"href":"https:\/\/noticiarioregional.com.br\/index.php?rest_route=\/wp\/v2\/types\/post"}],"author":[{"embeddable":true,"href":"https:\/\/noticiarioregional.com.br\/index.php?rest_route=\/wp\/v2\/users\/1"}],"replies":[{"embeddable":true,"href":"https:\/\/noticiarioregional.com.br\/index.php?rest_route=%2Fwp%2Fv2%2Fcomments&post=8644"}],"version-history":[{"count":1,"href":"https:\/\/noticiarioregional.com.br\/index.php?rest_route=\/wp\/v2\/posts\/8644\/revisions"}],"predecessor-version":[{"id":8647,"href":"https:\/\/noticiarioregional.com.br\/index.php?rest_route=\/wp\/v2\/posts\/8644\/revisions\/8647"}],"wp:featuredmedia":[{"embeddable":true,"href":"https:\/\/noticiarioregional.com.br\/index.php?rest_route=\/wp\/v2\/media\/8645"}],"wp:attachment":[{"href":"https:\/\/noticiarioregional.com.br\/index.php?rest_route=%2Fwp%2Fv2%2Fmedia&parent=8644"}],"wp:term":[{"taxonomy":"category","embeddable":true,"href":"https:\/\/noticiarioregional.com.br\/index.php?rest_route=%2Fwp%2Fv2%2Fcategories&post=8644"},{"taxonomy":"post_tag","embeddable":true,"href":"https:\/\/noticiarioregional.com.br\/index.php?rest_route=%2Fwp%2Fv2%2Ftags&post=8644"}],"curies":[{"name":"wp","href":"https:\/\/api.w.org\/{rel}","templated":true}]}}