{"id":8648,"date":"2026-02-19T10:42:27","date_gmt":"2026-02-19T13:42:27","guid":{"rendered":"https:\/\/noticiarioregional.com.br\/?p=8648"},"modified":"2026-02-19T10:42:29","modified_gmt":"2026-02-19T13:42:29","slug":"asanio-elege-nova-diretoria-e-discute-acoes-para-o-ano","status":"publish","type":"post","link":"https:\/\/noticiarioregional.com.br\/?p=8648","title":{"rendered":"Asanio elege nova diretoria e discute a\u00e7\u00f5es para o ano"},"content":{"rendered":"\n<p class=\"has-larger-font-size\"><strong><em>Maior expectativa da entidade para 2026 <\/em>\u00e9<em> quanto a constru\u00e7\u00e3o do canil municipal<\/em><\/strong><\/p>\n\n\n\n<p><strong>Ipor\u00e3 do Oeste \u2013 <\/strong>Na noite da ter\u00e7a-feira 03, os volunt\u00e1rios da ONG ASANIO estiveram reunidos para assembleia, em que na pauta esteve a elei\u00e7\u00e3o e posse da nova diretoria e a discuss\u00e3o de a\u00e7\u00f5es para o ano. Tamb\u00e9m houve o ingresso de novos volunt\u00e1rios.<\/p>\n\n\n\n<p>A presidente que entregou o mandato, Isabela Soder Bisolo Tessaro, realizou a presta\u00e7\u00e3o de contas referente as castra\u00e7\u00f5es que est\u00e3o sendo feitas com recursos do termo de fomento firmado ainda no ano passado com o munic\u00edpio, no valor de R$ 60 mil. At\u00e9 o momento j\u00e1 foram 155 castra\u00e7\u00f5es, em que os crit\u00e9rios levados em conta s\u00e3o ter adotado o c\u00e3o ou gato atrav\u00e9s da ONG, ou ent\u00e3o animais que s\u00e3o v\u00edtimas de abandono e maus-tratos, ou ainda, pelo crit\u00e9rio de renda.<\/p>\n\n\n\n<p>Na sequ\u00eancia, ocorreu a elei\u00e7\u00e3o da nova diretoria, que assume para o mandato de dois anos. Como presidente foi eleita Cristiane Bazzo; vice-presidente Eduardo Konrad; tesoureira Joana Scherer; vice-tesoureira Cristiane Alles; secret\u00e1ria Viviane Lamour; vice-secret\u00e1ria Renise Ludwig Muller; assessora de sa\u00fade p\u00fablica: Rosane Muller; Conselho Fiscal Titular: Raieli Ludwig, Venicius Dill e Laura Kickow; Conselho Fiscal Suplente: \u00c2ngela Bischoff, Ana J\u00falia Schneider e Simone Gemmer; assessora jur\u00eddica: Luiza Wandscher; N\u00facleo dos Res\u00edduos, da \u00c1gua e do Verde: Daniele Carbonara e N\u00facleo dos Animais: Joana Reichert.<\/p>\n\n\n\n<p>Para 2026, a maior expectativa da entidade \u00e9 quanto a constru\u00e7\u00e3o do canil municipal, para o qual, o munic\u00edpio cede o terreno, e j\u00e1 h\u00e1 recursos garantidos de emenda para o investimento. O grupo discutiu ainda as demandas nos resgates de animais, enaltecendo a import\u00e2ncia da popula\u00e7\u00e3o contribuir para evitar o aumento dos casos de abandono e maus-tratos. Os volunt\u00e1rios refor\u00e7aram a responsabilidade de cada tutor zelar e cuidar dos seus c\u00e3es e gatos, para garantir o bem-estar dos animais, considerando que \u00e9 tamb\u00e9m uma situa\u00e7\u00e3o de sa\u00fade p\u00fablica.<\/p>\n\n\n\n<p>Voltado ao meio ambiente, a ASANIO mant\u00e9m o projeto de recolha de tampinhas pl\u00e1sticas, com pontos de coleta nas empresas Nutri Animal, <del>Mario<\/del><ins>M\u00e1rio<\/ins> Autom\u00f3veis, <ins>no pr\u00e9-escolar Os Peixinhos <\/ins>ou diretamente com os volunt\u00e1rios. Podem ser coletadas tampinhas pl\u00e1sticas de v\u00e1rias embalagens, como produtos de higiene, limpeza, garrafas pet, entre outros. O material \u00e9 encaminhado para a Dumi Pl\u00e1sticos, que compra as tampinhas, gerando recursos para a ONG, e posteriormente \u00e9 feita a reciclagem.<\/p>\n\n\n\n<p>H\u00e1 mais de 20 anos de atua\u00e7\u00e3o, a ONG ASANIO vem realizando um trabalho importante no munic\u00edpio atrav\u00e9s do grupo de volunt\u00e1rios e parceiros. Em 2025 a ASANIO promoveu tr\u00eas eventos, a Noite das Mulheres em fevereiro, que ser\u00e1 realizada a cada dois anos, e dois festivais de pizza solid\u00e1ria. O pr\u00f3ximo evento do calend\u00e1rio ser\u00e1 promovido em junho. Todo o lucro arrecadado nas a\u00e7\u00f5es \u00e9 revertido na manuten\u00e7\u00e3o da entidade e nos atendimentos aos animais recolhidos e que depois s\u00e3o adotados. Durante todo o ano passado foram mais de 30 c\u00e3es adotados diretamente atrav\u00e9s do canil da ASANIO, al\u00e9m das ado\u00e7\u00f5es intermediadas pela ONG e das ado\u00e7\u00f5es de gatos, que por falta de um espa\u00e7o adequado, estes n\u00e3o s\u00e3o recolhidos pela ONG.<\/p>\n","protected":false},"excerpt":{"rendered":"<p>Maior expectativa da entidade para 2026 \u00e9 quanto a constru\u00e7\u00e3o do canil municipal Ipor\u00e3 do Oeste \u2013 Na noite da ter\u00e7a-feira 03, os volunt\u00e1rios da ONG ASANIO estiveram reunidos para assembleia, em que na pauta esteve a elei\u00e7\u00e3o e posse da nova diretoria e a discuss\u00e3o de a\u00e7\u00f5es para o ano. Tamb\u00e9m houve o ingresso<\/p>\n","protected":false},"author":1,"featured_media":8649,"comment_status":"open","ping_status":"open","sticky":false,"template":"","format":"standard","meta":{"footnotes":""},"categories":[41],"tags":[],"class_list":{"0":"post-8648","1":"post","2":"type-post","3":"status-publish","4":"format-standard","5":"has-post-thumbnail","7":"category-noticias"},"_links":{"self":[{"href":"https:\/\/noticiarioregional.com.br\/index.php?rest_route=\/wp\/v2\/posts\/8648","targetHints":{"allow":["GET"]}}],"collection":[{"href":"https:\/\/noticiarioregional.com.br\/index.php?rest_route=\/wp\/v2\/posts"}],"about":[{"href":"https:\/\/noticiarioregional.com.br\/index.php?rest_route=\/wp\/v2\/types\/post"}],"author":[{"embeddable":true,"href":"https:\/\/noticiarioregional.com.br\/index.php?rest_route=\/wp\/v2\/users\/1"}],"replies":[{"embeddable":true,"href":"https:\/\/noticiarioregional.com.br\/index.php?rest_route=%2Fwp%2Fv2%2Fcomments&post=8648"}],"version-history":[{"count":1,"href":"https:\/\/noticiarioregional.com.br\/index.php?rest_route=\/wp\/v2\/posts\/8648\/revisions"}],"predecessor-version":[{"id":8650,"href":"https:\/\/noticiarioregional.com.br\/index.php?rest_route=\/wp\/v2\/posts\/8648\/revisions\/8650"}],"wp:featuredmedia":[{"embeddable":true,"href":"https:\/\/noticiarioregional.com.br\/index.php?rest_route=\/wp\/v2\/media\/8649"}],"wp:attachment":[{"href":"https:\/\/noticiarioregional.com.br\/index.php?rest_route=%2Fwp%2Fv2%2Fmedia&parent=8648"}],"wp:term":[{"taxonomy":"category","embeddable":true,"href":"https:\/\/noticiarioregional.com.br\/index.php?rest_route=%2Fwp%2Fv2%2Fcategories&post=8648"},{"taxonomy":"post_tag","embeddable":true,"href":"https:\/\/noticiarioregional.com.br\/index.php?rest_route=%2Fwp%2Fv2%2Ftags&post=8648"}],"curies":[{"name":"wp","href":"https:\/\/api.w.org\/{rel}","templated":true}]}}