{"id":8651,"date":"2026-02-19T10:44:22","date_gmt":"2026-02-19T13:44:22","guid":{"rendered":"https:\/\/noticiarioregional.com.br\/?p=8651"},"modified":"2026-02-19T10:44:23","modified_gmt":"2026-02-19T13:44:23","slug":"apae-raio-de-sol-promove-roda-de-conversa-sobre-inclusao-familia-e-aspectos-legais-da-educacao-especial","status":"publish","type":"post","link":"https:\/\/noticiarioregional.com.br\/?p=8651","title":{"rendered":"APAE Raio de Sol promove roda de conversa sobre inclus\u00e3o, fam\u00edlia e aspectos legais da Educa\u00e7\u00e3o Especial"},"content":{"rendered":"\n<p>A Associa\u00e7\u00e3o de Pais e Amigos dos Excepcionais &#8211; APAE Raio de Sol, de Monda\u00ed, promoveu na quinta-feira, dia 5, uma roda de conversa com o vereador de Chapec\u00f3, advogado e pai de autista, Paulinho da Silva. O encontro reuniu profissionais da institui\u00e7\u00e3o, familiares, professores e membros da diretoria para um momento de di\u00e1logo, aprendizado e reflex\u00e3o sobre inclus\u00e3o e participa\u00e7\u00e3o da fam\u00edlia.<\/p>\n\n\n\n<p>De acordo com a diretora da APAE Raio de Sol, Vanessa Selke Toebe, a atividade teve como principal objetivo aproximar ainda mais as fam\u00edlias do trabalho desenvolvido pela institui\u00e7\u00e3o.<\/p>\n\n\n\n<p>Segundo ela, a participa\u00e7\u00e3o familiar \u00e9 fundamental para o \u00eaxito das terapias e para o desenvolvimento das crian\u00e7as e adolescentes atendidos. \u201c<em>Nosso objetivo principal \u00e9 trazer a fam\u00edlia junto com a APAE, para que todas as terapias que a gente oferece por profissionais dentro da institui\u00e7\u00e3o possam ter \u00eaxito e as crian\u00e7as possam ter a evolu\u00e7\u00e3o t\u00e3o planejada por n\u00f3s e tamb\u00e9m esperada pela fam\u00edlia. Para que isso aconte\u00e7a, n\u00f3s precisamos da participa\u00e7\u00e3o da fam\u00edlia de forma ass\u00eddua dentro da institui\u00e7\u00e3o<\/em>\u201d, destacou.<\/p>\n\n\n\n<p>Vanessa explicou que a vinda de Paulinho da Silva marcou o primeiro passo da programa\u00e7\u00e3o de atividades do ano voltadas \u00e0 integra\u00e7\u00e3o com as fam\u00edlias. Conforme a diretora, o convidado foi escolhido n\u00e3o apenas por sua atua\u00e7\u00e3o p\u00fablica e jur\u00eddica, mas principalmente pela experi\u00eancia pessoal como pai de uma pessoa com autismo.<\/p>\n\n\n\n<p>Durante o encontro, Paulinho compartilhou a trajet\u00f3ria de seu filho, Eduardo Martins de Quadros da Silva, hoje com 27 anos. Diagnosticado com autismo aos 12 anos de idade, Eduardo enfrentou desafios desde a inf\u00e2ncia, como dificuldades de comunica\u00e7\u00e3o, caracter\u00edsticas de rigidez cognitiva e seletividade alimentar. Professores tiveram papel importante na identifica\u00e7\u00e3o dos sinais que levaram ao diagn\u00f3stico.<\/p>\n\n\n\n<p>A participa\u00e7\u00e3o ativa da fam\u00edlia ao longo do processo terap\u00eautico e educacional foi determinante para o desenvolvimento de Eduardo, que concluiu o ensino superior em Ci\u00eancia da Computa\u00e7\u00e3o, possui forma\u00e7\u00e3o em idiomas, realizou capacita\u00e7\u00e3o em Libras e atualmente segue ampliando sua forma\u00e7\u00e3o nas \u00e1reas de marketing digital e design gr\u00e1fico, al\u00e9m de atuar na produ\u00e7\u00e3o de roteiros e filmes.<\/p>\n\n\n\n<p>Para a dire\u00e7\u00e3o da APAE, hist\u00f3rias como essa demonstram, na pr\u00e1tica, a import\u00e2ncia do acompanhamento familiar aliado ao trabalho t\u00e9cnico e pedag\u00f3gico. \u201c<em>O objetivo essencial \u00e9 trazer a fam\u00edlia junto \u00e0 APAE, para que a gente, juntos, possamos trabalhar no desenvolvimento da crian\u00e7a e do adolescente<\/em>\u201d, refor\u00e7ou Vanessa.<\/p>\n\n\n\n<p>Paulinho da Silva tamb\u00e9m apresentou aspectos pr\u00e1ticos de como a legisla\u00e7\u00e3o deve ser aplicada no cotidiano escolar, refor\u00e7ando a import\u00e2ncia de ambientes verdadeiramente inclusivos, que respeitem direitos, promovam a equidade e garantam o desenvolvimento dos estudantes.<\/p>\n\n\n\n<p>A iniciativa integra a proposta da APAE Raio de Sol de fortalecer o v\u00ednculo entre escola e fam\u00edlia, sob o lema de que a educa\u00e7\u00e3o que inclui \u00e9 a que transforma. A dire\u00e7\u00e3o avalia o encontro de forma positiva, destacando a participa\u00e7\u00e3o do p\u00fablico e o interesse dos presentes em aprofundar conhecimentos sobre inclus\u00e3o, direitos e pr\u00e1ticas que contribuam para o desenvolvimento das pessoas com defici\u00eancia.<\/p>\n","protected":false},"excerpt":{"rendered":"<p>A Associa\u00e7\u00e3o de Pais e Amigos dos Excepcionais &#8211; APAE Raio de Sol, de Monda\u00ed, promoveu na quinta-feira, dia 5, uma roda de conversa com o vereador de Chapec\u00f3, advogado e pai de autista, Paulinho da Silva. O encontro reuniu profissionais da institui\u00e7\u00e3o, familiares, professores e membros da diretoria para um momento de di\u00e1logo, aprendizado<\/p>\n","protected":false},"author":1,"featured_media":8652,"comment_status":"open","ping_status":"open","sticky":false,"template":"","format":"standard","meta":{"footnotes":""},"categories":[41],"tags":[],"class_list":{"0":"post-8651","1":"post","2":"type-post","3":"status-publish","4":"format-standard","5":"has-post-thumbnail","7":"category-noticias"},"_links":{"self":[{"href":"https:\/\/noticiarioregional.com.br\/index.php?rest_route=\/wp\/v2\/posts\/8651","targetHints":{"allow":["GET"]}}],"collection":[{"href":"https:\/\/noticiarioregional.com.br\/index.php?rest_route=\/wp\/v2\/posts"}],"about":[{"href":"https:\/\/noticiarioregional.com.br\/index.php?rest_route=\/wp\/v2\/types\/post"}],"author":[{"embeddable":true,"href":"https:\/\/noticiarioregional.com.br\/index.php?rest_route=\/wp\/v2\/users\/1"}],"replies":[{"embeddable":true,"href":"https:\/\/noticiarioregional.com.br\/index.php?rest_route=%2Fwp%2Fv2%2Fcomments&post=8651"}],"version-history":[{"count":1,"href":"https:\/\/noticiarioregional.com.br\/index.php?rest_route=\/wp\/v2\/posts\/8651\/revisions"}],"predecessor-version":[{"id":8653,"href":"https:\/\/noticiarioregional.com.br\/index.php?rest_route=\/wp\/v2\/posts\/8651\/revisions\/8653"}],"wp:featuredmedia":[{"embeddable":true,"href":"https:\/\/noticiarioregional.com.br\/index.php?rest_route=\/wp\/v2\/media\/8652"}],"wp:attachment":[{"href":"https:\/\/noticiarioregional.com.br\/index.php?rest_route=%2Fwp%2Fv2%2Fmedia&parent=8651"}],"wp:term":[{"taxonomy":"category","embeddable":true,"href":"https:\/\/noticiarioregional.com.br\/index.php?rest_route=%2Fwp%2Fv2%2Fcategories&post=8651"},{"taxonomy":"post_tag","embeddable":true,"href":"https:\/\/noticiarioregional.com.br\/index.php?rest_route=%2Fwp%2Fv2%2Ftags&post=8651"}],"curies":[{"name":"wp","href":"https:\/\/api.w.org\/{rel}","templated":true}]}}