{"id":8657,"date":"2026-02-19T10:47:22","date_gmt":"2026-02-19T13:47:22","guid":{"rendered":"https:\/\/noticiarioregional.com.br\/?p=8657"},"modified":"2026-02-19T10:47:28","modified_gmt":"2026-02-19T13:47:28","slug":"casa-paroquial-esta-na-fase-final-de-acabamentos-com-inauguracao-prevista-para-junho","status":"publish","type":"post","link":"https:\/\/noticiarioregional.com.br\/?p=8657","title":{"rendered":"Casa Paroquial est\u00e1 na fase final de acabamentos com inaugura\u00e7\u00e3o prevista para junho"},"content":{"rendered":"\n<p><strong>Ipor\u00e3 do Oeste \u2013<\/strong> Em abril de 2024 iniciou a constru\u00e7\u00e3o da nova Casa Paroquial, localizada ao lado da igreja matriz. Quase dois anos ap\u00f3s o in\u00edcio da obra, a edifica\u00e7\u00e3o est\u00e1 praticamente pronta, restando a conclus\u00e3o de cal\u00e7ada\/passeio p\u00fablico e o ajardinamento. Ser\u00e1 feito uma passagem unificando o acesso da casa a igreja.<\/p>\n\n\n\n<p>A integrante da comiss\u00e3o de constru\u00e7\u00e3o, Neli Eich, destaca que o p\u00e1roco da par\u00f3quia Nossa Senhora das Merc\u00eas, padre Ilton Goettems, est\u00e1 residindo na casa, no piso superior, desde o m\u00eas de novembro de 2025. No primeiro piso, est\u00e1 sendo finalizada a instala\u00e7\u00e3o de uma empresa. Como estava previsto no planejamento, Neli ressalta que praticamente todo o material da obra foi adquirido do com\u00e9rcio local.<\/p>\n\n\n\n<p>Em rela\u00e7\u00e3o aos recursos, a integrante da comiss\u00e3o cita que a obra est\u00e1 dentro do or\u00e7amento previsto, com valores arrecadados para a constru\u00e7\u00e3o e doa\u00e7\u00f5es da comunidade. O prazo de execu\u00e7\u00e3o teve um pequeno atraso em fun\u00e7\u00e3o do clima e de quest\u00f5es de m\u00e3o de obra.<\/p>\n\n\n\n<p>A inaugura\u00e7\u00e3o e ben\u00e7\u00e3o da Casa Paroquial pelo bispo Dom Odelir foi marcada para o dia 12 de junho, com programa\u00e7\u00e3o ainda a ser divulgada.<\/p>\n\n\n\n<p><\/p>\n","protected":false},"excerpt":{"rendered":"<p>Ipor\u00e3 do Oeste \u2013 Em abril de 2024 iniciou a constru\u00e7\u00e3o da nova Casa Paroquial, localizada ao lado da igreja matriz. Quase dois anos ap\u00f3s o in\u00edcio da obra, a edifica\u00e7\u00e3o est\u00e1 praticamente pronta, restando a conclus\u00e3o de cal\u00e7ada\/passeio p\u00fablico e o ajardinamento. Ser\u00e1 feito uma passagem unificando o acesso da casa a igreja. A<\/p>\n","protected":false},"author":1,"featured_media":8658,"comment_status":"open","ping_status":"open","sticky":false,"template":"","format":"standard","meta":{"footnotes":""},"categories":[41],"tags":[],"class_list":{"0":"post-8657","1":"post","2":"type-post","3":"status-publish","4":"format-standard","5":"has-post-thumbnail","7":"category-noticias"},"_links":{"self":[{"href":"https:\/\/noticiarioregional.com.br\/index.php?rest_route=\/wp\/v2\/posts\/8657","targetHints":{"allow":["GET"]}}],"collection":[{"href":"https:\/\/noticiarioregional.com.br\/index.php?rest_route=\/wp\/v2\/posts"}],"about":[{"href":"https:\/\/noticiarioregional.com.br\/index.php?rest_route=\/wp\/v2\/types\/post"}],"author":[{"embeddable":true,"href":"https:\/\/noticiarioregional.com.br\/index.php?rest_route=\/wp\/v2\/users\/1"}],"replies":[{"embeddable":true,"href":"https:\/\/noticiarioregional.com.br\/index.php?rest_route=%2Fwp%2Fv2%2Fcomments&post=8657"}],"version-history":[{"count":1,"href":"https:\/\/noticiarioregional.com.br\/index.php?rest_route=\/wp\/v2\/posts\/8657\/revisions"}],"predecessor-version":[{"id":8659,"href":"https:\/\/noticiarioregional.com.br\/index.php?rest_route=\/wp\/v2\/posts\/8657\/revisions\/8659"}],"wp:featuredmedia":[{"embeddable":true,"href":"https:\/\/noticiarioregional.com.br\/index.php?rest_route=\/wp\/v2\/media\/8658"}],"wp:attachment":[{"href":"https:\/\/noticiarioregional.com.br\/index.php?rest_route=%2Fwp%2Fv2%2Fmedia&parent=8657"}],"wp:term":[{"taxonomy":"category","embeddable":true,"href":"https:\/\/noticiarioregional.com.br\/index.php?rest_route=%2Fwp%2Fv2%2Fcategories&post=8657"},{"taxonomy":"post_tag","embeddable":true,"href":"https:\/\/noticiarioregional.com.br\/index.php?rest_route=%2Fwp%2Fv2%2Ftags&post=8657"}],"curies":[{"name":"wp","href":"https:\/\/api.w.org\/{rel}","templated":true}]}}