{"id":8660,"date":"2026-02-19T10:48:21","date_gmt":"2026-02-19T13:48:21","guid":{"rendered":"https:\/\/noticiarioregional.com.br\/?p=8660"},"modified":"2026-02-19T10:48:23","modified_gmt":"2026-02-19T13:48:23","slug":"ano-letivo-comeca-na-apae-caibi-riqueza-com-expectativa-planejamento-e-investimentos","status":"publish","type":"post","link":"https:\/\/noticiarioregional.com.br\/?p=8660","title":{"rendered":"Ano letivo come\u00e7a na APAE Caibi\u2013Riqueza com expectativa, planejamento e investimentos"},"content":{"rendered":"\n<p>O Centro de Atendimento Educacional Especializado (CAESP), mantido pela APAE de Caibi e que atende educandos dos munic\u00edpios de Caibi e Riqueza, retomou suas atividades na quarta-feira, dia 11 de fevereiro, marcando o in\u00edcio de mais um ano letivo repleto de expectativas, planejamento e novas a\u00e7\u00f5es voltadas ao desenvolvimento integral dos alunos.<\/p>\n\n\n\n<p>De acordo com o diretor do educand\u00e1rio, Sandro Spielmann, a institui\u00e7\u00e3o atende atualmente mais de 100 alunos, sendo estes dos dois munic\u00edpios. A frequ\u00eancia di\u00e1ria \u00e9 vari\u00e1vel, j\u00e1 que cada educando recebe atendimento conforme suas necessidades espec\u00edficas. O CAESP oferece tanto atendimentos individualizados quanto atividades em grupo, valorizando n\u00e3o apenas o desenvolvimento pessoal, mas tamb\u00e9m a conviv\u00eancia, a socializa\u00e7\u00e3o e o fortalecimento do senso coletivo.<\/p>\n\n\n\n<p>O diretor destaca ainda que, a cada ano, alguns alunos recebem alta e novos ingressam na institui\u00e7\u00e3o. Em muitos casos, educandos que conclu\u00edram seu per\u00edodo de atendimento conseguiram ingressar no mercado de trabalho, o que demonstra os resultados positivos do trabalho realizado pela equipe multidisciplinar. Outro importante servi\u00e7o oferecido pela CAESP \u00e9 a estimula\u00e7\u00e3o precoce, fundamental para o desenvolvimento das crian\u00e7as nos primeiros anos de vida.<\/p>\n\n\n\n<p>As atividades com as turmas de jovens e adultos tiveram in\u00edcio nesta quarta-feira, com uma programa\u00e7\u00e3o diversificada preparada por toda a equipe. J\u00e1 as atividades com os alunos da Estimula\u00e7\u00e3o Infantil devem iniciar logo ap\u00f3s o per\u00edodo de Carnaval.<\/p>\n\n\n\n<p>Segundo Sandro Spilmann, o ano letivo come\u00e7a acompanhado de um amplo planejamento educacional e administrativo, com foco no desenvolvimento integral dos alunos, buscando melhorar a qualidade de vida, a autonomia e a independ\u00eancia de cada um. Ele ressalta que toda a infraestrutura interna da institui\u00e7\u00e3o j\u00e1 est\u00e1 conclu\u00edda, incluindo o jardim sensorial, espa\u00e7o importante para atividades pedag\u00f3gicas e terap\u00eauticas, que faz cada aluno explorar seus sentidos, de percep\u00e7\u00e3o, vis\u00e3o, audi\u00e7\u00e3o, cheiro e tato.<\/p>\n\n\n\n<p>O diretor explica tamb\u00e9m que nos pr\u00f3ximos dias, devem iniciar as obras na parte externa do educand\u00e1rio, que t\u00eam como objetivo proporcionar melhores condi\u00e7\u00f5es de acesso, ampliar a seguran\u00e7a e contribuir para o embelezamento do espa\u00e7o.<\/p>\n\n\n\n<p>Sandro informa ainda que a entidade ser\u00e1 contemplada com recursos provenientes de emendas impositivas de deputados, na modalidade de conv\u00eanio. Ser\u00e3o destinados R$ 100 mil para a aquisi\u00e7\u00e3o de uniformes e outros R$ 100 mil para investimentos em informatiza\u00e7\u00e3o. Al\u00e9m disso, a institui\u00e7\u00e3o conta com aux\u00edlio financeiro dos munic\u00edpios de abrang\u00eancia, Caibi e Riqueza, e do Governo do Estado, valores considerados essenciais para o custeio de despesas como pagamento de funcion\u00e1rios, transporte, alimenta\u00e7\u00e3o e materiais pedag\u00f3gicos.<\/p>\n\n\n\n<p>Sandro Spielmann ressalta que diversas a\u00e7\u00f5es est\u00e3o sendo desenvolvidas simultaneamente, destacando o compromisso da equipe com a promo\u00e7\u00e3o da igualdade, da dignidade, da autonomia e da inclus\u00e3o. \u201c<em>Nosso trabalho busca combater o capacitismo e as barreiras sociais, garantindo que cada educando tenha oportunidades reais de desenvolvimento e participa\u00e7\u00e3o na sociedade<\/em>\u201d, enfatiza.<\/p>\n","protected":false},"excerpt":{"rendered":"<p>O Centro de Atendimento Educacional Especializado (CAESP), mantido pela APAE de Caibi e que atende educandos dos munic\u00edpios de Caibi e Riqueza, retomou suas atividades na quarta-feira, dia 11 de fevereiro, marcando o in\u00edcio de mais um ano letivo repleto de expectativas, planejamento e novas a\u00e7\u00f5es voltadas ao desenvolvimento integral dos alunos. De acordo com<\/p>\n","protected":false},"author":1,"featured_media":8661,"comment_status":"open","ping_status":"open","sticky":false,"template":"","format":"standard","meta":{"footnotes":""},"categories":[41],"tags":[],"class_list":{"0":"post-8660","1":"post","2":"type-post","3":"status-publish","4":"format-standard","5":"has-post-thumbnail","7":"category-noticias"},"_links":{"self":[{"href":"https:\/\/noticiarioregional.com.br\/index.php?rest_route=\/wp\/v2\/posts\/8660","targetHints":{"allow":["GET"]}}],"collection":[{"href":"https:\/\/noticiarioregional.com.br\/index.php?rest_route=\/wp\/v2\/posts"}],"about":[{"href":"https:\/\/noticiarioregional.com.br\/index.php?rest_route=\/wp\/v2\/types\/post"}],"author":[{"embeddable":true,"href":"https:\/\/noticiarioregional.com.br\/index.php?rest_route=\/wp\/v2\/users\/1"}],"replies":[{"embeddable":true,"href":"https:\/\/noticiarioregional.com.br\/index.php?rest_route=%2Fwp%2Fv2%2Fcomments&post=8660"}],"version-history":[{"count":1,"href":"https:\/\/noticiarioregional.com.br\/index.php?rest_route=\/wp\/v2\/posts\/8660\/revisions"}],"predecessor-version":[{"id":8662,"href":"https:\/\/noticiarioregional.com.br\/index.php?rest_route=\/wp\/v2\/posts\/8660\/revisions\/8662"}],"wp:featuredmedia":[{"embeddable":true,"href":"https:\/\/noticiarioregional.com.br\/index.php?rest_route=\/wp\/v2\/media\/8661"}],"wp:attachment":[{"href":"https:\/\/noticiarioregional.com.br\/index.php?rest_route=%2Fwp%2Fv2%2Fmedia&parent=8660"}],"wp:term":[{"taxonomy":"category","embeddable":true,"href":"https:\/\/noticiarioregional.com.br\/index.php?rest_route=%2Fwp%2Fv2%2Fcategories&post=8660"},{"taxonomy":"post_tag","embeddable":true,"href":"https:\/\/noticiarioregional.com.br\/index.php?rest_route=%2Fwp%2Fv2%2Ftags&post=8660"}],"curies":[{"name":"wp","href":"https:\/\/api.w.org\/{rel}","templated":true}]}}