{"id":8663,"date":"2026-02-19T10:50:20","date_gmt":"2026-02-19T13:50:20","guid":{"rendered":"https:\/\/noticiarioregional.com.br\/?p=8663"},"modified":"2026-02-19T10:50:23","modified_gmt":"2026-02-19T13:50:23","slug":"epagri-alerta-para-alta-infestacao-da-cigarrinha-do-milho","status":"publish","type":"post","link":"https:\/\/noticiarioregional.com.br\/?p=8663","title":{"rendered":"Epagri alerta para alta infesta\u00e7\u00e3o da cigarrinha do milho"},"content":{"rendered":"\n<p class=\"has-text-align-center has-larger-font-size\"><em>Clima quente \u00e9 o ambiente prop\u00edcio para prolifera\u00e7\u00e3o do inseto<\/em><\/p>\n\n\n\n<p><strong>Descanso \u2013<\/strong> Apesar do levantamento do Programa Monitora Milho SC apontar que a m\u00e9dia estadual de cigarrinha do milho baixou para 55 insetos por armadilha, a Epagri alerta os produtores para uma alta incid\u00eancia do inseto identificada em lavouras do munic\u00edpio. Essa queda foi identificada entre os dias 19 e 26 de janeiro, refletindo de forma geral o manejo inicial feito nas novas lavouras.<\/p>\n\n\n\n<p>Conforme o extensionista rural, Ricardo Dalla Possa, nesse per\u00edodo est\u00e1 finalizando o ciclo de 30 dias desde o plantio do milho safrinha, e \u00e9 importante a aten\u00e7\u00e3o dos produtores pois \u00e9 nessa fase que ocorre o maior ataque da cigarrinha. Comenta que foram identificadas lavouras, em que o milho estava na fase palito, com cerca de dez insetos por planta, o que representa uma alta infesta\u00e7\u00e3o. <em>\u201c\u00c9 um alimento fresco para a cigarrinha, e a fase em que o inseto mais gosta do milho, porque est\u00e1 mais macio e melhor para sugar a seiva da planta\u201d,<\/em> comenta.<\/p>\n\n\n\n<p>Entre os fatores que favorecem a cigarrinha, Ricardo cita o plantio do milho safrinha ao lado de \u00e1reas onde ainda est\u00e1 cultivado o milho na fase final, cultura que abriga o inseto facilmente sendo proliferado para a lavoura pr\u00f3xima. Lembra que o milho plantado no per\u00edodo de inverno sofreu menos com os ataques, por conta das temperaturas mais baixas que afastam os insetos. Mas agora, com o clima bem mais quente, \u00e9 o ambiente ideal para o desenvolvimento da praga. Al\u00e9m de danificar a planta e prejudicar seu crescimento, Ricardo refor\u00e7a que a cigarrinha tamb\u00e9m pode transmitir as doen\u00e7as do complexo do enfezamento, que deixam as plantas enfraquecidas favorecendo a sua queda com o vento, quando estiver na fase final do ciclo, entre maio e junho.<\/p>\n\n\n\n<figure class=\"wp-block-image size-large is-style-rounded\"><img fetchpriority=\"high\" decoding=\"async\" width=\"1024\" height=\"683\" src=\"http:\/\/noticiarioregional.com.br\/wp-content\/uploads\/2026\/02\/Extensionista-rural-Ricardo-Dalla-Possa-1024x683.jpg\" alt=\"\" class=\"wp-image-8665\" srcset=\"https:\/\/noticiarioregional.com.br\/wp-content\/uploads\/2026\/02\/Extensionista-rural-Ricardo-Dalla-Possa-1024x683.jpg 1024w, https:\/\/noticiarioregional.com.br\/wp-content\/uploads\/2026\/02\/Extensionista-rural-Ricardo-Dalla-Possa-300x200.jpg 300w, https:\/\/noticiarioregional.com.br\/wp-content\/uploads\/2026\/02\/Extensionista-rural-Ricardo-Dalla-Possa-768x512.jpg 768w, https:\/\/noticiarioregional.com.br\/wp-content\/uploads\/2026\/02\/Extensionista-rural-Ricardo-Dalla-Possa-1536x1024.jpg 1536w, https:\/\/noticiarioregional.com.br\/wp-content\/uploads\/2026\/02\/Extensionista-rural-Ricardo-Dalla-Possa-2048x1365.jpg 2048w, https:\/\/noticiarioregional.com.br\/wp-content\/uploads\/2026\/02\/Extensionista-rural-Ricardo-Dalla-Possa-150x100.jpg 150w, https:\/\/noticiarioregional.com.br\/wp-content\/uploads\/2026\/02\/Extensionista-rural-Ricardo-Dalla-Possa-450x300.jpg 450w, https:\/\/noticiarioregional.com.br\/wp-content\/uploads\/2026\/02\/Extensionista-rural-Ricardo-Dalla-Possa-1200x800.jpg 1200w\" sizes=\"(max-width: 1024px) 100vw, 1024px\" \/><figcaption class=\"wp-element-caption\">Extensionista rural, Ricardo Dalla Possa<\/figcaption><\/figure>\n\n\n\n<p>O extensionista afirma que o produtor deve fazer o acompanhamento da \u00e1rea no m\u00e1ximo a cada tr\u00eas dias, verificando a quantidade de insetos por planta. Com orienta\u00e7\u00e3o t\u00e9cnica de profissionais capacitados e seguindo o receitu\u00e1rio agron\u00f4mico, Ricardo ressalta que o controle do inseto \u00e9 feito com inseticidas de contato e sist\u00eamico. Em dias \u00famidos que favore\u00e7am a aplica\u00e7\u00e3o, orienta para o uso de produtos de controle biol\u00f3gico. O produtor tamb\u00e9m pode implantar armadilhas nas lavouras que facilitam a identifica\u00e7\u00e3o da popula\u00e7\u00e3o de cigarrinhas.<\/p>\n\n\n\n<p><strong>Cultivo da soja<\/strong><\/p>\n\n\n\n<p>O extensionista rural aproveita para orientar os produtores referente ao plantio da soja. A portaria emitida pela Cidasc em maio de 2025 define que o cultivo de soja na regi\u00e3o era permitido at\u00e9 22 de janeiro de 2026. A partir dessa data, at\u00e9 dia 10 de fevereiro, Ricardo explica que foi aberto o per\u00edodo excepcional do cultivo de soja, atrav\u00e9s de solicita\u00e7\u00e3o feita previamente pelo produtor no portal da Cidasc. Assim que encerrado o plantio, dez dias depois deve ser feito o registro no site da Cidasc. O extensionista enfatiza que esse processo \u00e9 importante para proteger o produtor, no caso de fiscaliza\u00e7\u00f5es pelos \u00f3rg\u00e3os respons\u00e1veis. O objetivo \u00e9 o controle da ferrugem asi\u00e1tica, principal doen\u00e7a da soja.<\/p>\n","protected":false},"excerpt":{"rendered":"<p>Clima quente \u00e9 o ambiente prop\u00edcio para prolifera\u00e7\u00e3o do inseto Descanso \u2013 Apesar do levantamento do Programa Monitora Milho SC apontar que a m\u00e9dia estadual de cigarrinha do milho baixou para 55 insetos por armadilha, a Epagri alerta os produtores para uma alta incid\u00eancia do inseto identificada em lavouras do munic\u00edpio. Essa queda foi identificada<\/p>\n","protected":false},"author":1,"featured_media":8664,"comment_status":"open","ping_status":"open","sticky":false,"template":"","format":"standard","meta":{"footnotes":""},"categories":[41],"tags":[],"class_list":{"0":"post-8663","1":"post","2":"type-post","3":"status-publish","4":"format-standard","5":"has-post-thumbnail","7":"category-noticias"},"_links":{"self":[{"href":"https:\/\/noticiarioregional.com.br\/index.php?rest_route=\/wp\/v2\/posts\/8663","targetHints":{"allow":["GET"]}}],"collection":[{"href":"https:\/\/noticiarioregional.com.br\/index.php?rest_route=\/wp\/v2\/posts"}],"about":[{"href":"https:\/\/noticiarioregional.com.br\/index.php?rest_route=\/wp\/v2\/types\/post"}],"author":[{"embeddable":true,"href":"https:\/\/noticiarioregional.com.br\/index.php?rest_route=\/wp\/v2\/users\/1"}],"replies":[{"embeddable":true,"href":"https:\/\/noticiarioregional.com.br\/index.php?rest_route=%2Fwp%2Fv2%2Fcomments&post=8663"}],"version-history":[{"count":1,"href":"https:\/\/noticiarioregional.com.br\/index.php?rest_route=\/wp\/v2\/posts\/8663\/revisions"}],"predecessor-version":[{"id":8666,"href":"https:\/\/noticiarioregional.com.br\/index.php?rest_route=\/wp\/v2\/posts\/8663\/revisions\/8666"}],"wp:featuredmedia":[{"embeddable":true,"href":"https:\/\/noticiarioregional.com.br\/index.php?rest_route=\/wp\/v2\/media\/8664"}],"wp:attachment":[{"href":"https:\/\/noticiarioregional.com.br\/index.php?rest_route=%2Fwp%2Fv2%2Fmedia&parent=8663"}],"wp:term":[{"taxonomy":"category","embeddable":true,"href":"https:\/\/noticiarioregional.com.br\/index.php?rest_route=%2Fwp%2Fv2%2Fcategories&post=8663"},{"taxonomy":"post_tag","embeddable":true,"href":"https:\/\/noticiarioregional.com.br\/index.php?rest_route=%2Fwp%2Fv2%2Ftags&post=8663"}],"curies":[{"name":"wp","href":"https:\/\/api.w.org\/{rel}","templated":true}]}}