{"id":8674,"date":"2026-02-19T10:57:54","date_gmt":"2026-02-19T13:57:54","guid":{"rendered":"https:\/\/noticiarioregional.com.br\/?p=8674"},"modified":"2026-02-19T10:57:57","modified_gmt":"2026-02-19T13:57:57","slug":"apae-caminho-de-luz-inicia-atividades-letivas-com-os-alunos","status":"publish","type":"post","link":"https:\/\/noticiarioregional.com.br\/?p=8674","title":{"rendered":"APAE Caminho de Luz inicia atividades letivas com os alunos"},"content":{"rendered":"\n<p><strong>APAE Caminho de Luz inicia atividades letivas com os alunos<\/strong><\/p>\n\n\n\n<p><strong>Ipor\u00e3 do Oeste \u2013 <\/strong>As atividades e os atendimentos na APAE Caminho de Luz foram retomados na quarta-feira, dia 11. A diretora, Cristiana Schroder, ressalta que voltaram para a escola inicialmente os educandos adultos, cada um no seu turno, sendo que as crian\u00e7as do programa de estimula\u00e7\u00e3o precoce retornam no dia 18 de fevereiro. Na ter\u00e7a-feira, 10, foi realizada reuni\u00e3o com os pais destas crian\u00e7as, para tratar sobre o funcionamento do programa e tamb\u00e9m sobre um projeto novo que ser\u00e1 executado este ano, da equoterapia.<\/p>\n\n\n\n<p>A APAE ir\u00e1 atender este ano 89 alunos. A diretora cita que s\u00e3o cinco turmas de crian\u00e7as e adolescentes, e seis turmas de educandos adultos. Sobre o projeto de equoterapia, Cristiana explica que a partir de avalia\u00e7\u00e3o feita pelos profissionais, foram selecionadas 25 crian\u00e7as, j\u00e1 atendidas na APAE ou que se enquadram na faixa et\u00e1ria do Fundo de Inf\u00e2ncia e Adolesc\u00eancia, FIA, de onde ser\u00e3o provenientes os recursos para a manuten\u00e7\u00e3o do projeto que ter\u00e1 dura\u00e7\u00e3o de dois anos.<\/p>\n\n\n\n<p>A equoterapia, realizada com o aux\u00edlio de cavalos, \u00e9 um atendimento que vai contribuir no desenvolvimento das crian\u00e7as. A diretora lembra que a fam\u00edlia poder\u00e1 optar pela ades\u00e3o ao projeto, sendo que o transporte da crian\u00e7a at\u00e9 o local da equoterapia, em propriedade particular na Linha Letras, ser\u00e1 de responsabilidade dos pais. O atendimento em si n\u00e3o ter\u00e1 custo as fam\u00edlias.<\/p>\n\n\n\n<p>Cristiana comenta que a escola tem grande expectativa quanto a libera\u00e7\u00e3o de recursos em 2026, de projetos j\u00e1 encaminhados no ano passado, a exemplo da quadra coberta que deve ter o projeto assinado em breve, recursos para instala\u00e7\u00e3o de m\u00f3veis adaptados nas salas, al\u00e9m de outros previstos.<\/p>\n","protected":false},"excerpt":{"rendered":"<p>APAE Caminho de Luz inicia atividades letivas com os alunos Ipor\u00e3 do Oeste \u2013 As atividades e os atendimentos na APAE Caminho de Luz foram retomados na quarta-feira, dia 11. A diretora, Cristiana Schroder, ressalta que voltaram para a escola inicialmente os educandos adultos, cada um no seu turno, sendo que as crian\u00e7as do programa<\/p>\n","protected":false},"author":1,"featured_media":8675,"comment_status":"open","ping_status":"open","sticky":false,"template":"","format":"standard","meta":{"footnotes":""},"categories":[41],"tags":[],"class_list":{"0":"post-8674","1":"post","2":"type-post","3":"status-publish","4":"format-standard","5":"has-post-thumbnail","7":"category-noticias"},"_links":{"self":[{"href":"https:\/\/noticiarioregional.com.br\/index.php?rest_route=\/wp\/v2\/posts\/8674","targetHints":{"allow":["GET"]}}],"collection":[{"href":"https:\/\/noticiarioregional.com.br\/index.php?rest_route=\/wp\/v2\/posts"}],"about":[{"href":"https:\/\/noticiarioregional.com.br\/index.php?rest_route=\/wp\/v2\/types\/post"}],"author":[{"embeddable":true,"href":"https:\/\/noticiarioregional.com.br\/index.php?rest_route=\/wp\/v2\/users\/1"}],"replies":[{"embeddable":true,"href":"https:\/\/noticiarioregional.com.br\/index.php?rest_route=%2Fwp%2Fv2%2Fcomments&post=8674"}],"version-history":[{"count":1,"href":"https:\/\/noticiarioregional.com.br\/index.php?rest_route=\/wp\/v2\/posts\/8674\/revisions"}],"predecessor-version":[{"id":8676,"href":"https:\/\/noticiarioregional.com.br\/index.php?rest_route=\/wp\/v2\/posts\/8674\/revisions\/8676"}],"wp:featuredmedia":[{"embeddable":true,"href":"https:\/\/noticiarioregional.com.br\/index.php?rest_route=\/wp\/v2\/media\/8675"}],"wp:attachment":[{"href":"https:\/\/noticiarioregional.com.br\/index.php?rest_route=%2Fwp%2Fv2%2Fmedia&parent=8674"}],"wp:term":[{"taxonomy":"category","embeddable":true,"href":"https:\/\/noticiarioregional.com.br\/index.php?rest_route=%2Fwp%2Fv2%2Fcategories&post=8674"},{"taxonomy":"post_tag","embeddable":true,"href":"https:\/\/noticiarioregional.com.br\/index.php?rest_route=%2Fwp%2Fv2%2Ftags&post=8674"}],"curies":[{"name":"wp","href":"https:\/\/api.w.org\/{rel}","templated":true}]}}