{"id":8677,"date":"2026-02-19T10:59:24","date_gmt":"2026-02-19T13:59:24","guid":{"rendered":"https:\/\/noticiarioregional.com.br\/?p=8677"},"modified":"2026-02-19T10:59:25","modified_gmt":"2026-02-19T13:59:25","slug":"associacao-dos-gremistas-de-mondai-realiza-assembleia-e-elege-nova-diretoria-para-2026-2027","status":"publish","type":"post","link":"https:\/\/noticiarioregional.com.br\/?p=8677","title":{"rendered":"Associa\u00e7\u00e3o dos Gremistas de Monda\u00ed realiza assembleia e elege nova diretoria para 2026\/2027"},"content":{"rendered":"\n<p>A Associa\u00e7\u00e3o dos Gremistas de Monda\u00ed realizou, no dia 4 de fevereiro, uma assembleia geral nas depend\u00eancias da AABB, reunindo associados para tratar de assuntos administrativos e definir a nova diretoria que estar\u00e1 \u00e0 frente da entidade no per\u00edodo de 2026\/2027.<\/p>\n\n\n\n<p>O encontro contou com a participa\u00e7\u00e3o dos membros da associa\u00e7\u00e3o, que atualmente soma 62 s\u00f3cios, e teve como principal pauta a elei\u00e7\u00e3o da nova diretoria e do conselho fiscal. O momento foi marcado pelo esp\u00edrito de uni\u00e3o entre os gremistas e pelo compromisso de dar continuidade \u00e0s atividades sociais e esportivas promovidas pela entidade.<\/p>\n\n\n\n<p>Para o novo mandato, foi eleito como presidente Rovany Sievers, tendo como vice-presidente Jonathan Dalpiaz. A fun\u00e7\u00e3o de secret\u00e1ria ser\u00e1 exercida por Neide Stecker, com Guilherme Sterz como vice-secret\u00e1rio. Na tesouraria, Ingo Lorenzen assume como tesoureiro, com Alice Zimmermann como vice-tesoureira.<\/p>\n\n\n\n<p>A diretoria tamb\u00e9m conta com Maxsuel Port como diretor administrativo, Evalmir Klauck na fun\u00e7\u00e3o de diretor de compras e bens, Rubim Rubert como diretor de marketing e Paulo Muller como diretor social e de esportes.<\/p>\n\n\n\n<p>O conselho fiscal ficou composto por Eduardo Ruschel, Liwinston Dettenborn, Afonso Henkel e Gustavo Barth, que ter\u00e3o a responsabilidade de acompanhar e fiscalizar as atividades financeiras e administrativas da associa\u00e7\u00e3o.<\/p>\n\n\n\n<p>Durante a assembleia, foi destacada a import\u00e2ncia da participa\u00e7\u00e3o dos associados para o fortalecimento da entidade, que tem como objetivo promover a integra\u00e7\u00e3o entre os gremistas, incentivar atividades esportivas e proporcionar momentos de conviv\u00eancia entre os membros e suas fam\u00edlias.<\/p>\n\n\n\n<p>A nova diretoria assume com a proposta de dar continuidade ao trabalho j\u00e1 desenvolvido, buscando ampliar as atividades e manter a associa\u00e7\u00e3o ativa e organizada, valorizando a tradi\u00e7\u00e3o e o esp\u00edrito de companheirismo que marcam a Associa\u00e7\u00e3o dos Gremistas de Monda\u00ed.<\/p>\n","protected":false},"excerpt":{"rendered":"<p>A Associa\u00e7\u00e3o dos Gremistas de Monda\u00ed realizou, no dia 4 de fevereiro, uma assembleia geral nas depend\u00eancias da AABB, reunindo associados para tratar de assuntos administrativos e definir a nova diretoria que estar\u00e1 \u00e0 frente da entidade no per\u00edodo de 2026\/2027. O encontro contou com a participa\u00e7\u00e3o dos membros da associa\u00e7\u00e3o, que atualmente soma 62<\/p>\n","protected":false},"author":1,"featured_media":8678,"comment_status":"open","ping_status":"open","sticky":false,"template":"","format":"standard","meta":{"footnotes":""},"categories":[41],"tags":[],"class_list":{"0":"post-8677","1":"post","2":"type-post","3":"status-publish","4":"format-standard","5":"has-post-thumbnail","7":"category-noticias"},"_links":{"self":[{"href":"https:\/\/noticiarioregional.com.br\/index.php?rest_route=\/wp\/v2\/posts\/8677","targetHints":{"allow":["GET"]}}],"collection":[{"href":"https:\/\/noticiarioregional.com.br\/index.php?rest_route=\/wp\/v2\/posts"}],"about":[{"href":"https:\/\/noticiarioregional.com.br\/index.php?rest_route=\/wp\/v2\/types\/post"}],"author":[{"embeddable":true,"href":"https:\/\/noticiarioregional.com.br\/index.php?rest_route=\/wp\/v2\/users\/1"}],"replies":[{"embeddable":true,"href":"https:\/\/noticiarioregional.com.br\/index.php?rest_route=%2Fwp%2Fv2%2Fcomments&post=8677"}],"version-history":[{"count":1,"href":"https:\/\/noticiarioregional.com.br\/index.php?rest_route=\/wp\/v2\/posts\/8677\/revisions"}],"predecessor-version":[{"id":8679,"href":"https:\/\/noticiarioregional.com.br\/index.php?rest_route=\/wp\/v2\/posts\/8677\/revisions\/8679"}],"wp:featuredmedia":[{"embeddable":true,"href":"https:\/\/noticiarioregional.com.br\/index.php?rest_route=\/wp\/v2\/media\/8678"}],"wp:attachment":[{"href":"https:\/\/noticiarioregional.com.br\/index.php?rest_route=%2Fwp%2Fv2%2Fmedia&parent=8677"}],"wp:term":[{"taxonomy":"category","embeddable":true,"href":"https:\/\/noticiarioregional.com.br\/index.php?rest_route=%2Fwp%2Fv2%2Fcategories&post=8677"},{"taxonomy":"post_tag","embeddable":true,"href":"https:\/\/noticiarioregional.com.br\/index.php?rest_route=%2Fwp%2Fv2%2Ftags&post=8677"}],"curies":[{"name":"wp","href":"https:\/\/api.w.org\/{rel}","templated":true}]}}