{"id":8687,"date":"2026-02-26T08:50:23","date_gmt":"2026-02-26T11:50:23","guid":{"rendered":"https:\/\/noticiarioregional.com.br\/?p=8687"},"modified":"2026-02-26T08:50:24","modified_gmt":"2026-02-26T11:50:24","slug":"riqueza-vai-asfaltar-mais-de-12-000m%c2%b2-de-ruas-nos-perimetros-urbanos","status":"publish","type":"post","link":"https:\/\/noticiarioregional.com.br\/?p=8687","title":{"rendered":"Riqueza vai asfaltar mais de 12.000m\u00b2 de ruas nos per\u00edmetros urbanos"},"content":{"rendered":"\n<p>A Administra\u00e7\u00e3o Municipal de Riqueza segue investindo na melhoria da infraestrutura urbana e da mobilidade. De acordo com informa\u00e7\u00f5es do setor de licita\u00e7\u00f5es, est\u00e1 em andamento o processo para a contrata\u00e7\u00e3o de empresa especializada na execu\u00e7\u00e3o de obras de pavimenta\u00e7\u00e3o asf\u00e1ltica em diferentes pontos da cidade, al\u00e9m da implanta\u00e7\u00e3o de sinaliza\u00e7\u00e3o vi\u00e1ria.<\/p>\n\n\n\n<p>Conforme o edital publicado no dia 11 de fevereiro de 2026, o processo prev\u00ea a execu\u00e7\u00e3o de pavimenta\u00e7\u00e3o em concreto armado e sinaliza\u00e7\u00e3o vi\u00e1ria na Rua Sete de Setembro (Trecho I), no centro do munic\u00edpio. A \u00e1rea total de interven\u00e7\u00e3o prevista \u00e9 de 3.608,30 metros quadrados.<\/p>\n\n\n\n<p>O setor de licita\u00e7\u00f5es informa que o in\u00edcio do recebimento das propostas ocorreu em 12 de fevereiro, seguindo os tr\u00e2mites legais previstos para a contrata\u00e7\u00e3o da empresa respons\u00e1vel pela obra. Al\u00e9m desse processo j\u00e1 publicado, o munic\u00edpio prepara novas licita\u00e7\u00f5es que devem ser abertas em breve, contemplando outras ruas em diferentes localidades.<\/p>\n\n\n\n<p>Entre as obras previstas est\u00e1 a pavimenta\u00e7\u00e3o em concreto refor\u00e7ado com gibra (CRF) em trechos importantes, conforme definido nos projetos executivos, memoriais descritivos e demais pe\u00e7as t\u00e9cnicas que integram o processo.<\/p>\n\n\n\n<p>Os servi\u00e7os dever\u00e3o abranger:<\/p>\n\n\n\n<ul class=\"wp-block-list\">\n<li>Rua Lindor Jos\u00e9 Pohlmann, no Bairro Industrial, com extens\u00e3o aproximada de 576,73 metros, largura de 10 metros e \u00e1rea total de 5.791,89 m\u00b2 de pavimenta\u00e7\u00e3o;<\/li>\n\n\n\n<li>Rua Jorge Lacerda, com extens\u00e3o aproximada de 69,12 metros, largura de 8 metros e \u00e1rea total de 556,02 m\u00b2;<\/li>\n\n\n\n<li>Rua Sete de Setembro, em trecho com extens\u00e3o aproximada de 253,17 metros, largura de 8 metros e \u00e1rea total de 2.091,08 m\u00b2, contemplando \u00e1rea localizada no Distrito de Cambucica.<\/li>\n<\/ul>\n\n\n\n<p>Segundo o setor de licita\u00e7\u00f5es, as obras fazem parte do planejamento municipal voltado \u00e0 melhoria das condi\u00e7\u00f5es de trafegabilidade, valoriza\u00e7\u00e3o das \u00e1reas urbanas e fortalecimento da infraestrutura, acompanhando o crescimento do munic\u00edpio.<\/p>\n\n\n\n<p>A expectativa \u00e9 de que, ap\u00f3s a conclus\u00e3o dos tr\u00e2mites licitat\u00f3rios e a defini\u00e7\u00e3o das empresas vencedoras, as obras possam ser iniciadas, conforme os cronogramas estabelecidos em contrato.<\/p>\n","protected":false},"excerpt":{"rendered":"<p>A Administra\u00e7\u00e3o Municipal de Riqueza segue investindo na melhoria da infraestrutura urbana e da mobilidade. De acordo com informa\u00e7\u00f5es do setor de licita\u00e7\u00f5es, est\u00e1 em andamento o processo para a contrata\u00e7\u00e3o de empresa especializada na execu\u00e7\u00e3o de obras de pavimenta\u00e7\u00e3o asf\u00e1ltica em diferentes pontos da cidade, al\u00e9m da implanta\u00e7\u00e3o de sinaliza\u00e7\u00e3o vi\u00e1ria. Conforme o edital<\/p>\n","protected":false},"author":1,"featured_media":8688,"comment_status":"open","ping_status":"open","sticky":false,"template":"","format":"standard","meta":{"footnotes":""},"categories":[41],"tags":[],"class_list":{"0":"post-8687","1":"post","2":"type-post","3":"status-publish","4":"format-standard","5":"has-post-thumbnail","7":"category-noticias"},"_links":{"self":[{"href":"https:\/\/noticiarioregional.com.br\/index.php?rest_route=\/wp\/v2\/posts\/8687","targetHints":{"allow":["GET"]}}],"collection":[{"href":"https:\/\/noticiarioregional.com.br\/index.php?rest_route=\/wp\/v2\/posts"}],"about":[{"href":"https:\/\/noticiarioregional.com.br\/index.php?rest_route=\/wp\/v2\/types\/post"}],"author":[{"embeddable":true,"href":"https:\/\/noticiarioregional.com.br\/index.php?rest_route=\/wp\/v2\/users\/1"}],"replies":[{"embeddable":true,"href":"https:\/\/noticiarioregional.com.br\/index.php?rest_route=%2Fwp%2Fv2%2Fcomments&post=8687"}],"version-history":[{"count":1,"href":"https:\/\/noticiarioregional.com.br\/index.php?rest_route=\/wp\/v2\/posts\/8687\/revisions"}],"predecessor-version":[{"id":8689,"href":"https:\/\/noticiarioregional.com.br\/index.php?rest_route=\/wp\/v2\/posts\/8687\/revisions\/8689"}],"wp:featuredmedia":[{"embeddable":true,"href":"https:\/\/noticiarioregional.com.br\/index.php?rest_route=\/wp\/v2\/media\/8688"}],"wp:attachment":[{"href":"https:\/\/noticiarioregional.com.br\/index.php?rest_route=%2Fwp%2Fv2%2Fmedia&parent=8687"}],"wp:term":[{"taxonomy":"category","embeddable":true,"href":"https:\/\/noticiarioregional.com.br\/index.php?rest_route=%2Fwp%2Fv2%2Fcategories&post=8687"},{"taxonomy":"post_tag","embeddable":true,"href":"https:\/\/noticiarioregional.com.br\/index.php?rest_route=%2Fwp%2Fv2%2Ftags&post=8687"}],"curies":[{"name":"wp","href":"https:\/\/api.w.org\/{rel}","templated":true}]}}