{"id":8690,"date":"2026-02-26T08:51:59","date_gmt":"2026-02-26T11:51:59","guid":{"rendered":"https:\/\/noticiarioregional.com.br\/?p=8690"},"modified":"2026-02-26T08:52:00","modified_gmt":"2026-02-26T11:52:00","slug":"administracao-de-mondai-realiza-novos-investimentos-para-a-saude-e-infraestrutura","status":"publish","type":"post","link":"https:\/\/noticiarioregional.com.br\/?p=8690","title":{"rendered":"Administra\u00e7\u00e3o de Monda\u00ed realiza novos investimentos para a Sa\u00fade e Infraestrutura"},"content":{"rendered":"\n<p>A Administra\u00e7\u00e3o Municipal de Monda\u00ed anunciou a realiza\u00e7\u00e3o de duas importantes aquisi\u00e7\u00f5es que ir\u00e3o fortalecer os servi\u00e7os p\u00fablicos nas \u00e1reas da sa\u00fade e de obras. O prefeito Elizandro Mainardi, destacou os investimentos como parte do planejamento voltado \u00e0 melhoria da qualidade de vida da popula\u00e7\u00e3o e \u00e0 moderniza\u00e7\u00e3o da estrutura municipal.<\/p>\n\n\n\n<p>Uma das aquisi\u00e7\u00f5es \u00e9 uma van com 18 lugares e acessibilidade, destinada ao transporte de pacientes pela Secretaria Municipal de Sa\u00fade. O ve\u00edculo ser\u00e1 utilizado principalmente para deslocamentos a consultas, exames e tratamentos, proporcionando mais conforto, seguran\u00e7a e dignidade aos usu\u00e1rios do sistema p\u00fablico. O investimento total na aquisi\u00e7\u00e3o ultrapassa R$ 400 mil, sendo viabilizado por diferentes fontes de recursos: R$ 150 mil provenientes de emenda do deputado Altair Silva; R$ 150 mil por meio de emenda do deputado estadual Jair Miotto; mais de R$ 100 mil de contrapartida do pr\u00f3prio munic\u00edpio.<\/p>\n\n\n\n<figure class=\"wp-block-image size-large\"><img fetchpriority=\"high\" decoding=\"async\" width=\"1024\" height=\"768\" src=\"http:\/\/noticiarioregional.com.br\/wp-content\/uploads\/2026\/02\/Van-1024x768.jpeg\" alt=\"\" class=\"wp-image-8691\" srcset=\"https:\/\/noticiarioregional.com.br\/wp-content\/uploads\/2026\/02\/Van-1024x768.jpeg 1024w, https:\/\/noticiarioregional.com.br\/wp-content\/uploads\/2026\/02\/Van-300x225.jpeg 300w, https:\/\/noticiarioregional.com.br\/wp-content\/uploads\/2026\/02\/Van-768x576.jpeg 768w, https:\/\/noticiarioregional.com.br\/wp-content\/uploads\/2026\/02\/Van-1536x1152.jpeg 1536w, https:\/\/noticiarioregional.com.br\/wp-content\/uploads\/2026\/02\/Van-2048x1536.jpeg 2048w, https:\/\/noticiarioregional.com.br\/wp-content\/uploads\/2026\/02\/Van-150x113.jpeg 150w, https:\/\/noticiarioregional.com.br\/wp-content\/uploads\/2026\/02\/Van-450x338.jpeg 450w, https:\/\/noticiarioregional.com.br\/wp-content\/uploads\/2026\/02\/Van-1200x900.jpeg 1200w\" sizes=\"(max-width: 1024px) 100vw, 1024px\" \/><\/figure>\n\n\n\n<p>O prefeito ressalta que o munic\u00edpio mant\u00e9m um \u00edndice expressivo de investimento na \u00e1rea da sa\u00fade. &nbsp;Monda\u00ed aplica em m\u00e9dia 20% do or\u00e7amento mensal em sa\u00fade, percentual superior ao m\u00ednimo constitucional de 15%.<\/p>\n\n\n\n<p>Outra aquisi\u00e7\u00e3o anunciada pela Administra\u00e7\u00e3o Municipal \u00e9 um caminh\u00e3o prancha, que ser\u00e1 utilizado pela Secretaria de Obras para o transporte de m\u00e1quinas e equipamentos pesados.<\/p>\n\n\n\n<p>O investimento na compra do caminh\u00e3o foi de aproximadamente R$ 800 mil, viabilizado por meio de emendas parlamentares e recursos pr\u00f3prios do munic\u00edpio, tamb\u00e9m dentro das a\u00e7\u00f5es do programa municipal de desenvolvimento e inova\u00e7\u00e3o. Segundo o prefeito Elizandro Mainardi, as duas aquisi\u00e7\u00f5es refletem o compromisso da Administra\u00e7\u00e3o Municipal em investir de forma equilibrada em \u00e1reas essenciais, garantindo melhores condi\u00e7\u00f5es de atendimento \u00e0 popula\u00e7\u00e3o e mais efici\u00eancia nos servi\u00e7os p\u00fablicos.<\/p>\n","protected":false},"excerpt":{"rendered":"<p>A Administra\u00e7\u00e3o Municipal de Monda\u00ed anunciou a realiza\u00e7\u00e3o de duas importantes aquisi\u00e7\u00f5es que ir\u00e3o fortalecer os servi\u00e7os p\u00fablicos nas \u00e1reas da sa\u00fade e de obras. O prefeito Elizandro Mainardi, destacou os investimentos como parte do planejamento voltado \u00e0 melhoria da qualidade de vida da popula\u00e7\u00e3o e \u00e0 moderniza\u00e7\u00e3o da estrutura municipal. Uma das aquisi\u00e7\u00f5es \u00e9<\/p>\n","protected":false},"author":1,"featured_media":8692,"comment_status":"open","ping_status":"open","sticky":false,"template":"","format":"standard","meta":{"footnotes":""},"categories":[41],"tags":[],"class_list":{"0":"post-8690","1":"post","2":"type-post","3":"status-publish","4":"format-standard","5":"has-post-thumbnail","7":"category-noticias"},"_links":{"self":[{"href":"https:\/\/noticiarioregional.com.br\/index.php?rest_route=\/wp\/v2\/posts\/8690","targetHints":{"allow":["GET"]}}],"collection":[{"href":"https:\/\/noticiarioregional.com.br\/index.php?rest_route=\/wp\/v2\/posts"}],"about":[{"href":"https:\/\/noticiarioregional.com.br\/index.php?rest_route=\/wp\/v2\/types\/post"}],"author":[{"embeddable":true,"href":"https:\/\/noticiarioregional.com.br\/index.php?rest_route=\/wp\/v2\/users\/1"}],"replies":[{"embeddable":true,"href":"https:\/\/noticiarioregional.com.br\/index.php?rest_route=%2Fwp%2Fv2%2Fcomments&post=8690"}],"version-history":[{"count":1,"href":"https:\/\/noticiarioregional.com.br\/index.php?rest_route=\/wp\/v2\/posts\/8690\/revisions"}],"predecessor-version":[{"id":8693,"href":"https:\/\/noticiarioregional.com.br\/index.php?rest_route=\/wp\/v2\/posts\/8690\/revisions\/8693"}],"wp:featuredmedia":[{"embeddable":true,"href":"https:\/\/noticiarioregional.com.br\/index.php?rest_route=\/wp\/v2\/media\/8692"}],"wp:attachment":[{"href":"https:\/\/noticiarioregional.com.br\/index.php?rest_route=%2Fwp%2Fv2%2Fmedia&parent=8690"}],"wp:term":[{"taxonomy":"category","embeddable":true,"href":"https:\/\/noticiarioregional.com.br\/index.php?rest_route=%2Fwp%2Fv2%2Fcategories&post=8690"},{"taxonomy":"post_tag","embeddable":true,"href":"https:\/\/noticiarioregional.com.br\/index.php?rest_route=%2Fwp%2Fv2%2Ftags&post=8690"}],"curies":[{"name":"wp","href":"https:\/\/api.w.org\/{rel}","templated":true}]}}