{"id":8694,"date":"2026-02-26T08:54:03","date_gmt":"2026-02-26T11:54:03","guid":{"rendered":"https:\/\/noticiarioregional.com.br\/?p=8694"},"modified":"2026-02-26T08:54:04","modified_gmt":"2026-02-26T11:54:04","slug":"secretario-elenca-acoes-e-novidades-para-o-setor-da-saude-neste-inicio-de-ano","status":"publish","type":"post","link":"https:\/\/noticiarioregional.com.br\/?p=8694","title":{"rendered":"Secret\u00e1rio elenca a\u00e7\u00f5es e novidades para o setor da Sa\u00fade neste in\u00edcio de ano"},"content":{"rendered":"\n<p><strong>Ipor\u00e3 do Oeste \u2013<\/strong> No m\u00eas de fevereiro a secretaria de Sa\u00fade normalizou os atendimentos ap\u00f3s um per\u00edodo em que parte dos servidores estava de f\u00e9rias. O secret\u00e1rio, Oldair Schmitz, comenta que no final do ano foram mantidas duas das quatro equipes, por ser uma \u00e9poca com menos atendimentos e assim sendo poss\u00edvel aos profissionais aproveitarem suas f\u00e9rias.<\/p>\n\n\n\n<p>Oldair ressalta que a partir deste m\u00eas os pacientes que precisarem j\u00e1 podem realizar os exames de rotina, conforme o m\u00eas de anivers\u00e1rio. Tamb\u00e9m est\u00e3o ocorrendo as renova\u00e7\u00f5es com laborat\u00f3rios, cl\u00ednicas, com o CAPS de Monda\u00ed e a contratualiza\u00e7\u00e3o com o hospital de Ipor\u00e3 para quando necess\u00e1rio o profissional de enfermagem acompanhar o paciente no transporte para outro hospital. Nesse transporte o ve\u00edculo e o motorista s\u00e3o do munic\u00edpio, e o hospital disp\u00f5e do profissional.<\/p>\n\n\n\n<p>Al\u00e9m da equipe de profissionais da secretaria, Oldair ressalta que devido \u00e0 grande demanda s\u00e3o credenciados servi\u00e7os e profissionais terceirizados do munic\u00edpio e regi\u00e3o como dentista, fonoaudi\u00f3loga, pediatra, cardiologista, fisioterapeuta, nutricionista e psic\u00f3logo. Comenta que a busca tamb\u00e9m \u00e9 por atendimentos de psiquiatra e neurologista, em que atrav\u00e9s de credenciamento a secretaria objetiva atender a demanda de pacientes que h\u00e1 nesta \u00e1rea. A dificuldade tem sido a falta destes profissionais na regi\u00e3o.<\/p>\n\n\n\n<p>O secret\u00e1rio pede a contribui\u00e7\u00e3o dos pacientes para evitar gastos desnecess\u00e1rios na sa\u00fade, a exemplo da realiza\u00e7\u00e3o dos exames. Afirma que muitas vezes o paciente questiona o m\u00e9dico da sua \u00e1rea sobre o n\u00famero de exames liberados, mas, quem faz a avalia\u00e7\u00e3o sobre quais e quantos exames s\u00e3o necess\u00e1rios \u00e9 o profissional. &nbsp;Da mesma forma, orienta quanto ao uso correto dos medicamentos. No ano passado o secret\u00e1rio aponta que foram entregues quase quatro milh\u00f5es de medicamentos a popula\u00e7\u00e3o do munic\u00edpio, um n\u00famero considerado alto. Afirma que \u00e9 preciso avaliar cada caso e identificar se o paciente realmente precisa dessa carga de rem\u00e9dios que est\u00e1 usando.<\/p>\n\n\n\n<p>Na farm\u00e1cia b\u00e1sica do Centro de Sa\u00fade, os medicamentos do estado s\u00e3o liberados entre os dias 20 e 25 de cada m\u00eas, mas os agentes de sa\u00fade sempre avisam os pacientes. J\u00e1 os medicamentos cont\u00ednuos a retirada \u00e9 por livre demanda conforme o paciente precisa. \u00c9 necess\u00e1rio apresentar receita v\u00e1lida, e para retirada de antibi\u00f3tico e medicamentos controlados \u00e9 preciso apresentar o documento de identidade, e a libera\u00e7\u00e3o \u00e9 feita somente para maiores de idade.<\/p>\n\n\n\n<p>Na quest\u00e3o do transporte de pacientes, o secret\u00e1rio afirma que a demanda continua grande, com viagens di\u00e1rias para v\u00e1rios destinos. Comenta que na maioria das vezes \u00e9 preciso encaminhar apenas um paciente para cada uma das cidades, o que demanda de muitos ve\u00edculos e motoristas. Por m\u00eas, a m\u00e9dia sempre passa de 50 mil quil\u00f4metros percorridos com ve\u00edculos da secretaria, al\u00e9m dos terceirizados. Para renovar a frota, na \u00faltima semana a secretaria foi contemplada com uma nova ambul\u00e2ncia.<\/p>\n\n\n\n<p>Como coordenador da Defesa Civil, Oldair Schmitz tamb\u00e9m anuncia que o munic\u00edpio ser\u00e1 contemplado com um kit da Defesa Civil de Santa Catarina, que contempla um carro e um drone, al\u00e9m de um caminh\u00e3o pipa tamb\u00e9m recebido da Defesa Civil para os trabalhos no munic\u00edpio.<\/p>\n\n\n\n<p>Este ano o secret\u00e1rio cita que ser\u00e1 dado um foco maior para o treinamento dos profissionais, com curso de tr\u00eas dias j\u00e1 previsto em mar\u00e7o na cidade de Chapec\u00f3, e mais uma capacita\u00e7\u00e3o na metade do ano em Porto Alegre. Neste ano a secretaria tamb\u00e9m ir\u00e1 promover um treinamento interno com a equipe, em que durante uma sexta-feira por m\u00eas, o Centro de Sa\u00fade estar\u00e1 fechado por meio per\u00edodo para a qualifica\u00e7\u00e3o dos profissionais. Oldair refor\u00e7a que o objetivo \u00e9 sempre melhorar o atendimento aos pacientes.<\/p>\n","protected":false},"excerpt":{"rendered":"<p>Ipor\u00e3 do Oeste \u2013 No m\u00eas de fevereiro a secretaria de Sa\u00fade normalizou os atendimentos ap\u00f3s um per\u00edodo em que parte dos servidores estava de f\u00e9rias. O secret\u00e1rio, Oldair Schmitz, comenta que no final do ano foram mantidas duas das quatro equipes, por ser uma \u00e9poca com menos atendimentos e assim sendo poss\u00edvel aos profissionais<\/p>\n","protected":false},"author":1,"featured_media":8695,"comment_status":"open","ping_status":"open","sticky":false,"template":"","format":"standard","meta":{"footnotes":""},"categories":[41],"tags":[],"class_list":{"0":"post-8694","1":"post","2":"type-post","3":"status-publish","4":"format-standard","5":"has-post-thumbnail","7":"category-noticias"},"_links":{"self":[{"href":"https:\/\/noticiarioregional.com.br\/index.php?rest_route=\/wp\/v2\/posts\/8694","targetHints":{"allow":["GET"]}}],"collection":[{"href":"https:\/\/noticiarioregional.com.br\/index.php?rest_route=\/wp\/v2\/posts"}],"about":[{"href":"https:\/\/noticiarioregional.com.br\/index.php?rest_route=\/wp\/v2\/types\/post"}],"author":[{"embeddable":true,"href":"https:\/\/noticiarioregional.com.br\/index.php?rest_route=\/wp\/v2\/users\/1"}],"replies":[{"embeddable":true,"href":"https:\/\/noticiarioregional.com.br\/index.php?rest_route=%2Fwp%2Fv2%2Fcomments&post=8694"}],"version-history":[{"count":1,"href":"https:\/\/noticiarioregional.com.br\/index.php?rest_route=\/wp\/v2\/posts\/8694\/revisions"}],"predecessor-version":[{"id":8696,"href":"https:\/\/noticiarioregional.com.br\/index.php?rest_route=\/wp\/v2\/posts\/8694\/revisions\/8696"}],"wp:featuredmedia":[{"embeddable":true,"href":"https:\/\/noticiarioregional.com.br\/index.php?rest_route=\/wp\/v2\/media\/8695"}],"wp:attachment":[{"href":"https:\/\/noticiarioregional.com.br\/index.php?rest_route=%2Fwp%2Fv2%2Fmedia&parent=8694"}],"wp:term":[{"taxonomy":"category","embeddable":true,"href":"https:\/\/noticiarioregional.com.br\/index.php?rest_route=%2Fwp%2Fv2%2Fcategories&post=8694"},{"taxonomy":"post_tag","embeddable":true,"href":"https:\/\/noticiarioregional.com.br\/index.php?rest_route=%2Fwp%2Fv2%2Ftags&post=8694"}],"curies":[{"name":"wp","href":"https:\/\/api.w.org\/{rel}","templated":true}]}}