{"id":8697,"date":"2026-02-26T08:58:07","date_gmt":"2026-02-26T11:58:07","guid":{"rendered":"https:\/\/noticiarioregional.com.br\/?p=8697"},"modified":"2026-02-26T08:58:08","modified_gmt":"2026-02-26T11:58:08","slug":"patrolamento-e-limpeza-das-estradas-como-foco-dos-trabalhos-no-primeiro-semestre","status":"publish","type":"post","link":"https:\/\/noticiarioregional.com.br\/?p=8697","title":{"rendered":"Patrolamento e limpeza das estradas como foco dos trabalhos no primeiro semestre"},"content":{"rendered":"\n<p class=\"has-larger-font-size\"><em>Secret\u00e1rio elenca servi\u00e7os j\u00e1 realizados e planejamento do setor<\/em><\/p>\n\n\n\n<p><strong>S\u00e3o Jo\u00e3o do Oeste \u2013<\/strong> A falta de umidade, associada ao grande fluxo de m\u00e1quinas e ve\u00edculos no interior, prejudicou os trabalhos do setor de Transportes e Obras nos primeiros dois meses do ano. O secret\u00e1rio, Ernani Hoff, enfatiza que \u00e9 uma realidade enfrentada em todos os munic\u00edpios, sendo que o per\u00edodo seco de poucas chuvas dificultou o patrolamento das estradas, principalmente em trechos mais \u00edngremes.<\/p>\n\n\n\n<p>Ainda em janeiro, quando parte dos servidores estava de f\u00e9rias, o secret\u00e1rio ressalta que o foco foi a recupera\u00e7\u00e3o de trechos com maior necessidade. Cita as melhorias feitas na estrada na sa\u00edda da cidade, na propriedade de Fl\u00e1vio Weber, at\u00e9 a propriedade de Rem\u00eddio Wirth. Posteriormente estas melhorias seguem em dire\u00e7\u00e3o a Linha Henn e Cristo Rei, na sa\u00edda para o asfalto. Tamb\u00e9m para o primeiro semestre est\u00e1 prevista a recupera\u00e7\u00e3o do trecho em dire\u00e7\u00e3o as propriedades das fam\u00edlias Wolfarth e Steffen.<\/p>\n\n\n\n<figure class=\"wp-block-image size-large\"><img fetchpriority=\"high\" decoding=\"async\" width=\"1024\" height=\"683\" src=\"http:\/\/noticiarioregional.com.br\/wp-content\/uploads\/2026\/02\/Trecho-na-estrada-de-Ervalzinho-em-preparacao-para-o-asfaltamento-1024x683.jpg\" alt=\"\" class=\"wp-image-8699\" srcset=\"https:\/\/noticiarioregional.com.br\/wp-content\/uploads\/2026\/02\/Trecho-na-estrada-de-Ervalzinho-em-preparacao-para-o-asfaltamento-1024x683.jpg 1024w, https:\/\/noticiarioregional.com.br\/wp-content\/uploads\/2026\/02\/Trecho-na-estrada-de-Ervalzinho-em-preparacao-para-o-asfaltamento-300x200.jpg 300w, https:\/\/noticiarioregional.com.br\/wp-content\/uploads\/2026\/02\/Trecho-na-estrada-de-Ervalzinho-em-preparacao-para-o-asfaltamento-768x512.jpg 768w, https:\/\/noticiarioregional.com.br\/wp-content\/uploads\/2026\/02\/Trecho-na-estrada-de-Ervalzinho-em-preparacao-para-o-asfaltamento-1536x1024.jpg 1536w, https:\/\/noticiarioregional.com.br\/wp-content\/uploads\/2026\/02\/Trecho-na-estrada-de-Ervalzinho-em-preparacao-para-o-asfaltamento-2048x1365.jpg 2048w, https:\/\/noticiarioregional.com.br\/wp-content\/uploads\/2026\/02\/Trecho-na-estrada-de-Ervalzinho-em-preparacao-para-o-asfaltamento-150x100.jpg 150w, https:\/\/noticiarioregional.com.br\/wp-content\/uploads\/2026\/02\/Trecho-na-estrada-de-Ervalzinho-em-preparacao-para-o-asfaltamento-450x300.jpg 450w, https:\/\/noticiarioregional.com.br\/wp-content\/uploads\/2026\/02\/Trecho-na-estrada-de-Ervalzinho-em-preparacao-para-o-asfaltamento-1200x800.jpg 1200w\" sizes=\"(max-width: 1024px) 100vw, 1024px\" \/><figcaption class=\"wp-element-caption\">Trecho na estrada de Ervalzinho em prepara\u00e7\u00e3o para o asfaltamento.<\/figcaption><\/figure>\n\n\n\n<p>Aproveitando a falta de umidade, o secret\u00e1rio cita que foi feito o alargamento de uma estrada secund\u00e1ria na Linha Ervalzinho, que h\u00e1 v\u00e1rios anos n\u00e3o recebia manuten\u00e7\u00e3o. No trecho foi feita a retirada de curvas, <ins>o alargamento e coloca\u00e7\u00e3o de cascalho e bueiros.<\/ins><\/p>\n\n\n\n<p>Ernani enfatiza que um dos focos de trabalho da secretaria antes do inverno ser\u00e1 a limpeza das estradas, com ro\u00e7ada e alargamento. Com o retorno das chuvas mais frequentes, comenta que ser\u00e1 retomado o patrolamento, com duas m\u00e1quinas da prefeitura e mais uma terceirizada. At\u00e9 final de mar\u00e7o Ernani destaca que o objetivo \u00e9 concluir a primeira rodada de patrolamento contemplando todas as estradas, seguindo um roteiro pelas comunidades.<\/p>\n\n\n\n<figure class=\"wp-block-image size-large\"><img decoding=\"async\" width=\"1024\" height=\"683\" src=\"http:\/\/noticiarioregional.com.br\/wp-content\/uploads\/2026\/02\/Abertura-da-Rua-Sao-Cristovao-que-estava-ha-anos-sem-passagem-com-colocacao-de-tubos-e-posterior-cascalhamento-1024x683.jpg\" alt=\"\" class=\"wp-image-8700\" srcset=\"https:\/\/noticiarioregional.com.br\/wp-content\/uploads\/2026\/02\/Abertura-da-Rua-Sao-Cristovao-que-estava-ha-anos-sem-passagem-com-colocacao-de-tubos-e-posterior-cascalhamento-1024x683.jpg 1024w, https:\/\/noticiarioregional.com.br\/wp-content\/uploads\/2026\/02\/Abertura-da-Rua-Sao-Cristovao-que-estava-ha-anos-sem-passagem-com-colocacao-de-tubos-e-posterior-cascalhamento-300x200.jpg 300w, https:\/\/noticiarioregional.com.br\/wp-content\/uploads\/2026\/02\/Abertura-da-Rua-Sao-Cristovao-que-estava-ha-anos-sem-passagem-com-colocacao-de-tubos-e-posterior-cascalhamento-768x512.jpg 768w, https:\/\/noticiarioregional.com.br\/wp-content\/uploads\/2026\/02\/Abertura-da-Rua-Sao-Cristovao-que-estava-ha-anos-sem-passagem-com-colocacao-de-tubos-e-posterior-cascalhamento-1536x1024.jpg 1536w, https:\/\/noticiarioregional.com.br\/wp-content\/uploads\/2026\/02\/Abertura-da-Rua-Sao-Cristovao-que-estava-ha-anos-sem-passagem-com-colocacao-de-tubos-e-posterior-cascalhamento-2048x1365.jpg 2048w, https:\/\/noticiarioregional.com.br\/wp-content\/uploads\/2026\/02\/Abertura-da-Rua-Sao-Cristovao-que-estava-ha-anos-sem-passagem-com-colocacao-de-tubos-e-posterior-cascalhamento-150x100.jpg 150w, https:\/\/noticiarioregional.com.br\/wp-content\/uploads\/2026\/02\/Abertura-da-Rua-Sao-Cristovao-que-estava-ha-anos-sem-passagem-com-colocacao-de-tubos-e-posterior-cascalhamento-450x300.jpg 450w, https:\/\/noticiarioregional.com.br\/wp-content\/uploads\/2026\/02\/Abertura-da-Rua-Sao-Cristovao-que-estava-ha-anos-sem-passagem-com-colocacao-de-tubos-e-posterior-cascalhamento-1200x800.jpg 1200w\" sizes=\"(max-width: 1024px) 100vw, 1024px\" \/><figcaption class=\"wp-element-caption\">Abertura da Rua S\u00e3o Crist\u00f3v\u00e3o, que estava h\u00e1 anos sem passagem, com coloca\u00e7\u00e3o de tubos e posterior cascalhamento<\/figcaption><\/figure>\n\n\n\n<p>Em rela\u00e7\u00e3o aos servidores, o secret\u00e1rio ressalta que s\u00e3o tr\u00eas frentes de trabalho, sendo uma no patrolamento, uma nos acessos e mais uma no alargamento e transporte de cascalho. Al\u00e9m das m\u00e1quinas do munic\u00edpio, Ernani comenta que foram licitadas m\u00e1quinas terceirizadas para auxiliar e agilizar os servi\u00e7os, como rompedor, trator esteira<strong>, <\/strong>rolo compactador e patrola. Ainda com rela\u00e7\u00e3o ao parque de m\u00e1quinas, o secret\u00e1rio explica que a patrola que apresentou problemas no ano passado est\u00e1 em Chapec\u00f3, no aguardo de uma pe\u00e7a que vir\u00e1 do exterior. Comenta que o setor buscou resolver o problema com empresas da regi\u00e3o, mas, pelo fato da m\u00e1quina ser importada a pe\u00e7a ter\u00e1 que vir de fora, atrav\u00e9s de compra pelo Conder. A administra\u00e7\u00e3o solicitou ao governo do estado e tamb\u00e9m fez a inscri\u00e7\u00e3o no programa do governo federal para a aquisi\u00e7\u00e3o de uma nova patrola, uma girat\u00f3ria e um rolo compactador. Ernani afirma que o objetivo \u00e9 renovar o parque de m\u00e1quinas, considerando que a maioria delas est\u00e3o com anos de uso e o trabalho di\u00e1rio gera muito desgaste.<\/p>\n","protected":false},"excerpt":{"rendered":"<p>Secret\u00e1rio elenca servi\u00e7os j\u00e1 realizados e planejamento do setor S\u00e3o Jo\u00e3o do Oeste \u2013 A falta de umidade, associada ao grande fluxo de m\u00e1quinas e ve\u00edculos no interior, prejudicou os trabalhos do setor de Transportes e Obras nos primeiros dois meses do ano. O secret\u00e1rio, Ernani Hoff, enfatiza que \u00e9 uma realidade enfrentada em todos<\/p>\n","protected":false},"author":1,"featured_media":8698,"comment_status":"open","ping_status":"open","sticky":false,"template":"","format":"standard","meta":{"footnotes":""},"categories":[41],"tags":[],"class_list":{"0":"post-8697","1":"post","2":"type-post","3":"status-publish","4":"format-standard","5":"has-post-thumbnail","7":"category-noticias"},"_links":{"self":[{"href":"https:\/\/noticiarioregional.com.br\/index.php?rest_route=\/wp\/v2\/posts\/8697","targetHints":{"allow":["GET"]}}],"collection":[{"href":"https:\/\/noticiarioregional.com.br\/index.php?rest_route=\/wp\/v2\/posts"}],"about":[{"href":"https:\/\/noticiarioregional.com.br\/index.php?rest_route=\/wp\/v2\/types\/post"}],"author":[{"embeddable":true,"href":"https:\/\/noticiarioregional.com.br\/index.php?rest_route=\/wp\/v2\/users\/1"}],"replies":[{"embeddable":true,"href":"https:\/\/noticiarioregional.com.br\/index.php?rest_route=%2Fwp%2Fv2%2Fcomments&post=8697"}],"version-history":[{"count":1,"href":"https:\/\/noticiarioregional.com.br\/index.php?rest_route=\/wp\/v2\/posts\/8697\/revisions"}],"predecessor-version":[{"id":8701,"href":"https:\/\/noticiarioregional.com.br\/index.php?rest_route=\/wp\/v2\/posts\/8697\/revisions\/8701"}],"wp:featuredmedia":[{"embeddable":true,"href":"https:\/\/noticiarioregional.com.br\/index.php?rest_route=\/wp\/v2\/media\/8698"}],"wp:attachment":[{"href":"https:\/\/noticiarioregional.com.br\/index.php?rest_route=%2Fwp%2Fv2%2Fmedia&parent=8697"}],"wp:term":[{"taxonomy":"category","embeddable":true,"href":"https:\/\/noticiarioregional.com.br\/index.php?rest_route=%2Fwp%2Fv2%2Fcategories&post=8697"},{"taxonomy":"post_tag","embeddable":true,"href":"https:\/\/noticiarioregional.com.br\/index.php?rest_route=%2Fwp%2Fv2%2Ftags&post=8697"}],"curies":[{"name":"wp","href":"https:\/\/api.w.org\/{rel}","templated":true}]}}