{"id":8705,"date":"2026-02-26T09:17:58","date_gmt":"2026-02-26T12:17:58","guid":{"rendered":"https:\/\/noticiarioregional.com.br\/?p=8705"},"modified":"2026-02-26T09:17:59","modified_gmt":"2026-02-26T12:17:59","slug":"ipora-do-oeste-implanta-programa-municipal-de-compostagem-de-carcacas-de-animais-de-grande-porte","status":"publish","type":"post","link":"https:\/\/noticiarioregional.com.br\/?p=8705","title":{"rendered":"Ipor\u00e3 do Oeste implanta Programa Municipal de Compostagem de Carca\u00e7as de Animais de Grande Porte"},"content":{"rendered":"\n<p><strong>Ipor\u00e3 do Oeste \u2013 <\/strong>No in\u00edcio de 2025, a secretaria de Agricultura e o Conselho Municipal de Desenvolvimento Rural, CMDR, iniciaram as discuss\u00f5es e reuni\u00f5es para implanta\u00e7\u00e3o de uma estrat\u00e9gia com a finalidade de dar o destino correto as carca\u00e7as de animais grandes das propriedades rurais. Um dos modelos discutidos e apresentados pela EMBRAPA de Conc\u00f3rdia, \u00f3rg\u00e3o parceiro na implanta\u00e7\u00e3o da a\u00e7\u00e3o, \u00e9 o de compostagem dos animais de forma individual nas propriedades.<\/p>\n\n\n\n<p>A administra\u00e7\u00e3o elaborou ainda no ano passado o projeto de lei n\u00famero 41\/2025, que institui o Programa Municipal de Compostagem de Carca\u00e7as de Animais de Grande Porte, de car\u00e1ter permanente e com abrang\u00eancia em todo o territ\u00f3rio municipal, destinado ao manejo ambientalmente adequado das carca\u00e7as. Ap\u00f3s duas vota\u00e7\u00f5es no Legislativo, o projeto foi aprovado no in\u00edcio desta semana. Ainda no ano passado foram implantadas duas unidades de forma experimental nas propriedades das fam\u00edlias de Anderson Sehn, na Linha Schneiders, e de Jo\u00e3o Paulo Ritter, em Quilombo. Nestes locais, em v\u00e1rios momentos j\u00e1 foram realizadas visitas e encontros com a EMBRAPA, autoridades e profissionais da regi\u00e3o, para avaliar os resultados e apresentar o modelo.<\/p>\n\n\n\n<p>O secret\u00e1rio de Agricultura, Adriano Klein, explica que entre os objetivos do programa est\u00e3o eliminar a pr\u00e1tica do enterro ou descarte inadequado de carca\u00e7as de animais e reduzir os riscos sanit\u00e1rios e ambientais decorrentes da decomposi\u00e7\u00e3o indevida de carca\u00e7as, prevenindo a contamina\u00e7\u00e3o do solo e da \u00e1gua, a emiss\u00e3o de gases de efeito estufa e a dissemina\u00e7\u00e3o de doen\u00e7as entre animais e seres humanos.<\/p>\n\n\n\n<p>Conforme o secret\u00e1rio, a partir da regulamenta\u00e7\u00e3o do programa o munic\u00edpio ir\u00e1 estudar formas de incentivo aos produtores para a implanta\u00e7\u00e3o das composteiras, como subs\u00eddios econ\u00f4micos, fornecimento de insumos, linhas de cr\u00e9dito subsidiadas ou outros benef\u00edcios. Lembra que o servi\u00e7o de enterro das carca\u00e7as continuar\u00e1 sendo prestado pelo munic\u00edpio, e o produtor que desejar, pode optar tamb\u00e9m pela recolha das carca\u00e7as por empresa habilitada. O Programa Municipal de Compostagem prev\u00ea tamb\u00e9m parcerias com \u00f3rg\u00e3os como EMBRAPA, EPAGRI e CIDASC para capacita\u00e7\u00e3o dos produtores e acompanhamento na execu\u00e7\u00e3o das a\u00e7\u00f5es.<\/p>\n\n\n\n<p><strong>Unidades experimentais de compostagem<\/strong><\/p>\n\n\n\n<p>Na propriedade do produtor de leite, Anderson Sehn, na Linha Schneiders, a primeira carca\u00e7a bovina foi levada para a composteira em agosto de 2025. Desde ent\u00e3o, a unidade j\u00e1 recebeu sete animais de grande porte, todos identificadas com uma placa que indica o dia do enterro.<\/p>\n\n\n\n<p>Na pr\u00e1tica, o produtor explica que para a implanta\u00e7\u00e3o da unidade de compostagem foi feita a prepara\u00e7\u00e3o do terreno, considerando o espa\u00e7o necess\u00e1rio para manobras com as m\u00e1quinas, e respeitando as divisas definidas em lei de rios e propriedades vizinhas. Todo o local onde as carca\u00e7as s\u00e3o depositadas \u00e9 cercado. Assim que ocorre a morte de um animal, ele \u00e9 furado e colocado sobre 60 cent\u00edmetros de maravalha ou material semelhante, e coberto com mais 60 cent\u00edmetros de material.<\/p>\n\n\n\n<p>Em visita realizada no m\u00eas de dezembro na unidade de compostagem, por prefeitos e autoridades da regi\u00e3o, foi verificada a situa\u00e7\u00e3o de decomposi\u00e7\u00e3o da carca\u00e7a enterrada em agosto, sendo que 105 dias depois, havia apenas os ossos, quando o prazo estimado para chegar nesse ponto \u00e9 de 120 dias. Como o objetivo \u00e9 o aproveitamento do espa\u00e7o, assim que a carca\u00e7a se decomp\u00f5e, outras v\u00e3o sendo colocadas no local. Como forma de reduzir custos, o produtor passou a utilizar restos de silagem para cobrir as carca\u00e7as, o que tem se mostrado at\u00e9 mais eficaz que a maravalha. Pretende tamb\u00e9m fazer um teste com restos de feno, reaproveitando materiais da pr\u00f3pria propriedade.<\/p>\n\n\n\n<p>Anderson possui um plantel de cerca de 170 bovinos. A m\u00e9dia de mortalidade \u00e9 de tr\u00eas a quatro animais por ano. Para o munic\u00edpio e regi\u00e3o, \u00e9 considerado um grande produtor na atividade. Para ele, pelo porte de animais, o sistema de compostagem das carca\u00e7as tem se mostrado muito \u00fatil e eficaz, pois permite a destina\u00e7\u00e3o dos restos na pr\u00f3pria propriedade, o que reduz riscos sanit\u00e1rios. Al\u00e9m disso, afirma que a decomposi\u00e7\u00e3o n\u00e3o causa cheiros ou vazamentos.<\/p>\n\n\n\n<p>Assim como j\u00e1 acontece no caso de produtores de aves e de su\u00ednos, Anderson Sehn avalia que os produtores de leite tamb\u00e9m devem ser respons\u00e1veis pela destina\u00e7\u00e3o das carca\u00e7as, e considera que o maior benef\u00edcio que ter\u00e3o com isso, \u00e9 evitar a entrada de ve\u00edculos em suas propriedades para a recolha dos animais, o que pode representar riscos sanit\u00e1rios de contamina\u00e7\u00e3o de doen\u00e7as. A fam\u00edlia de Jo\u00e3o Paulo Ritter, da Linha Quilombo, tamb\u00e9m implementou uma unidade experimental de compostagem em novembro do ano passado. Desde essa data, at\u00e9 o momento s\u00e3o tr\u00eas animais enterrados. O produtor afirma que est\u00e1 satisfeito com o resultado obtido, pois est\u00e1 funcionando conforme foi apresentado. Avalia que a unidade de compostagem tem um custo-benef\u00edcio vi\u00e1vel, respeitando as leis ambientais.<\/p>\n","protected":false},"excerpt":{"rendered":"<p>Ipor\u00e3 do Oeste \u2013 No in\u00edcio de 2025, a secretaria de Agricultura e o Conselho Municipal de Desenvolvimento Rural, CMDR, iniciaram as discuss\u00f5es e reuni\u00f5es para implanta\u00e7\u00e3o de uma estrat\u00e9gia com a finalidade de dar o destino correto as carca\u00e7as de animais grandes das propriedades rurais. Um dos modelos discutidos e apresentados pela EMBRAPA de<\/p>\n","protected":false},"author":1,"featured_media":8706,"comment_status":"open","ping_status":"open","sticky":false,"template":"","format":"standard","meta":{"footnotes":""},"categories":[41],"tags":[],"class_list":{"0":"post-8705","1":"post","2":"type-post","3":"status-publish","4":"format-standard","5":"has-post-thumbnail","7":"category-noticias"},"_links":{"self":[{"href":"https:\/\/noticiarioregional.com.br\/index.php?rest_route=\/wp\/v2\/posts\/8705","targetHints":{"allow":["GET"]}}],"collection":[{"href":"https:\/\/noticiarioregional.com.br\/index.php?rest_route=\/wp\/v2\/posts"}],"about":[{"href":"https:\/\/noticiarioregional.com.br\/index.php?rest_route=\/wp\/v2\/types\/post"}],"author":[{"embeddable":true,"href":"https:\/\/noticiarioregional.com.br\/index.php?rest_route=\/wp\/v2\/users\/1"}],"replies":[{"embeddable":true,"href":"https:\/\/noticiarioregional.com.br\/index.php?rest_route=%2Fwp%2Fv2%2Fcomments&post=8705"}],"version-history":[{"count":1,"href":"https:\/\/noticiarioregional.com.br\/index.php?rest_route=\/wp\/v2\/posts\/8705\/revisions"}],"predecessor-version":[{"id":8707,"href":"https:\/\/noticiarioregional.com.br\/index.php?rest_route=\/wp\/v2\/posts\/8705\/revisions\/8707"}],"wp:featuredmedia":[{"embeddable":true,"href":"https:\/\/noticiarioregional.com.br\/index.php?rest_route=\/wp\/v2\/media\/8706"}],"wp:attachment":[{"href":"https:\/\/noticiarioregional.com.br\/index.php?rest_route=%2Fwp%2Fv2%2Fmedia&parent=8705"}],"wp:term":[{"taxonomy":"category","embeddable":true,"href":"https:\/\/noticiarioregional.com.br\/index.php?rest_route=%2Fwp%2Fv2%2Fcategories&post=8705"},{"taxonomy":"post_tag","embeddable":true,"href":"https:\/\/noticiarioregional.com.br\/index.php?rest_route=%2Fwp%2Fv2%2Ftags&post=8705"}],"curies":[{"name":"wp","href":"https:\/\/api.w.org\/{rel}","templated":true}]}}