{"id":8714,"date":"2026-02-26T09:23:38","date_gmt":"2026-02-26T12:23:38","guid":{"rendered":"https:\/\/noticiarioregional.com.br\/?p=8714"},"modified":"2026-02-26T09:23:39","modified_gmt":"2026-02-26T12:23:39","slug":"energia-solar-une-economia-financeira-e-sustentabilidade-nas-residencias","status":"publish","type":"post","link":"https:\/\/noticiarioregional.com.br\/?p=8714","title":{"rendered":"Energia solar une economia financeira e sustentabilidade nas resid\u00eancias"},"content":{"rendered":"\n<p class=\"has-larger-font-size\"><strong>\u00c9 hora de investir!<\/strong><\/p>\n\n\n\n<p><strong>S\u00e3o Jo\u00e3o do Oeste \u2013 <\/strong>A busca por economia na conta de luz tem levado cada vez mais fam\u00edlias do Oeste de Santa Catarina a investir em energia solar. Com quatro anos de atua\u00e7\u00e3o no mercado, o consultor Daniel Borin destaca que o momento \u00e9 um dos mais favor\u00e1veis para quem deseja produzir a pr\u00f3pria energia e se proteger dos constantes reajustes tarif\u00e1rios.<\/p>\n\n\n\n<p>Segundo o profissional, a tecnologia atual permite que muitas resid\u00eancias reduzam em at\u00e9 90% o valor pago mensalmente \u00e0 concession\u00e1ria. <em>\u201cHoje o cliente consegue instalar um sistema fotovoltaico, financiar e pagar uma parcela menor ou praticamente o mesmo valor que j\u00e1 gastava com a conta de luz. A diferen\u00e7a \u00e9 que esse pagamento tem prazo para acabar, enquanto a fatura tradicional s\u00f3 aumenta\u201d,<\/em> explica.<\/p>\n\n\n\n<p>Neste m\u00eas de fevereiro, Daniel Borin apresenta uma promo\u00e7\u00e3o de Carnaval com condi\u00e7\u00f5es diferenciadas: a possibilidade de come\u00e7ar a pagar somente ap\u00f3s 120 dias, parcelas que podem ficar mais baratas que a pr\u00f3pria conta de energia e brindes especiais para contratos fechados at\u00e9 21 de fevereiro. O objetivo da iniciativa \u00e9 atrair tanto moradores urbanos quanto fam\u00edlias do interior que buscam mais previsibilidade financeira.<\/p>\n\n\n\n<p>O trabalho oferecido pelo consultor inclui desde a an\u00e1lise do consumo, projeto t\u00e9cnico, instala\u00e7\u00e3o das placas solares, at\u00e9 servi\u00e7os de limpeza, manuten\u00e7\u00e3o e monitoramento completo do sistema. Tamb\u00e9m s\u00e3o disponibilizadas modalidades como energia solar por assinatura e investimento em usinas, ampliando as op\u00e7\u00f5es conforme o perfil de cada cliente.<\/p>\n\n\n\n<p><em>\u201cNosso foco \u00e9 entregar economia real e seguran\u00e7a. Acompanhamos todo o processo e permanecemos ao lado do cliente no p\u00f3s-venda, garantindo que o sistema produza o resultado esperado por muitos anos\u201d,<\/em> ressalta o consultor.<\/p>\n\n\n\n<p>Interessados em conhecer as condi\u00e7\u00f5es da promo\u00e7\u00e3o podem solicitar uma simula\u00e7\u00e3o gratuita pelo telefone (49) 99154-9555 ou pelo Instagram @daniel.borin, onde tamb\u00e9m est\u00e1 dispon\u00edvel o portf\u00f3lio de instala\u00e7\u00f5es j\u00e1 realizadas na regi\u00e3o.<\/p>\n","protected":false},"excerpt":{"rendered":"<p>\u00c9 hora de investir! S\u00e3o Jo\u00e3o do Oeste \u2013 A busca por economia na conta de luz tem levado cada vez mais fam\u00edlias do Oeste de Santa Catarina a investir em energia solar. Com quatro anos de atua\u00e7\u00e3o no mercado, o consultor Daniel Borin destaca que o momento \u00e9 um dos mais favor\u00e1veis para quem<\/p>\n","protected":false},"author":1,"featured_media":8715,"comment_status":"open","ping_status":"open","sticky":false,"template":"","format":"standard","meta":{"footnotes":""},"categories":[41],"tags":[],"class_list":{"0":"post-8714","1":"post","2":"type-post","3":"status-publish","4":"format-standard","5":"has-post-thumbnail","7":"category-noticias"},"_links":{"self":[{"href":"https:\/\/noticiarioregional.com.br\/index.php?rest_route=\/wp\/v2\/posts\/8714","targetHints":{"allow":["GET"]}}],"collection":[{"href":"https:\/\/noticiarioregional.com.br\/index.php?rest_route=\/wp\/v2\/posts"}],"about":[{"href":"https:\/\/noticiarioregional.com.br\/index.php?rest_route=\/wp\/v2\/types\/post"}],"author":[{"embeddable":true,"href":"https:\/\/noticiarioregional.com.br\/index.php?rest_route=\/wp\/v2\/users\/1"}],"replies":[{"embeddable":true,"href":"https:\/\/noticiarioregional.com.br\/index.php?rest_route=%2Fwp%2Fv2%2Fcomments&post=8714"}],"version-history":[{"count":1,"href":"https:\/\/noticiarioregional.com.br\/index.php?rest_route=\/wp\/v2\/posts\/8714\/revisions"}],"predecessor-version":[{"id":8716,"href":"https:\/\/noticiarioregional.com.br\/index.php?rest_route=\/wp\/v2\/posts\/8714\/revisions\/8716"}],"wp:featuredmedia":[{"embeddable":true,"href":"https:\/\/noticiarioregional.com.br\/index.php?rest_route=\/wp\/v2\/media\/8715"}],"wp:attachment":[{"href":"https:\/\/noticiarioregional.com.br\/index.php?rest_route=%2Fwp%2Fv2%2Fmedia&parent=8714"}],"wp:term":[{"taxonomy":"category","embeddable":true,"href":"https:\/\/noticiarioregional.com.br\/index.php?rest_route=%2Fwp%2Fv2%2Fcategories&post=8714"},{"taxonomy":"post_tag","embeddable":true,"href":"https:\/\/noticiarioregional.com.br\/index.php?rest_route=%2Fwp%2Fv2%2Ftags&post=8714"}],"curies":[{"name":"wp","href":"https:\/\/api.w.org\/{rel}","templated":true}]}}