{"id":8717,"date":"2026-02-26T09:25:18","date_gmt":"2026-02-26T12:25:18","guid":{"rendered":"https:\/\/noticiarioregional.com.br\/?p=8717"},"modified":"2026-02-26T09:25:19","modified_gmt":"2026-02-26T12:25:19","slug":"cdl-de-riqueza-empossa-nova-diretoria","status":"publish","type":"post","link":"https:\/\/noticiarioregional.com.br\/?p=8717","title":{"rendered":"CDL de Riqueza empossa nova diretoria"},"content":{"rendered":"\n<p>Na noite do dia 11 de fevereiro, a CDL de Riqueza realizou a solenidade de elei\u00e7\u00e3o e posse da nova diretoria que estar\u00e1 \u00e0 frente da entidade durante a gest\u00e3o 2026 a 2028.<\/p>\n\n\n\n<p>A nova diretoria ficou assim constitu\u00edda: presidente Daiane Miotto; vice-presidente Ana Laura Pereira; diretora-financeira Jayne Fonseca Cerutti; diretor-secret\u00e1rio Jandrei Gallon; diretor de SPC e outros servi\u00e7os Jacenir Cleisson Wille. O Conselho Fiscal \u00e9 composto por Larissa Regina Parisoto, Moacir Ant\u00f4nio Titon e Caroline Valduga, tendo como suplente Patr\u00edcia Albuquerque Concei\u00e7\u00e3o.<\/p>\n\n\n\n<p>Ao assumir a presid\u00eancia, Daiane Miotto destacou o compromisso da equipe em dar continuidade \u00e0s a\u00e7\u00f5es j\u00e1 desenvolvidas pela entidade, ao mesmo tempo em que pretende implementar novas iniciativas voltadas ao fortalecimento da classe empresarial. Segundo ela, a gest\u00e3o 2026 a 2028 ser\u00e1 pautada pelo di\u00e1logo, pela busca de parcerias e pela oferta de oportunidades que agreguem valor aos associados.<\/p>\n\n\n\n<figure class=\"wp-block-image size-large\"><img fetchpriority=\"high\" decoding=\"async\" width=\"1024\" height=\"768\" src=\"http:\/\/noticiarioregional.com.br\/wp-content\/uploads\/2026\/02\/Assembleia-ocorreu-no-dia-11-1024x768.jpeg\" alt=\"\" class=\"wp-image-8719\" srcset=\"https:\/\/noticiarioregional.com.br\/wp-content\/uploads\/2026\/02\/Assembleia-ocorreu-no-dia-11-1024x768.jpeg 1024w, https:\/\/noticiarioregional.com.br\/wp-content\/uploads\/2026\/02\/Assembleia-ocorreu-no-dia-11-300x225.jpeg 300w, https:\/\/noticiarioregional.com.br\/wp-content\/uploads\/2026\/02\/Assembleia-ocorreu-no-dia-11-768x576.jpeg 768w, https:\/\/noticiarioregional.com.br\/wp-content\/uploads\/2026\/02\/Assembleia-ocorreu-no-dia-11-1536x1152.jpeg 1536w, https:\/\/noticiarioregional.com.br\/wp-content\/uploads\/2026\/02\/Assembleia-ocorreu-no-dia-11-150x113.jpeg 150w, https:\/\/noticiarioregional.com.br\/wp-content\/uploads\/2026\/02\/Assembleia-ocorreu-no-dia-11-450x338.jpeg 450w, https:\/\/noticiarioregional.com.br\/wp-content\/uploads\/2026\/02\/Assembleia-ocorreu-no-dia-11-1200x900.jpeg 1200w, https:\/\/noticiarioregional.com.br\/wp-content\/uploads\/2026\/02\/Assembleia-ocorreu-no-dia-11.jpeg 1600w\" sizes=\"(max-width: 1024px) 100vw, 1024px\" \/><figcaption class=\"wp-element-caption\">Assembleia ocorreu no dia 11<\/figcaption><\/figure>\n\n\n\n<p>Em conversa com o Notici\u00e1rio Regional, Daiane detalhou os primeiros passos \u00e0 frente da CDL. \u201c<em>Temos v\u00e1rios planos, junto com a equipe, para os pr\u00f3ximos dois anos. Primeiramente, estamos fechando parceria para realizar uma super palestra para o Dia da Mulher, valorizando e incentivando o protagonismo feminino no com\u00e9rcio e na sociedade<\/em>\u201d, ressaltou a presidente.<\/p>\n\n\n\n<p>Outra prioridade anunciada \u00e9 a formaliza\u00e7\u00e3o de uma parceria para desenvolver um treinamento e curso de aperfei\u00e7oamento nas \u00e1reas de vendas, marketing e administrativo, direcionado \u00e0s empresas associadas. A proposta \u00e9 qualificar empreendedores e colaboradores, ampliando a competitividade do com\u00e9rcio local frente \u00e0s constantes transforma\u00e7\u00f5es do mercado.<\/p>\n\n\n\n<p>Entre as a\u00e7\u00f5es j\u00e1 confirmadas para o calend\u00e1rio de 2026 est\u00e1 o Feir\u00e3o da CDL, que acontecer\u00e1 nos dias 8, 9 e 10 de maio. &nbsp;No segundo semestre, a entidade promover\u00e1 novamente o Bingo da CDL, iniciativa que une entretenimento, integra\u00e7\u00e3o e fortalecimento institucional. E, como j\u00e1 \u00e9 tradi\u00e7\u00e3o, a promo\u00e7\u00e3o de final de ano contar\u00e1 com sorteio de pr\u00eamios, estimulando as compras no com\u00e9rcio local durante o per\u00edodo natalino. Al\u00e9m das atividades j\u00e1 previstas, a nova diretoria pretende ampliar o leque de benef\u00edcios aos associados. A inten\u00e7\u00e3o \u00e9 buscar novas parcerias ao longo de 2026, contemplando vantagens como consultas m\u00e9dicas, exames e outros servi\u00e7os que possam atender tanto os empres\u00e1rios quanto seus funcion\u00e1rios.<\/p>\n","protected":false},"excerpt":{"rendered":"<p>Na noite do dia 11 de fevereiro, a CDL de Riqueza realizou a solenidade de elei\u00e7\u00e3o e posse da nova diretoria que estar\u00e1 \u00e0 frente da entidade durante a gest\u00e3o 2026 a 2028. A nova diretoria ficou assim constitu\u00edda: presidente Daiane Miotto; vice-presidente Ana Laura Pereira; diretora-financeira Jayne Fonseca Cerutti; diretor-secret\u00e1rio Jandrei Gallon; diretor de<\/p>\n","protected":false},"author":1,"featured_media":8718,"comment_status":"open","ping_status":"open","sticky":false,"template":"","format":"standard","meta":{"footnotes":""},"categories":[41],"tags":[],"class_list":{"0":"post-8717","1":"post","2":"type-post","3":"status-publish","4":"format-standard","5":"has-post-thumbnail","7":"category-noticias"},"_links":{"self":[{"href":"https:\/\/noticiarioregional.com.br\/index.php?rest_route=\/wp\/v2\/posts\/8717","targetHints":{"allow":["GET"]}}],"collection":[{"href":"https:\/\/noticiarioregional.com.br\/index.php?rest_route=\/wp\/v2\/posts"}],"about":[{"href":"https:\/\/noticiarioregional.com.br\/index.php?rest_route=\/wp\/v2\/types\/post"}],"author":[{"embeddable":true,"href":"https:\/\/noticiarioregional.com.br\/index.php?rest_route=\/wp\/v2\/users\/1"}],"replies":[{"embeddable":true,"href":"https:\/\/noticiarioregional.com.br\/index.php?rest_route=%2Fwp%2Fv2%2Fcomments&post=8717"}],"version-history":[{"count":1,"href":"https:\/\/noticiarioregional.com.br\/index.php?rest_route=\/wp\/v2\/posts\/8717\/revisions"}],"predecessor-version":[{"id":8720,"href":"https:\/\/noticiarioregional.com.br\/index.php?rest_route=\/wp\/v2\/posts\/8717\/revisions\/8720"}],"wp:featuredmedia":[{"embeddable":true,"href":"https:\/\/noticiarioregional.com.br\/index.php?rest_route=\/wp\/v2\/media\/8718"}],"wp:attachment":[{"href":"https:\/\/noticiarioregional.com.br\/index.php?rest_route=%2Fwp%2Fv2%2Fmedia&parent=8717"}],"wp:term":[{"taxonomy":"category","embeddable":true,"href":"https:\/\/noticiarioregional.com.br\/index.php?rest_route=%2Fwp%2Fv2%2Fcategories&post=8717"},{"taxonomy":"post_tag","embeddable":true,"href":"https:\/\/noticiarioregional.com.br\/index.php?rest_route=%2Fwp%2Fv2%2Ftags&post=8717"}],"curies":[{"name":"wp","href":"https:\/\/api.w.org\/{rel}","templated":true}]}}