{"id":8721,"date":"2026-02-26T09:26:26","date_gmt":"2026-02-26T12:26:26","guid":{"rendered":"https:\/\/noticiarioregional.com.br\/?p=8721"},"modified":"2026-02-26T09:26:27","modified_gmt":"2026-02-26T12:26:27","slug":"cultivo-coberto-producao-em-estufa-garante-nova-fonte-de-renda","status":"publish","type":"post","link":"https:\/\/noticiarioregional.com.br\/?p=8721","title":{"rendered":"Cultivo coberto: produ\u00e7\u00e3o em estufa garante nova fonte de renda"},"content":{"rendered":"\n<p><strong>Caibi &#8211;<\/strong> Os produtores rurais Jo\u00e3o Pedro e Marlete Demarchi, moradores da comunidade de Linha Planaltina, encontraram na produ\u00e7\u00e3o de hortali\u00e7as em ambiente protegido uma alternativa concreta para diversificar a renda da fam\u00edlia e garantir maior estabilidade na propriedade. O investimento foi viabilizado com apoio t\u00e9cnico e incentivo da Epagri, dentro de programas do Governo do Estado voltados ao fortalecimento da agricultura familiar.<\/p>\n\n\n\n<p>A iniciativa come\u00e7ou a tomar forma em agosto de 2025, quando a fam\u00edlia deu entrada no projeto. A instala\u00e7\u00e3o da estrutura ocorreu em setembro, em um processo considerado r\u00e1pido pelos pr\u00f3prios produtores. Segundo eles, os tr\u00e2mites e a libera\u00e7\u00e3o dos recursos aconteceram em cerca de 30 a 40 dias, possibilitando que a produ\u00e7\u00e3o tivesse in\u00edcio ainda na primavera.<\/p>\n\n\n\n<p>O investimento total foi de aproximadamente R$ 100 mil, sendo cerca de R$ 50 mil obtidos por meio de incentivo p\u00fablico, com financiamento em condi\u00e7\u00f5es facilitadas e sem juros, o que tornou o projeto vi\u00e1vel para a realidade da propriedade, tendo a possibilidade de pagar o investimento em 10 anos.<\/p>\n\n\n\n<p>A ideia de trabalhar com produ\u00e7\u00e3o em estufa n\u00e3o surgiu de forma repentina. Jo\u00e3o Pedro relata que h\u00e1 cerca de 15 a 20 anos j\u00e1 pensava em investir em cultivo protegido, inspirado em experi\u00eancias de familiares e em informa\u00e7\u00f5es obtidas em cursos e visitas t\u00e9cnicas. Na \u00e9poca, por\u00e9m, as dificuldades de assist\u00eancia t\u00e9cnica e os riscos percebidos acabaram adiando o projeto.<\/p>\n\n\n\n<p>Ao longo da vida, a fam\u00edlia experimentou diversas atividades agr\u00edcolas, como produ\u00e7\u00e3o de leite, cultivo de milho, soja e fumo, al\u00e9m da cria\u00e7\u00e3o de gado de corte. Com o passar dos anos, algumas dessas atividades foram perdendo rentabilidade, levando os produtores a buscar novas alternativas.<\/p>\n\n\n\n<p>A decis\u00e3o definitiva veio ap\u00f3s novas orienta\u00e7\u00f5es t\u00e9cnicas e a constata\u00e7\u00e3o de que a produ\u00e7\u00e3o de verduras poderia garantir retorno mais r\u00e1pido e constante, especialmente com a possibilidade de cultivo durante todo o ano.<\/p>\n\n\n\n<p>A estrutura instalada possui 8 metros de largura por 30 metros de comprimento e abriga o sistema de produ\u00e7\u00e3o hidrop\u00f4nica. Atualmente, a estufa conta com cinco bancadas destinadas ao cultivo de alface e outras tr\u00eas utilizadas para r\u00facula, radite e agri\u00e3o, culturas escolhidas conforme a demanda do mercado local.<\/p>\n\n\n\n<p>A aceita\u00e7\u00e3o do produto superou as expectativas iniciais. Atualmente, a produ\u00e7\u00e3o \u00e9 comercializada em mercados, lanchonetes e diretamente aos consumidores, tanto na comunidade quanto em munic\u00edpios da regi\u00e3o. Em um \u00fanico s\u00e1bado, por exemplo, a fam\u00edlia chegou a vender cerca de 100 p\u00e9s de alface apenas para clientes locais.<\/p>\n\n\n\n<p>Al\u00e9m das vendas diretas, os produtores tamb\u00e9m estudam a possibilidade de ampliar a comercializa\u00e7\u00e3o por meio de cooperativas, contratos institucionais e fornecimento para a merenda escolar, o que poder\u00e1 garantir maior estabilidade e planejamento da produ\u00e7\u00e3o. Al\u00e9m das hortali\u00e7as cultivadas na estufa, a fam\u00edlia j\u00e1 iniciou o plantio de algumas culturas no solo, como repolho e couve-flor, buscando ampliar a variedade oferecida aos clientes. A experi\u00eancia tem mostrado que a diversifica\u00e7\u00e3o aumenta as oportunidades de venda e fortalece a rela\u00e7\u00e3o com o mercado.<\/p>\n","protected":false},"excerpt":{"rendered":"<p>Caibi &#8211; Os produtores rurais Jo\u00e3o Pedro e Marlete Demarchi, moradores da comunidade de Linha Planaltina, encontraram na produ\u00e7\u00e3o de hortali\u00e7as em ambiente protegido uma alternativa concreta para diversificar a renda da fam\u00edlia e garantir maior estabilidade na propriedade. O investimento foi viabilizado com apoio t\u00e9cnico e incentivo da Epagri, dentro de programas do Governo<\/p>\n","protected":false},"author":1,"featured_media":8722,"comment_status":"open","ping_status":"open","sticky":false,"template":"","format":"standard","meta":{"footnotes":""},"categories":[41],"tags":[],"class_list":{"0":"post-8721","1":"post","2":"type-post","3":"status-publish","4":"format-standard","5":"has-post-thumbnail","7":"category-noticias"},"_links":{"self":[{"href":"https:\/\/noticiarioregional.com.br\/index.php?rest_route=\/wp\/v2\/posts\/8721","targetHints":{"allow":["GET"]}}],"collection":[{"href":"https:\/\/noticiarioregional.com.br\/index.php?rest_route=\/wp\/v2\/posts"}],"about":[{"href":"https:\/\/noticiarioregional.com.br\/index.php?rest_route=\/wp\/v2\/types\/post"}],"author":[{"embeddable":true,"href":"https:\/\/noticiarioregional.com.br\/index.php?rest_route=\/wp\/v2\/users\/1"}],"replies":[{"embeddable":true,"href":"https:\/\/noticiarioregional.com.br\/index.php?rest_route=%2Fwp%2Fv2%2Fcomments&post=8721"}],"version-history":[{"count":1,"href":"https:\/\/noticiarioregional.com.br\/index.php?rest_route=\/wp\/v2\/posts\/8721\/revisions"}],"predecessor-version":[{"id":8723,"href":"https:\/\/noticiarioregional.com.br\/index.php?rest_route=\/wp\/v2\/posts\/8721\/revisions\/8723"}],"wp:featuredmedia":[{"embeddable":true,"href":"https:\/\/noticiarioregional.com.br\/index.php?rest_route=\/wp\/v2\/media\/8722"}],"wp:attachment":[{"href":"https:\/\/noticiarioregional.com.br\/index.php?rest_route=%2Fwp%2Fv2%2Fmedia&parent=8721"}],"wp:term":[{"taxonomy":"category","embeddable":true,"href":"https:\/\/noticiarioregional.com.br\/index.php?rest_route=%2Fwp%2Fv2%2Fcategories&post=8721"},{"taxonomy":"post_tag","embeddable":true,"href":"https:\/\/noticiarioregional.com.br\/index.php?rest_route=%2Fwp%2Fv2%2Ftags&post=8721"}],"curies":[{"name":"wp","href":"https:\/\/api.w.org\/{rel}","templated":true}]}}