{"id":8728,"date":"2026-02-26T10:28:31","date_gmt":"2026-02-26T13:28:31","guid":{"rendered":"https:\/\/noticiarioregional.com.br\/?p=8728"},"modified":"2026-02-26T10:28:32","modified_gmt":"2026-02-26T13:28:32","slug":"salmin-bar-e-lanches-celebra-seis-anos-de-historia-crescimento-e-clientela-fiel","status":"publish","type":"post","link":"https:\/\/noticiarioregional.com.br\/?p=8728","title":{"rendered":"Salmin Bar e Lanches celebra seis anos de hist\u00f3ria, crescimento e clientela fiel"},"content":{"rendered":"\n<p><strong>Riqueza &#8211;<\/strong> O Salmin Bar e Lanches comemorou, no dia 15 de dezembro, seis anos de atua\u00e7\u00e3o, marcados por trabalho familiar, crescimento gradual e uma clientela cada vez mais fiel. O estabelecimento \u00e9 administrado pelo casal Marlei Salmin e Jos\u00e9 Salmin, que relembram com orgulho o in\u00edcio simples do neg\u00f3cio e a trajet\u00f3ria constru\u00edda ao longo dos anos.<\/p>\n\n\n\n<p>A hist\u00f3ria do empreendimento come\u00e7ou em 2019, de forma modesta, com um pequeno carrinho de lanches medindo \u201cdois por dois\u201d. Foi ali que surgiu a ideia de investir no ramo aliment\u00edcio e atender a comunidade.<\/p>\n\n\n\n<p>Segundo os propriet\u00e1rios, o in\u00edcio foi desafiador, mas tamb\u00e9m motivador. Durante um per\u00edodo, o carrinho funcionou paralelamente a um bar, at\u00e9 que a demanda crescente levou \u00e0 decis\u00e3o de concentrar as atividades em um \u00fanico espa\u00e7o, ampliando a estrutura com cozinha e novos equipamentos. \u201c<em>Come\u00e7amos com bem pouquinha coisa mesmo. Teve dias em que vend\u00edamos apenas dez lanches. Hoje, em alguns fins de semana, chegamos a vender at\u00e9 130<\/em>\u201d, relatam os propriet\u00e1rios, destacando que n\u00e3o imaginavam alcan\u00e7ar essa propor\u00e7\u00e3o quando deram os primeiros passos.<\/p>\n\n\n\n<p>Atualmente, o estabelecimento oferece um card\u00e1pio variado, com op\u00e7\u00f5es como cheeseburguers, por\u00e7\u00f5es, past\u00e9is, torradas e espetinhos, al\u00e9m de uma ampla variedade de bebidas, atendendo diferentes prefer\u00eancias do p\u00fablico.<\/p>\n\n\n\n<p>O atendimento do bar ocorre diariamente. J\u00e1 os lanches s\u00e3o servidos de segunda a domingo, em hor\u00e1rios espec\u00edficos: ao meio-dia, das 11h \u00e0s 13h, e \u00e0 noite, das 18h \u00e0s 22h. Aos domingos, o servi\u00e7o de lanches acontece apenas no per\u00edodo noturno, a partir das 18h.<\/p>\n\n\n\n<p>O local tamb\u00e9m conta com servi\u00e7o de delivery, atendendo n\u00e3o apenas a cidade, mas tamb\u00e9m munic\u00edpios vizinhos e comunidades do interior, conforme a viabilidade de entrega. Os pedidos podem ser feitos pelo telefone (49) 99906-4666.<\/p>\n\n\n\n<p>Para os propriet\u00e1rios, um dos principais diferenciais do neg\u00f3cio est\u00e1 na busca constante por qualidade aliada a pre\u00e7os acess\u00edveis. Eles afirmam que a escolha dos produtos \u00e9 feita com cuidado, priorizando itens que tamb\u00e9m consumiriam em casa. \u201c<em>O que a gente n\u00e3o quer para a gente, n\u00e3o oferece para o cliente. Procuramos unir qualidade com pre\u00e7o bom, e o bom atendimento tamb\u00e9m \u00e9 fundamental<\/em>\u201d, destacam. Promo\u00e7\u00f5es peri\u00f3dicas tamb\u00e9m fazem parte da estrat\u00e9gia para atrair e fidelizar clientes, especialmente em datas ou per\u00edodos espec\u00edficos, conforme a disponibilidade de produtos.<\/p>\n\n\n\n<p>O crescimento do movimento tamb\u00e9m trouxe a necessidade de ampliar a equipe. O que come\u00e7ou apenas com o casal hoje envolve a participa\u00e7\u00e3o de familiares e quatro colaboradores, chegando a cerca de oito pessoas envolvidas no funcionamento do estabelecimento, especialmente nos fins de semana, quando a demanda \u00e9 maior.<\/p>\n\n\n\n<p>&nbsp;\u201c<em>A gente agradece a cada cliente, porque sem os clientes n\u00e3o somos nada. Sempre pensamos em melhorar, ouvir sugest\u00f5es e continuar trabalhando para atender bem<\/em>\u201d, afirmam.<\/p>\n","protected":false},"excerpt":{"rendered":"<p>Riqueza &#8211; O Salmin Bar e Lanches comemorou, no dia 15 de dezembro, seis anos de atua\u00e7\u00e3o, marcados por trabalho familiar, crescimento gradual e uma clientela cada vez mais fiel. O estabelecimento \u00e9 administrado pelo casal Marlei Salmin e Jos\u00e9 Salmin, que relembram com orgulho o in\u00edcio simples do neg\u00f3cio e a trajet\u00f3ria constru\u00edda ao<\/p>\n","protected":false},"author":1,"featured_media":8729,"comment_status":"open","ping_status":"open","sticky":false,"template":"","format":"standard","meta":{"footnotes":""},"categories":[41],"tags":[],"class_list":{"0":"post-8728","1":"post","2":"type-post","3":"status-publish","4":"format-standard","5":"has-post-thumbnail","7":"category-noticias"},"_links":{"self":[{"href":"https:\/\/noticiarioregional.com.br\/index.php?rest_route=\/wp\/v2\/posts\/8728","targetHints":{"allow":["GET"]}}],"collection":[{"href":"https:\/\/noticiarioregional.com.br\/index.php?rest_route=\/wp\/v2\/posts"}],"about":[{"href":"https:\/\/noticiarioregional.com.br\/index.php?rest_route=\/wp\/v2\/types\/post"}],"author":[{"embeddable":true,"href":"https:\/\/noticiarioregional.com.br\/index.php?rest_route=\/wp\/v2\/users\/1"}],"replies":[{"embeddable":true,"href":"https:\/\/noticiarioregional.com.br\/index.php?rest_route=%2Fwp%2Fv2%2Fcomments&post=8728"}],"version-history":[{"count":1,"href":"https:\/\/noticiarioregional.com.br\/index.php?rest_route=\/wp\/v2\/posts\/8728\/revisions"}],"predecessor-version":[{"id":8730,"href":"https:\/\/noticiarioregional.com.br\/index.php?rest_route=\/wp\/v2\/posts\/8728\/revisions\/8730"}],"wp:featuredmedia":[{"embeddable":true,"href":"https:\/\/noticiarioregional.com.br\/index.php?rest_route=\/wp\/v2\/media\/8729"}],"wp:attachment":[{"href":"https:\/\/noticiarioregional.com.br\/index.php?rest_route=%2Fwp%2Fv2%2Fmedia&parent=8728"}],"wp:term":[{"taxonomy":"category","embeddable":true,"href":"https:\/\/noticiarioregional.com.br\/index.php?rest_route=%2Fwp%2Fv2%2Fcategories&post=8728"},{"taxonomy":"post_tag","embeddable":true,"href":"https:\/\/noticiarioregional.com.br\/index.php?rest_route=%2Fwp%2Fv2%2Ftags&post=8728"}],"curies":[{"name":"wp","href":"https:\/\/api.w.org\/{rel}","templated":true}]}}