{"id":8738,"date":"2026-02-26T10:36:49","date_gmt":"2026-02-26T13:36:49","guid":{"rendered":"https:\/\/noticiarioregional.com.br\/?p=8738"},"modified":"2026-02-26T10:36:50","modified_gmt":"2026-02-26T13:36:50","slug":"governador-jorginho-mello-assina-ordem-de-servico-para-revitalizacao-da-rua-antas","status":"publish","type":"post","link":"https:\/\/noticiarioregional.com.br\/?p=8738","title":{"rendered":"Governador Jorginho Mello assina ordem de servi\u00e7o para revitaliza\u00e7\u00e3o da Rua Antas"},"content":{"rendered":"\n<p><strong>Monda\u00ed &#8211;<\/strong> Na tarde desta quarta-feira, 18, no Centro de Eventos da \u00c1rea de Lazer foi realizada uma solenidade hist\u00f3rica para o munic\u00edpio e para toda a regi\u00e3o do Extremo Oeste catarinense. Com a presen\u00e7a do governador de Santa Catarina, Jorginho Mello, foi assinada a ordem de servi\u00e7o para a revitaliza\u00e7\u00e3o da Rua Antas &#8211; SC-386, no trecho que compreende da Rodovi\u00e1ria at\u00e9 a Associa\u00e7\u00e3o Hospitalar Monda\u00ed, consolidando um dos investimentos mais aguardados pela comunidade. O evento reuniu prefeitos, vice-prefeitos, vereadores e lideran\u00e7as de diversos munic\u00edpios da regi\u00e3o, al\u00e9m da deputada federal Daniela Reinehr.<\/p>\n\n\n\n<p>Durante a solenidade, foi destacada a atua\u00e7\u00e3o do Governo do Estado por meio do programa Santa Catarina Levada a S\u00e9rio, que tem promovido uma rela\u00e7\u00e3o mais pr\u00f3xima com os munic\u00edpios, garantindo que os recursos estaduais se transformem em obras, equipamentos e servi\u00e7os que impactam diretamente a vida da popula\u00e7\u00e3o.<\/p>\n\n\n\n<figure class=\"wp-block-image size-large\"><img fetchpriority=\"high\" decoding=\"async\" width=\"1024\" height=\"683\" src=\"http:\/\/noticiarioregional.com.br\/wp-content\/uploads\/2026\/02\/Grande-1024x683.jpg\" alt=\"\" class=\"wp-image-8739\" srcset=\"https:\/\/noticiarioregional.com.br\/wp-content\/uploads\/2026\/02\/Grande-1024x683.jpg 1024w, https:\/\/noticiarioregional.com.br\/wp-content\/uploads\/2026\/02\/Grande-300x200.jpg 300w, https:\/\/noticiarioregional.com.br\/wp-content\/uploads\/2026\/02\/Grande-768x512.jpg 768w, https:\/\/noticiarioregional.com.br\/wp-content\/uploads\/2026\/02\/Grande-1536x1024.jpg 1536w, https:\/\/noticiarioregional.com.br\/wp-content\/uploads\/2026\/02\/Grande-2048x1365.jpg 2048w, https:\/\/noticiarioregional.com.br\/wp-content\/uploads\/2026\/02\/Grande-150x100.jpg 150w, https:\/\/noticiarioregional.com.br\/wp-content\/uploads\/2026\/02\/Grande-450x300.jpg 450w, https:\/\/noticiarioregional.com.br\/wp-content\/uploads\/2026\/02\/Grande-1200x800.jpg 1200w\" sizes=\"(max-width: 1024px) 100vw, 1024px\" \/><\/figure>\n\n\n\n<p>Em Monda\u00ed, os investimentos j\u00e1 realizados e os novos an\u00fancios somam quase R$ 21 milh\u00f5es, podendo chegar a aproximadamente R$ 30 milh\u00f5es com as contrapartidas da Administra\u00e7\u00e3o Municipal. Entre os equipamentos j\u00e1 entregues ao munic\u00edpio est\u00e3o uma retroescavadeira, um ve\u00edculo para a Defesa Civil e um \u00f4nibus escolar novo, expostos no local do evento para conhecimento da comunidade.<\/p>\n\n\n\n<p>Um v\u00eddeo institucional apresentado pela administra\u00e7\u00e3o municipal detalhou o conjunto de investimentos j\u00e1 executados e os que passam a ser formalizados a partir da assinatura dos atos.<\/p>\n\n\n\n<p>Al\u00e9m da revitaliza\u00e7\u00e3o da Rua Antas, o Governo do Estado anunciou um novo e expressivo pacote de a\u00e7\u00f5es para Monda\u00ed, com investimento aproximado de R$ 7 milh\u00f5es. Entre as iniciativas est\u00e3o:<\/p>\n\n\n\n<ul class=\"wp-block-list\">\n<li>Constru\u00e7\u00e3o da Arena Cultural Esportiva, com licita\u00e7\u00e3o prevista para a pr\u00f3xima semana, criando um novo espa\u00e7o para pr\u00e1tica esportiva, realiza\u00e7\u00e3o de eventos e fortalecimento das atividades culturais;<\/li>\n\n\n\n<li>Desassoreamento do Rio Capivara, medida estruturante para ampliar a capacidade de vaz\u00e3o, reduzir riscos de enchentes e garantir maior seguran\u00e7a \u00e0 popula\u00e7\u00e3o;<\/li>\n\n\n\n<li>Revitaliza\u00e7\u00e3o da Rua do Porto;<\/li>\n\n\n\n<li>Pavimenta\u00e7\u00e3o do Parque da \u00c1rea de Lazer, qualificando os espa\u00e7os urbanos e ampliando mobilidade, acessibilidade e valoriza\u00e7\u00e3o.<\/li>\n<\/ul>\n\n\n\n<p>J\u00e1 a revitaliza\u00e7\u00e3o do trecho urbano da SC-386 &#8211; Rua Antas, entre os entroncamentos com as SCs 163 e 283, contar\u00e1 com investimento superior a R$ 3 milh\u00f5es. A obra promete garantir mais seguran\u00e7a vi\u00e1ria, melhor fluidez no tr\u00e2nsito e maior efici\u00eancia log\u00edstica, fortalecendo a mobilidade e a integra\u00e7\u00e3o regional do Oeste catarinense.<\/p>\n\n\n\n<p>Em seu pronunciamento, o prefeito de Monda\u00ed, Elizandro Mainardi, destacou a import\u00e2ncia da presen\u00e7a do governador no munic\u00edpio e agradeceu o apoio do Governo do Estado. \u201c<em>Esse \u00e9 um evento que vai ficar na hist\u00f3ria por ter o nosso governador aqui, um governador que ajuda tanto o nosso munic\u00edpio e tantos outros. S\u00e3o mais de 20 milh\u00f5es, com a contrapartida da prefeitura chegando perto de 30 milh\u00f5es em investimentos<\/em>\u201d, afirmou.<\/p>\n\n\n\n<p>O prefeito ressaltou que, sem o aporte estadual, o munic\u00edpio n\u00e3o conseguiria manter investimentos robustos nas demais \u00e1reas. Segundo ele, Monda\u00ed aplica mais de 20% da arrecada\u00e7\u00e3o na sa\u00fade e mais de 25% na educa\u00e7\u00e3o, atendendo todas as pastas sem deixar nenhum setor para tr\u00e1s.<\/p>\n\n\n\n<p>Mainardi tamb\u00e9m enfatizou o papel da popula\u00e7\u00e3o e do setor produtivo. \u201c<em>Prefeitura n\u00e3o faz dinheiro, apenas administra o dinheiro das pessoas. Se hoje temos a maior renda per capita da Ameosc, n\u00e3o \u00e9 por causa do prefeito, mas porque aqui tem empres\u00e1rios que investem e um povo trabalhador<\/em>\u201d, declarou.<\/p>\n\n\n\n<p>Ele ainda destacou a import\u00e2ncia do trabalho conjunto entre os munic\u00edpios da regi\u00e3o, especialmente no fortalecimento do turismo e do desenvolvimento regional integrado.<\/p>\n\n\n\n<p>O governador Jorginho Mello iniciou sua fala destacando a alegria de estar em Monda\u00ed e refor\u00e7ou o orgulho pelo desempenho de Santa Catarina em diversos indicadores nacionais. \u201c<em>Dinheiro p\u00fablico n\u00e3o existe. O dinheiro \u00e9 de voc\u00eas. O Estado s\u00f3 arrecada e tem a obriga\u00e7\u00e3o de devolver em forma de servi\u00e7os e qualidade de vida<\/em>\u201d, afirmou.<\/p>\n\n\n\n<p>O governador destacou a\u00e7\u00f5es na sa\u00fade, como a realiza\u00e7\u00e3o de mais de 1,3 milh\u00e3o de cirurgias e a amplia\u00e7\u00e3o de leitos de UTI, al\u00e9m da inova\u00e7\u00e3o no pagamento de procedimentos hospitalares, chegando a pagar at\u00e9 12 vezes o valor da tabela do SUS, incentivando hospitais e m\u00e9dicos a ampliarem o atendimento.<\/p>\n\n\n\n<figure class=\"wp-block-image size-large\"><img decoding=\"async\" width=\"1024\" height=\"683\" src=\"http:\/\/noticiarioregional.com.br\/wp-content\/uploads\/2026\/02\/Pequenas-1-1024x683.jpg\" alt=\"\" class=\"wp-image-8740\" srcset=\"https:\/\/noticiarioregional.com.br\/wp-content\/uploads\/2026\/02\/Pequenas-1-1024x683.jpg 1024w, https:\/\/noticiarioregional.com.br\/wp-content\/uploads\/2026\/02\/Pequenas-1-300x200.jpg 300w, https:\/\/noticiarioregional.com.br\/wp-content\/uploads\/2026\/02\/Pequenas-1-768x512.jpg 768w, https:\/\/noticiarioregional.com.br\/wp-content\/uploads\/2026\/02\/Pequenas-1-1536x1024.jpg 1536w, https:\/\/noticiarioregional.com.br\/wp-content\/uploads\/2026\/02\/Pequenas-1-2048x1365.jpg 2048w, https:\/\/noticiarioregional.com.br\/wp-content\/uploads\/2026\/02\/Pequenas-1-150x100.jpg 150w, https:\/\/noticiarioregional.com.br\/wp-content\/uploads\/2026\/02\/Pequenas-1-450x300.jpg 450w, https:\/\/noticiarioregional.com.br\/wp-content\/uploads\/2026\/02\/Pequenas-1-1200x800.jpg 1200w\" sizes=\"(max-width: 1024px) 100vw, 1024px\" \/><\/figure>\n\n\n\n<p>Na educa\u00e7\u00e3o, enfatizou o compromisso com a valoriza\u00e7\u00e3o das escolas p\u00fablicas e com o acesso ao ensino superior gratuito. Segundo ele, o Estado j\u00e1 conta com 58 mil alunos beneficiados pelo programa de universidade gratuita, com milhares j\u00e1 formados e devolvendo ao Estado, por meio de presta\u00e7\u00e3o de servi\u00e7os, parte do investimento recebido.<\/p>\n\n\n\n<p>Jorginho Mello tamb\u00e9m citou o programa Estrada Boa, a amplia\u00e7\u00e3o da energia trif\u00e1sica no meio rural e a regulariza\u00e7\u00e3o ambiental das propriedades, com cadastramento para futura remunera\u00e7\u00e3o de produtores que preservam \u00e1reas ambientais. \u201c<em>Eu acredito que ajudar o munic\u00edpio \u00e9 transformar o Estado. Quanto melhor for o munic\u00edpio, melhor ser\u00e1 Santa Catarina<\/em>\u201d, pontuou.<\/p>\n","protected":false},"excerpt":{"rendered":"<p>Monda\u00ed &#8211; Na tarde desta quarta-feira, 18, no Centro de Eventos da \u00c1rea de Lazer foi realizada uma solenidade hist\u00f3rica para o munic\u00edpio e para toda a regi\u00e3o do Extremo Oeste catarinense. Com a presen\u00e7a do governador de Santa Catarina, Jorginho Mello, foi assinada a ordem de servi\u00e7o para a revitaliza\u00e7\u00e3o da Rua Antas &#8211;<\/p>\n","protected":false},"author":1,"featured_media":8741,"comment_status":"open","ping_status":"open","sticky":false,"template":"","format":"standard","meta":{"footnotes":""},"categories":[42,41],"tags":[],"class_list":{"0":"post-8738","1":"post","2":"type-post","3":"status-publish","4":"format-standard","5":"has-post-thumbnail","7":"category-destaque","8":"category-noticias"},"_links":{"self":[{"href":"https:\/\/noticiarioregional.com.br\/index.php?rest_route=\/wp\/v2\/posts\/8738","targetHints":{"allow":["GET"]}}],"collection":[{"href":"https:\/\/noticiarioregional.com.br\/index.php?rest_route=\/wp\/v2\/posts"}],"about":[{"href":"https:\/\/noticiarioregional.com.br\/index.php?rest_route=\/wp\/v2\/types\/post"}],"author":[{"embeddable":true,"href":"https:\/\/noticiarioregional.com.br\/index.php?rest_route=\/wp\/v2\/users\/1"}],"replies":[{"embeddable":true,"href":"https:\/\/noticiarioregional.com.br\/index.php?rest_route=%2Fwp%2Fv2%2Fcomments&post=8738"}],"version-history":[{"count":1,"href":"https:\/\/noticiarioregional.com.br\/index.php?rest_route=\/wp\/v2\/posts\/8738\/revisions"}],"predecessor-version":[{"id":8742,"href":"https:\/\/noticiarioregional.com.br\/index.php?rest_route=\/wp\/v2\/posts\/8738\/revisions\/8742"}],"wp:featuredmedia":[{"embeddable":true,"href":"https:\/\/noticiarioregional.com.br\/index.php?rest_route=\/wp\/v2\/media\/8741"}],"wp:attachment":[{"href":"https:\/\/noticiarioregional.com.br\/index.php?rest_route=%2Fwp%2Fv2%2Fmedia&parent=8738"}],"wp:term":[{"taxonomy":"category","embeddable":true,"href":"https:\/\/noticiarioregional.com.br\/index.php?rest_route=%2Fwp%2Fv2%2Fcategories&post=8738"},{"taxonomy":"post_tag","embeddable":true,"href":"https:\/\/noticiarioregional.com.br\/index.php?rest_route=%2Fwp%2Fv2%2Ftags&post=8738"}],"curies":[{"name":"wp","href":"https:\/\/api.w.org\/{rel}","templated":true}]}}