{"id":8743,"date":"2026-02-26T10:38:51","date_gmt":"2026-02-26T13:38:51","guid":{"rendered":"https:\/\/noticiarioregional.com.br\/?p=8743"},"modified":"2026-02-26T10:38:52","modified_gmt":"2026-02-26T13:38:52","slug":"fibromialgia-a-luta-diaria-de-classi-geib-e-a-mobilizacao-por-mais-atencao-aos-pacientes","status":"publish","type":"post","link":"https:\/\/noticiarioregional.com.br\/?p=8743","title":{"rendered":"Fibromialgia: a luta di\u00e1ria de Classi Geib e a mobiliza\u00e7\u00e3o por mais aten\u00e7\u00e3o aos pacientes"},"content":{"rendered":"\n<p><strong>Caibi &#8211;<\/strong> Desde 2022, a agricultora Classi Geib, moradora da La. Gl\u00f3ria, enfrenta uma rotina marcada por dores constantes, consultas frequentes e o desafio de conviver com a fibromialgia, uma doen\u00e7a cr\u00f4nica caracterizada por dores generalizadas, fadiga, dist\u00farbios do sono e outros sintomas que afetam significativamente a qualidade de vida.<\/p>\n\n\n\n<p>Segundo Classi, os primeiros sinais surgiram de forma gradual, inicialmente com dores nas m\u00e3os e nos bra\u00e7os, passando por problemas como tendinite e s\u00edndrome do t\u00fanel do carpo, que exigiram cirurgias. Com o passar do tempo, as dores se intensificaram e se espalharam pelo corpo, at\u00e9 que, ap\u00f3s uma s\u00e9rie de consultas e exames, veio o diagn\u00f3stico cl\u00ednico de fibromialgia. \u201c<em>Eu comecei a ir ao m\u00e9dico por causa das dores, e foi indo, indo, at\u00e9 que a m\u00e9dica disse que era fibromialgia. Hoje eu passo o dia com dor. Tem dias que parece que tem um caminh\u00e3o em cima de mim<\/em>\u201d, relata.<\/p>\n\n\n\n<p>A rotina de tratamento envolve diversos medicamentos para controle da dor, do sono, da ansiedade e de outras complica\u00e7\u00f5es associadas. Mesmo assim, o al\u00edvio nem sempre \u00e9 suficiente. \u201c<em>Eu tomo rem\u00e9dio, mas nada ajuda muito. E \u00e9 muito rem\u00e9dio, um ajuda uma coisa e prejudica outra. \u00c0s vezes a gente para porque n\u00e3o aguenta mais<\/em>\u201d, conta. Atualmente, Classi toma aproximadamente 15 comprimidos de rem\u00e9dios diferentes, diariamente, para controlar dores, ansiedade e para dormir.<\/p>\n\n\n\n<p>Al\u00e9m das dores, Classi relata limita\u00e7\u00f5es nas atividades di\u00e1rias. Caminhar, fazer tarefas dom\u00e9sticas ou at\u00e9 preparar refei\u00e7\u00f5es tornou-se um desafio. \u201c<em>Tem dias que eu n\u00e3o consigo nem terminar o almo\u00e7o. A dor caminha pelo corpo todo, nas pernas, nas m\u00e3os, nas costas. A gente tenta, mas chega uma hora que precisa deitar<\/em>\u201d, conta. A fibromialgia n\u00e3o afeta apenas o corpo, mas tamb\u00e9m o emocional. A doen\u00e7a pode causar ansiedade, depress\u00e3o e dificuldades para dormir, sintomas que tamb\u00e9m fazem parte da realidade de Clasi. \u201c<em>\u00c0s vezes a gente fica nervosa, chora, fica triste. N\u00e3o \u00e9 f\u00e1cil. Quem n\u00e3o sente a dor n\u00e3o imagina como \u00e9<\/em>\u201d, afirma. Ela destaca ainda a import\u00e2ncia do apoio familiar no enfrentamento da doen\u00e7a.<\/p>\n\n\n\n<div class=\"wp-block-group has-pale-cyan-blue-background-color has-background\"><div class=\"wp-block-group__inner-container is-layout-constrained wp-block-group-is-layout-constrained\">\n<p class=\"has-large-font-size\"><strong>Projeto de Lei busca melhorar atendimento aos pacientes<\/strong><\/p>\n\n\n\n<p>Diante de casos como o de Classi e de outros moradores do munic\u00edpio, a vereadora Edimara Conte Portes, do Progressistas, est\u00e1 elaborando um projeto de lei voltado ao atendimento de pessoas com fibromialgia.<\/p>\n\n\n\n<p>A proposta prev\u00ea a cria\u00e7\u00e3o de um fluxo organizado de atendimento na rede p\u00fablica de sa\u00fade, desde a triagem inicial at\u00e9 o encaminhamento m\u00e9dico e acesso a benef\u00edcios. O objetivo \u00e9 garantir que os pacientes tenham um caminho claro para diagn\u00f3stico, acompanhamento e tratamento.<\/p>\n\n\n\n<p>Entre as medidas previstas est\u00e3o: capacita\u00e7\u00e3o de profissionais da sa\u00fade para o atendimento de pacientes com fibromialgia; cria\u00e7\u00e3o de grupos de apoio e acompanhamento; oferta de terapias complementares, como auriculoterapia e outras pr\u00e1ticas integrativas j\u00e1 dispon\u00edveis nas unidades de sa\u00fade; facilita\u00e7\u00e3o no encaminhamento para especialistas e exames; organiza\u00e7\u00e3o de documenta\u00e7\u00e3o e orienta\u00e7\u00e3o para acesso a benef\u00edcios.<\/p>\n\n\n\n<p>Segundo a vereadora, o projeto tamb\u00e9m busca reduzir o preconceito e a falta de compreens\u00e3o sobre a doen\u00e7a, que muitas vezes n\u00e3o apresenta sinais vis\u00edveis, mas causa sofrimento intenso.<\/p>\n\n\n\n<p>Outra iniciativa em andamento \u00e9 a organiza\u00e7\u00e3o de pacientes para participa\u00e7\u00e3o em eventos e semin\u00e1rios sobre fibromialgia, onde m\u00e9dicos, especialistas e profissionais da \u00e1rea jur\u00eddica orientam sobre direitos, tratamentos e pol\u00edticas p\u00fablicas. A forma\u00e7\u00e3o de grupos locais tamb\u00e9m \u00e9 considerada fundamental para fortalecer a troca de experi\u00eancias e o apoio m\u00fatuo entre os pacientes.<\/p>\n<\/div><\/div>\n","protected":false},"excerpt":{"rendered":"<p>Caibi &#8211; Desde 2022, a agricultora Classi Geib, moradora da La. Gl\u00f3ria, enfrenta uma rotina marcada por dores constantes, consultas frequentes e o desafio de conviver com a fibromialgia, uma doen\u00e7a cr\u00f4nica caracterizada por dores generalizadas, fadiga, dist\u00farbios do sono e outros sintomas que afetam significativamente a qualidade de vida. Segundo Classi, os primeiros sinais<\/p>\n","protected":false},"author":1,"featured_media":8744,"comment_status":"open","ping_status":"open","sticky":false,"template":"","format":"standard","meta":{"footnotes":""},"categories":[41],"tags":[],"class_list":{"0":"post-8743","1":"post","2":"type-post","3":"status-publish","4":"format-standard","5":"has-post-thumbnail","7":"category-noticias"},"_links":{"self":[{"href":"https:\/\/noticiarioregional.com.br\/index.php?rest_route=\/wp\/v2\/posts\/8743","targetHints":{"allow":["GET"]}}],"collection":[{"href":"https:\/\/noticiarioregional.com.br\/index.php?rest_route=\/wp\/v2\/posts"}],"about":[{"href":"https:\/\/noticiarioregional.com.br\/index.php?rest_route=\/wp\/v2\/types\/post"}],"author":[{"embeddable":true,"href":"https:\/\/noticiarioregional.com.br\/index.php?rest_route=\/wp\/v2\/users\/1"}],"replies":[{"embeddable":true,"href":"https:\/\/noticiarioregional.com.br\/index.php?rest_route=%2Fwp%2Fv2%2Fcomments&post=8743"}],"version-history":[{"count":1,"href":"https:\/\/noticiarioregional.com.br\/index.php?rest_route=\/wp\/v2\/posts\/8743\/revisions"}],"predecessor-version":[{"id":8745,"href":"https:\/\/noticiarioregional.com.br\/index.php?rest_route=\/wp\/v2\/posts\/8743\/revisions\/8745"}],"wp:featuredmedia":[{"embeddable":true,"href":"https:\/\/noticiarioregional.com.br\/index.php?rest_route=\/wp\/v2\/media\/8744"}],"wp:attachment":[{"href":"https:\/\/noticiarioregional.com.br\/index.php?rest_route=%2Fwp%2Fv2%2Fmedia&parent=8743"}],"wp:term":[{"taxonomy":"category","embeddable":true,"href":"https:\/\/noticiarioregional.com.br\/index.php?rest_route=%2Fwp%2Fv2%2Fcategories&post=8743"},{"taxonomy":"post_tag","embeddable":true,"href":"https:\/\/noticiarioregional.com.br\/index.php?rest_route=%2Fwp%2Fv2%2Ftags&post=8743"}],"curies":[{"name":"wp","href":"https:\/\/api.w.org\/{rel}","templated":true}]}}