{"id":8746,"date":"2026-02-26T10:41:59","date_gmt":"2026-02-26T13:41:59","guid":{"rendered":"https:\/\/noticiarioregional.com.br\/?p=8746"},"modified":"2026-02-26T10:42:00","modified_gmt":"2026-02-26T13:42:00","slug":"escoteira-desenvolve-acao-social-em-prol-do-hospital-de-ipora-do-oeste","status":"publish","type":"post","link":"https:\/\/noticiarioregional.com.br\/?p=8746","title":{"rendered":"Escoteira desenvolve a\u00e7\u00e3o social em prol do Hospital de Ipor\u00e3 do Oeste"},"content":{"rendered":"\n<p class=\"has-text-align-center has-large-font-size\"><em>Com a venda de pulseiras e chaveiros, Manuela pretende arrecadar recursos para compra de brinquedos<\/em><\/p>\n\n\n\n<p><strong>Ipor\u00e3 do Oeste \u2013 <\/strong>A escoteira Manuela Schneiders, de 13 anos, moradora de Linha Letras, est\u00e1 desenvolvendo um projeto de a\u00e7\u00e3o comunit\u00e1ria, em que o objetivo \u00e9 a compra de brinquedos que ser\u00e3o doados ao hospital Nossa Senhora das Merc\u00eas. Como forma de arrecadar os recursos, Manuela est\u00e1 confeccionando pulseiras e chaveiros em macram\u00ea, e fazendo a venda no com\u00e9rcio local e diretamente a quem tiver interesse em ajudar. At\u00e9 o momento j\u00e1 foram produzidas 350 pe\u00e7as.<\/p>\n\n\n\n<p>Manuela conta que sempre gostou de fazer artesanato, e aproveitou o per\u00edodo de f\u00e9rias da escola para se dedicar mais a confec\u00e7\u00e3o das pulseiras e chaveiros, com a ajuda da m\u00e3e. O projeto tem dura\u00e7\u00e3o de tr\u00eas meses, com in\u00edcio em janeiro e conclus\u00e3o at\u00e9 final de mar\u00e7o. Quem tiver interesse tanto em comprar pe\u00e7as como em ajudar com mat\u00e9ria-prima pode entrar em contato com Manuela pelo n\u00famero (49) 9-9151-8561.<\/p>\n\n\n\n<figure class=\"wp-block-image size-large\"><img fetchpriority=\"high\" decoding=\"async\" width=\"1024\" height=\"683\" src=\"http:\/\/noticiarioregional.com.br\/wp-content\/uploads\/2026\/02\/Pulseiras-1024x683.jpg\" alt=\"\" class=\"wp-image-8748\" srcset=\"https:\/\/noticiarioregional.com.br\/wp-content\/uploads\/2026\/02\/Pulseiras-1024x683.jpg 1024w, https:\/\/noticiarioregional.com.br\/wp-content\/uploads\/2026\/02\/Pulseiras-300x200.jpg 300w, https:\/\/noticiarioregional.com.br\/wp-content\/uploads\/2026\/02\/Pulseiras-768x512.jpg 768w, https:\/\/noticiarioregional.com.br\/wp-content\/uploads\/2026\/02\/Pulseiras-1536x1024.jpg 1536w, https:\/\/noticiarioregional.com.br\/wp-content\/uploads\/2026\/02\/Pulseiras-2048x1365.jpg 2048w, https:\/\/noticiarioregional.com.br\/wp-content\/uploads\/2026\/02\/Pulseiras-150x100.jpg 150w, https:\/\/noticiarioregional.com.br\/wp-content\/uploads\/2026\/02\/Pulseiras-450x300.jpg 450w, https:\/\/noticiarioregional.com.br\/wp-content\/uploads\/2026\/02\/Pulseiras-1200x800.jpg 1200w\" sizes=\"(max-width: 1024px) 100vw, 1024px\" \/><\/figure>\n\n\n\n<p>O chefe escoteiro, Bertilo Bourscheidt, ressalta que a escoteira Manuela Schneiders se destaca pelas habilidades com o artesanato, sendo que em v\u00e1rios momentos j\u00e1 realizou a decora\u00e7\u00e3o de espa\u00e7os onde o Grupo Escoteiro Tup\u00e3 promoveu eventos. Comenta que com esta a\u00e7\u00e3o que a escoteira est\u00e1 desenvolvendo, busca tamb\u00e9m conquistar a ins\u00edgnia de a\u00e7\u00e3o comunit\u00e1ria, e a sua progress\u00e3o no ramo escoteiro.<\/p>\n\n\n\n<p>No ramo Lobinho Manuela j\u00e1 conquistou o Cruzeiro do Sul, e agora a meta \u00e9 a Lis de Ouro, a condecora\u00e7\u00e3o mais alta na tropa escoteira. <em>\u201cA Manuela \u00e9 uma escoteira que se destaca nessa \u00e1rea do artesanato, e apesar do pouco tempo no ramo, est\u00e1 em uma fase avan\u00e7ada e com certeza vai atingir mais esta conquista. Al\u00e9m de seu esfor\u00e7o e habilidades, \u00e9 importante refor\u00e7ar o apoio que a escoteira recebe de sua fam\u00edlia para a participa\u00e7\u00e3o e execu\u00e7\u00e3o das a\u00e7\u00f5es\u201d,<\/em> cita o chefe Bertilo.<\/p>\n","protected":false},"excerpt":{"rendered":"<p>Com a venda de pulseiras e chaveiros, Manuela pretende arrecadar recursos para compra de brinquedos Ipor\u00e3 do Oeste \u2013 A escoteira Manuela Schneiders, de 13 anos, moradora de Linha Letras, est\u00e1 desenvolvendo um projeto de a\u00e7\u00e3o comunit\u00e1ria, em que o objetivo \u00e9 a compra de brinquedos que ser\u00e3o doados ao hospital Nossa Senhora das Merc\u00eas.<\/p>\n","protected":false},"author":1,"featured_media":8747,"comment_status":"open","ping_status":"open","sticky":false,"template":"","format":"standard","meta":{"footnotes":""},"categories":[41],"tags":[],"class_list":{"0":"post-8746","1":"post","2":"type-post","3":"status-publish","4":"format-standard","5":"has-post-thumbnail","7":"category-noticias"},"_links":{"self":[{"href":"https:\/\/noticiarioregional.com.br\/index.php?rest_route=\/wp\/v2\/posts\/8746","targetHints":{"allow":["GET"]}}],"collection":[{"href":"https:\/\/noticiarioregional.com.br\/index.php?rest_route=\/wp\/v2\/posts"}],"about":[{"href":"https:\/\/noticiarioregional.com.br\/index.php?rest_route=\/wp\/v2\/types\/post"}],"author":[{"embeddable":true,"href":"https:\/\/noticiarioregional.com.br\/index.php?rest_route=\/wp\/v2\/users\/1"}],"replies":[{"embeddable":true,"href":"https:\/\/noticiarioregional.com.br\/index.php?rest_route=%2Fwp%2Fv2%2Fcomments&post=8746"}],"version-history":[{"count":1,"href":"https:\/\/noticiarioregional.com.br\/index.php?rest_route=\/wp\/v2\/posts\/8746\/revisions"}],"predecessor-version":[{"id":8749,"href":"https:\/\/noticiarioregional.com.br\/index.php?rest_route=\/wp\/v2\/posts\/8746\/revisions\/8749"}],"wp:featuredmedia":[{"embeddable":true,"href":"https:\/\/noticiarioregional.com.br\/index.php?rest_route=\/wp\/v2\/media\/8747"}],"wp:attachment":[{"href":"https:\/\/noticiarioregional.com.br\/index.php?rest_route=%2Fwp%2Fv2%2Fmedia&parent=8746"}],"wp:term":[{"taxonomy":"category","embeddable":true,"href":"https:\/\/noticiarioregional.com.br\/index.php?rest_route=%2Fwp%2Fv2%2Fcategories&post=8746"},{"taxonomy":"post_tag","embeddable":true,"href":"https:\/\/noticiarioregional.com.br\/index.php?rest_route=%2Fwp%2Fv2%2Ftags&post=8746"}],"curies":[{"name":"wp","href":"https:\/\/api.w.org\/{rel}","templated":true}]}}