{"id":8750,"date":"2026-02-26T10:49:03","date_gmt":"2026-02-26T13:49:03","guid":{"rendered":"https:\/\/noticiarioregional.com.br\/?p=8750"},"modified":"2026-02-26T10:49:06","modified_gmt":"2026-02-26T13:49:06","slug":"secretaria-de-agricultura-ajusta-os-ultimos-detalhes-para-a-realizacao-da-2a-exponobe","status":"publish","type":"post","link":"https:\/\/noticiarioregional.com.br\/?p=8750","title":{"rendered":"Secretaria de Agricultura ajusta os \u00faltimos detalhes para a realiza\u00e7\u00e3o da 2\u00aa Exponobe"},"content":{"rendered":"\n<p class=\"has-text-align-center has-larger-font-size\"><strong>19, 20 E 21 DE MAR\u00c7O<\/strong><\/p>\n\n\n\n<p><strong>Ipor\u00e3 do Oeste &#8211;<\/strong> A secretaria Municipal de Agricultura est\u00e1 finalizando os \u00faltimos preparativos para a 2\u00aa Exponobe, que acontecer\u00e1 entre os dias 19 e 21 de mar\u00e7o de 2026, no complexo localizado ao lado do EMEI. O evento promete movimentar o setor agropecu\u00e1rio e valorizar o trabalho desenvolvido pelos produtores do munic\u00edpio.<\/p>\n\n\n\n<p>A programa\u00e7\u00e3o inicia na quinta-feira, dia 19 de mar\u00e7o com uma tarde t\u00e9cnica voltada \u00e0 bovinocultura de leite. \u00c0s 13h, ser\u00e1 realizada a palestra \u201cNutri\u00e7\u00e3o no per\u00edodo de transi\u00e7\u00e3o de bovinos de leite\u201d, ministrada por Willian Maur\u00edcio Rodavelli. Na sequ\u00eancia, \u00e0s 14h30, a m\u00e9dica veterin\u00e1ria Priscila Flores Aguirre abordar\u00e1 o tema \u201cA import\u00e2ncia da fibra na alimenta\u00e7\u00e3o de bovinos leiteiros\u201d. O encerramento ocorre \u00e0s 16h, com coffee break para os participantes.<\/p>\n\n\n\n<p>Na sexta-feira, dia 20 de mar\u00e7o, o destaque ser\u00e1 a exposi\u00e7\u00e3o dos animais, organizada por categorias conforme idade, ra\u00e7a e crit\u00e9rios t\u00e9cnicos, evidenciando o cuidado, a gen\u00e9tica e o manejo adotados nas propriedades rurais do munic\u00edpio.<\/p>\n\n\n\n<p>J\u00e1 no s\u00e1bado, dia 21 de mar\u00e7o, acontece o desfile dos animais, seguido da premia\u00e7\u00e3o, momento aguardado pelos produtores e pelo p\u00fablico, que reconhece o trabalho, a dedica\u00e7\u00e3o e o potencial gen\u00e9tico apresentado na feira.<\/p>\n\n\n\n<p>O secret\u00e1rio de Agricultura, Adriano Klein, convida toda a popula\u00e7\u00e3o a prestigiar a Exponobe. Segundo ele, o evento \u00e9 uma oportunidade de aproxima\u00e7\u00e3o entre o campo e a comunidade, al\u00e9m de ser um espa\u00e7o onde os agricultores demonstram o alto n\u00edvel gen\u00e9tico dos rebanhos e a for\u00e7a da produ\u00e7\u00e3o rural do munic\u00edpio.<\/p>\n","protected":false},"excerpt":{"rendered":"<p>19, 20 E 21 DE MAR\u00c7O Ipor\u00e3 do Oeste &#8211; A secretaria Municipal de Agricultura est\u00e1 finalizando os \u00faltimos preparativos para a 2\u00aa Exponobe, que acontecer\u00e1 entre os dias 19 e 21 de mar\u00e7o de 2026, no complexo localizado ao lado do EMEI. O evento promete movimentar o setor agropecu\u00e1rio e valorizar o trabalho desenvolvido<\/p>\n","protected":false},"author":1,"featured_media":8751,"comment_status":"open","ping_status":"open","sticky":false,"template":"","format":"standard","meta":{"footnotes":""},"categories":[41],"tags":[],"class_list":{"0":"post-8750","1":"post","2":"type-post","3":"status-publish","4":"format-standard","5":"has-post-thumbnail","7":"category-noticias"},"_links":{"self":[{"href":"https:\/\/noticiarioregional.com.br\/index.php?rest_route=\/wp\/v2\/posts\/8750","targetHints":{"allow":["GET"]}}],"collection":[{"href":"https:\/\/noticiarioregional.com.br\/index.php?rest_route=\/wp\/v2\/posts"}],"about":[{"href":"https:\/\/noticiarioregional.com.br\/index.php?rest_route=\/wp\/v2\/types\/post"}],"author":[{"embeddable":true,"href":"https:\/\/noticiarioregional.com.br\/index.php?rest_route=\/wp\/v2\/users\/1"}],"replies":[{"embeddable":true,"href":"https:\/\/noticiarioregional.com.br\/index.php?rest_route=%2Fwp%2Fv2%2Fcomments&post=8750"}],"version-history":[{"count":1,"href":"https:\/\/noticiarioregional.com.br\/index.php?rest_route=\/wp\/v2\/posts\/8750\/revisions"}],"predecessor-version":[{"id":8752,"href":"https:\/\/noticiarioregional.com.br\/index.php?rest_route=\/wp\/v2\/posts\/8750\/revisions\/8752"}],"wp:featuredmedia":[{"embeddable":true,"href":"https:\/\/noticiarioregional.com.br\/index.php?rest_route=\/wp\/v2\/media\/8751"}],"wp:attachment":[{"href":"https:\/\/noticiarioregional.com.br\/index.php?rest_route=%2Fwp%2Fv2%2Fmedia&parent=8750"}],"wp:term":[{"taxonomy":"category","embeddable":true,"href":"https:\/\/noticiarioregional.com.br\/index.php?rest_route=%2Fwp%2Fv2%2Fcategories&post=8750"},{"taxonomy":"post_tag","embeddable":true,"href":"https:\/\/noticiarioregional.com.br\/index.php?rest_route=%2Fwp%2Fv2%2Ftags&post=8750"}],"curies":[{"name":"wp","href":"https:\/\/api.w.org\/{rel}","templated":true}]}}